{"id":544,"date":"2013-11-14T22:58:27","date_gmt":"2013-11-14T21:58:27","guid":{"rendered":"http:\/\/mukom.mondragon.edu\/ecoingenieria\/?p=544"},"modified":"2013-11-14T23:13:17","modified_gmt":"2013-11-14T22:13:17","slug":"mercado-electrico-reforma-energetica-energias-renovables-y-autoconsumo","status":"publish","type":"post","link":"https:\/\/mukom.mondragon.edu\/ingenieria-eco-tecnologias-industriales\/2013\/11\/14\/mercado-electrico-reforma-energetica-energias-renovables-y-autoconsumo\/","title":{"rendered":"Mercado el\u00e9ctrico, reforma energ\u00e9tica, energ\u00edas renovables y autoconsumo"},"content":{"rendered":"<h2>\u00abEl dilema\u00bb de ETB 2 debate sobre energ\u00eda<\/h2>\n<p style=\"text-align: justify\">Son temas que est\u00e1n a pie de calle y sobre los que muchas veces hablamos en nuestras conversaciones diarias. \u00bfCu\u00e1les son las necesidades presentas y futuras en el campo de la energ\u00eda? \u00bfCu\u00e1les son los factores determinantes a la hora de dise\u00f1ar el horizonte energ\u00e9tico para los pr\u00f3ximos a\u00f1os? \u00bfEl impulso de las renovables? \u00bfLograr una mayor eficiencia energ\u00e9tica?<\/p>\n<p style=\"text-align: justify\">El programa \u00abEl dilema\u00bb de ETB2 abord\u00f3 estas y otras cuestiones. Para ello, Fernando Garramiola, profesor de Mondragon Unibertsitatea en los grados de <a title=\"Grado en Ingenier\u00eda de la Energ\u00eda\" href=\"http:\/\/www.mondragon.edu\/es\/estudios\/grados\/ingenieria-de-la-energia\/\" target=\"_blank\">Energ\u00eda<\/a> y <a title=\"Grado de Ingenier\u00eda en Ecotecnolog\u00edas en Procesos Industriales\" href=\"http:\/\/www.mondragon.edu\/es\/estudios\/grados\/ingenieria-en-ecotecnologia-en-procesos-industriales\/\" target=\"_blank\">Ecotecnolog\u00edas<\/a>, y coordinador del <a title=\"M\u00e1ster Universitario de Energ\u00eda y Electr\u00f3nica de Potencia\" href=\"http:\/\/www.mondragon.edu\/es\/estudios\/master\/master-universitario-en-energia-y-electronica-de-potencia\/\" target=\"_blank\">M\u00e1ster de Energ\u00eda y Electr\u00f3nica de Potencia<\/a>, nos puso sobre la pista con algunos datos que quiz\u00e1s nos resulten sorpendetes o desconocidos. \u00bfSab\u00edais que la demanda de energ\u00eda primaria en los pa\u00edses europeos se ha estabilizado, y que son pa\u00edses emergentes como India o China los que est\u00e1n aumentando la demanda? \u00bfY que a pesar de que desde 2005 la demanda de energ\u00eda en Espa\u00f1a es constante, la potencia instalada ha aumentado con la instalaci\u00f3n de fuentes de generaci\u00f3n renovables, pero tambi\u00e9n de centrales de ciclo combinado?<\/p>\n<p style=\"text-align: justify\">Por otra parte, \u00bfsabemos cu\u00e1l es la situaci\u00f3n actual del mercado el\u00e9ctrico? \u00bfC\u00f3mo se fija el precio de la electricidad? \u00bfCu\u00e1nto de lo que pagamos en nuestra factura se debe a los costes de producci\u00f3n y distribuci\u00f3n de la energ\u00eda, y cuanto a otro tipo de peajes? \u00bfCu\u00e1les son las consecuencias de la reforma energ\u00e9tica planteada por el Gobierno? \u00bfEn qu\u00e9 situaci\u00f3n deja a los peque\u00f1os productores de energ\u00eda? \u00bfC\u00f3mo se ve afectado el autoconsumo? \u00bfY los grandes consumidores de energ\u00eda como la industria?<\/p>\n<p style=\"text-align: justify\">Distintos agentes y expertos se citan en este programa y ofrecen su versi\u00f3n de los hechos: grandes compa\u00f1\u00edas, consumidores, ecologistas, expertos en renovables, &#8230;<\/p>\n<p style=\"text-align: justify\"><object id=\"flashObj\" width=\"620\" height=\"440\" classid=\"clsid:D27CDB6E-AE6D-11cf-96B8-444553540000\" codebase=\"http:\/\/download.macromedia.com\/pub\/shockwave\/cabs\/flash\/swflash.cab#version=9,0,47,0\"><param name=\"movie\" value=\"http:\/\/c.brightcove.com\/services\/viewer\/federated_f9?isVid=1\" \/><param name=\"bgcolor\" value=\"#FFFFFF\" \/><param name=\"flashVars\" value=\"videoId=2829450257001&playerID=1052472069001&playerKey=AQ~~,AAAAF8Q-iyk~,FDoJSqZe3TR6MHYGnipbmxPnFodTmvml&domain=embed&dynamicStreaming=false&autoStart=false\" \/><param name=\"base\" value=\"http:\/\/admin.brightcove.com\" \/><param name=\"seamlesstabbing\" value=\"false\" \/><param name=\"allowFullScreen\" value=\"true\" \/><param name=\"swLiveConnect\" value=\"true\" \/><param name=\"allowScriptAccess\" value=\"always\" \/><embed src=\"http:\/\/c.brightcove.com\/services\/viewer\/federated_f9?isVid=1\" bgcolor=\"#FFFFFF\" flashVars=\"videoId=2829450257001&playerID=1052472069001&playerKey=AQ~~,AAAAF8Q-iyk~,FDoJSqZe3TR6MHYGnipbmxPnFodTmvml&domain=embed&dynamicStreaming=false&autoStart=false\" base=\"http:\/\/admin.brightcove.com\" name=\"flashObj\" width=\"620\" height=\"440\" seamlesstabbing=\"false\" type=\"application\/x-shockwave-flash\" allowFullScreen=\"true\" swLiveConnect=\"true\" allowScriptAccess=\"always\" pluginspage=\"http:\/\/www.macromedia.com\/shockwave\/download\/index.cgi?P1_Prod_Version=ShockwaveFlash\"><\/embed><\/object><\/p>\n","protected":false},"excerpt":{"rendered":"<p>\u00abEl dilema\u00bb de ETB 2 debate sobre energ\u00eda Son temas que est\u00e1n a pie de calle y sobre los que muchas veces hablamos en nuestras conversaciones diarias. \u00bfCu\u00e1les son las necesidades presentas y futuras en el campo de la energ\u00eda? \u00bfCu\u00e1les son los factores determinantes a la hora de dise\u00f1ar el horizonte energ\u00e9tico para los pr\u00f3ximos a\u00f1os? \u00bfEl impulso de las renovables? \u00bfLograr una mayor eficiencia energ\u00e9tica? El programa \u00abEl dilema\u00bb de ETB2 abord\u00f3 estas y otras cuestiones. Para ello, Fernando Garramiola, profesor de Mondragon Unibertsitatea en los grados de Energ\u00eda y Ecotecnolog\u00edas, y coordinador del M\u00e1ster de Energ\u00eda y Electr\u00f3nica de Potencia, nos puso sobre la pista con algunos datos que quiz\u00e1s nos resulten sorpendetes o desconocidos. \u00bfSab\u00edais que la demanda de energ\u00eda primaria en los pa\u00edses europeos se ha estabilizado, y que son pa\u00edses emergentes como India o..<\/p>\n","protected":false},"author":153,"featured_media":0,"comment_status":"open","ping_status":"open","sticky":false,"template":"","format":"standard","meta":[],"categories":[3,17],"tags":[23,8,46,48],"amp_enabled":true,"_links":{"self":[{"href":"https:\/\/mukom.mondragon.edu\/ingenieria-eco-tecnologias-industriales\/wp-json\/wp\/v2\/posts\/544"}],"collection":[{"href":"https:\/\/mukom.mondragon.edu\/ingenieria-eco-tecnologias-industriales\/wp-json\/wp\/v2\/posts"}],"about":[{"href":"https:\/\/mukom.mondragon.edu\/ingenieria-eco-tecnologias-industriales\/wp-json\/wp\/v2\/types\/post"}],"author":[{"embeddable":true,"href":"https:\/\/mukom.mondragon.edu\/ingenieria-eco-tecnologias-industriales\/wp-json\/wp\/v2\/users\/153"}],"replies":[{"embeddable":true,"href":"https:\/\/mukom.mondragon.edu\/ingenieria-eco-tecnologias-industriales\/wp-json\/wp\/v2\/comments?post=544"}],"version-history":[{"count":12,"href":"https:\/\/mukom.mondragon.edu\/ingenieria-eco-tecnologias-industriales\/wp-json\/wp\/v2\/posts\/544\/revisions"}],"predecessor-version":[{"id":550,"href":"https:\/\/mukom.mondragon.edu\/ingenieria-eco-tecnologias-industriales\/wp-json\/wp\/v2\/posts\/544\/revisions\/550"}],"wp:attachment":[{"href":"https:\/\/mukom.mondragon.edu\/ingenieria-eco-tecnologias-industriales\/wp-json\/wp\/v2\/media?parent=544"}],"wp:term":[{"taxonomy":"category","embeddable":true,"href":"https:\/\/mukom.mondragon.edu\/ingenieria-eco-tecnologias-industriales\/wp-json\/wp\/v2\/categories?post=544"},{"taxonomy":"post_tag","embeddable":true,"href":"https:\/\/mukom.mondragon.edu\/ingenieria-eco-tecnologias-industriales\/wp-json\/wp\/v2\/tags?post=544"}],"curies":[{"name":"wp","href":"https:\/\/api.w.org\/{rel}","templated":true}]}}