{"id":3032,"date":"2014-11-26T17:24:59","date_gmt":"2014-11-26T15:24:59","guid":{"rendered":"http:\/\/mukom.mondragon.edu\/ismu\/?p=3032"},"modified":"2014-11-26T18:24:00","modified_gmt":"2014-11-26T16:24:00","slug":"como-organizar-las-fotos","status":"publish","type":"post","link":"https:\/\/mukom.mondragon.edu\/ismu\/2014\/11\/26\/como-organizar-las-fotos\/","title":{"rendered":"\u00bfC\u00f3mo organizar las fotos?"},"content":{"rendered":"<p>Hace 2 semanas estuve en una formaci\u00f3n impartida por <a title=\"Blog en el que participa Jesus Lizarraga\" href=\"http:\/\/mukom.mondragon.edu\/socialmedia\/\">Jesus Lizarraga<\/a> en la que nos explicaba c\u00f3mo organizar las fotos. Esas fotos que con tanta facilidad sacamos y que posiblemente tengamos desperdigadas por nuestro ordenador. <a title=\"Ver presentaci\u00f3n de Jesus Lizarraga\" href=\"http:\/\/www.slideshare.net\/jl_picard\/gestion-de-fotos \">Ver Presentaci\u00f3n<\/a><br \/>\nMe pareci\u00f3 muy \u00fatil lo que nos ense\u00f1\u00f3, as\u00ed que voy a contar lo m\u00e1s interesante para que cada uno y cada una pueda usarlo o averiguar m\u00e1s al respecto.<\/p>\n<p>Lo primero que debemos tener en cuenta es que tener una estructura clara de c\u00f3mo ordenamos nuestras fotos nos facilitar\u00e1 la tarea. Para esto es recomendable tener las fotos\u00a0 en carpetas que indiquen tanto la fecha como el acontecimiento o motivo al que se refieren (ej.: 2013-07-21-Mgepeko_Txangoa).<\/p>\n<p>Una vez de que tengamos la estructura clara podemos renombrar tanto carpetas como ficheros, para esto seguro que existen muchas aplicaciones, incluso el mismo explorador de windows (windows+E) nos permite seleccionar un cjto de ficheros y darles un mismo nombre (teni\u00e9ndolos seleccionados pulsamos F2) al que le a\u00f1adir\u00e1 un n\u00famero secuencial entre par\u00e9ntesis, y si no nos gusta el resultado podemos deshacerlo con &#8216;crtl+z&#8217;.<br \/>\nAunque tener esto estructurado es preferible, no es necesario, ya que con la herramienta que Jesus propone, Picasa ( nos la propone porque es muy sencilla de utilizar), podemos organizar las fotos en la aplicaci\u00f3n aunque est\u00e9n desperdigadas por el disco.<\/p>\n<p>El objetivo \u00faltimo de Picasa es facilitar la compartici\u00f3n de \u00e1lbumes en la nube, pero nos podemos quedar con sus funcionalidades sin salirnos de nuestro ordenador, de forma que sea para nosotros una forma de crear \u00e1lbumes, presentaciones, buscar fotos de una persona concreta o evento concreto,&#8230; y siempre en nuestro \u00e1mbito privado sin que tengamos que valorar a qui\u00e9n dar permiso o no para ver nuestras fotos ya que seguir\u00e1n estando en nuestro equipo.<\/p>\n<p>Para usar Picasa debemos descargarlo e instalarlo en nuestro ordenador:<\/p>\n<p>&nbsp;<\/p>\n<dl class=\"wp-caption aligncenter\" id=\"\" style=\"width: 349px;\">\n<dt class=\"wp-caption-dt\"><\/dt>\n<dd class=\"wp-caption-dd\">Ir a picasa.google.com y descargar Picasa<\/dd>\n<\/dl>\n<div style=\"width: 511px\" class=\"wp-caption aligncenter\"><img loading=\"lazy\" alt=\"picasa.google.com\" src=\"http:\/\/farm8.staticflickr.com\/7487\/15689706630_cacc3236c0_b.jpg\" width=\"501\" height=\"349\" \/><p class=\"wp-caption-text\">Ir a Picasa.google.com y Descargar Picasa<\/p><\/div>\n<p><a href=\"https:\/\/support.google.com\/picasa\/answer\/157000?hl=es&amp;rd=1http:\/\/\">Ayuda de picasa <\/a><\/p>\n<p>Al instalarlo te preguntar\u00e1 si quieres hacer copias de seguridad, esto es una funcionalidad estupenda, pero debes tener en cuenta que esta copia estar\u00e1 en la nube y es tu decisi\u00f3n si permites a la herramienta que lo haga o no. El llevarlas a la nube no significa que sean p\u00fablicas.<\/p>\n<p>Para empezar a trabajar con Picasa lo primero que le indicas es d\u00f3nde tienes las fotos, y bien le puedes indicar las carpetas d\u00f3nde sabes que las tienes o indicarle en qu\u00e9 unidad de tu equipo quieres que las busque y sorprenderte de las fotos que almacenas y no lo recuerdas.<\/p>\n<p>Ahora est\u00e1s en Picasa y todo lo que hagas aqu\u00ed dentro, es independiente del almacenaje fisico de las fotos en tu equipo. Aqu\u00ed puedes renombrar las carpetas y las fotos, y dentro de Picasa las ver\u00e1s de esta forma pero fuera de Picasa, cuando navegues por tu equipo seguir\u00e1s teniendo los mismos nombres de antes de utilizarlo. Lo mismo ocurre si editas alguna foto, en Picasa la ver\u00e1s editada, cambiada, pero en tu ordenador seguir\u00e1 existiendo la imagen original que ten\u00edas, salvo que lo indiqu\u00e9s explicitamente.<\/p>\n<p>Con Picasa puedes:<\/p>\n<ul>\n<li>Editar y retocar fotos (los ojos rojos los corrige muy bien)<\/li>\n<li>Crear \u00e1lbumes con distintos objetivos. Una foto\u00a0 pertenecer\u00e1 a tantos \u00e1lbunes c\u00f3mo necesitemos.<\/li>\n<li>Preparar presentaciones de fotos con nuestros algunes, generar videos, &#8230;<\/li>\n<li>Identificar en una foto a una persona y despu\u00e9s buscar todas las fotos que tienes d\u00f3nde aparezca esta persona (espectacular!)<\/li>\n<li>A\u00f1adir etiquetas a fotos<\/li>\n<li>Compartir \u00e1lbumes<\/li>\n<li>Publicar \u00e1lbumes creados en la web<\/li>\n<li>Importar \u00e1lbumes<\/li>\n<li>Renombrar fotos,&#8230;<\/li>\n<\/ul>\n<p>En fin, como veis tiene muchas funcionalidades que nos pueden ayudar en la organizaci\u00f3n y\/o gesti\u00f3n\u00a0 de nuestras fotos.\u00a0 Si quieres puedes comentarnos como te ha ido con Picasa o si usas alguna otra herramienta.<\/p>\n<p>&nbsp;<\/p>\n<p>&nbsp;<\/p>\n","protected":false},"excerpt":{"rendered":"<p>Hace 2 semanas estuve en una formaci\u00f3n impartida por Jesus Lizarraga en la que nos explicaba c\u00f3mo organizar las fotos. Esas fotos que con tanta facilidad sacamos y que posiblemente tengamos desperdigadas por nuestro ordenador. Ver Presentaci\u00f3n Me pareci\u00f3 muy \u00fatil lo que nos ense\u00f1\u00f3, as\u00ed que voy a contar lo m\u00e1s interesante para que cada uno y cada una pueda usarlo o averiguar m\u00e1s al respecto. Lo primero que debemos tener en cuenta es que tener una estructura clara de c\u00f3mo ordenamos nuestras fotos nos facilitar\u00e1 la tarea. Para esto es recomendable tener las fotos\u00a0 en carpetas que indiquen tanto la fecha como el acontecimiento o motivo al que se refieren (ej.: 2013-07-21-Mgepeko_Txangoa). Una vez de que tengamos la estructura clara podemos renombrar tanto carpetas como ficheros, para esto seguro que existen muchas aplicaciones, incluso el mismo explorador de..<\/p>\n","protected":false},"author":52,"featured_media":0,"comment_status":"open","ping_status":"open","sticky":false,"template":"","format":"standard","meta":[],"categories":[1],"tags":[],"series":[],"yoast_head":"<!-- This site is optimized with the Yoast SEO plugin v19.8 - https:\/\/yoast.com\/wordpress\/plugins\/seo\/ -->\n<title>\u00bfC\u00f3mo organizar las fotos? - MUko Informazio Sistemak<\/title>\n<meta name=\"robots\" content=\"index, follow, max-snippet:-1, max-image-preview:large, max-video-preview:-1\" \/>\n<meta property=\"og:locale\" content=\"en_US\" \/>\n<meta property=\"og:type\" content=\"article\" \/>\n<meta property=\"og:title\" content=\"\u00bfC\u00f3mo organizar las fotos? - MUko Informazio Sistemak\" \/>\n<meta property=\"og:description\" content=\"Hace 2 semanas estuve en una formaci\u00f3n impartida por Jesus Lizarraga en la que nos explicaba c\u00f3mo organizar las fotos. Esas fotos que con tanta facilidad sacamos y que posiblemente tengamos desperdigadas por nuestro ordenador. Ver Presentaci\u00f3n Me pareci\u00f3 muy \u00fatil lo que nos ense\u00f1\u00f3, as\u00ed que voy a contar lo m\u00e1s interesante para que cada uno y cada una pueda usarlo o averiguar m\u00e1s al respecto. Lo primero que debemos tener en cuenta es que tener una estructura clara de c\u00f3mo ordenamos nuestras fotos nos facilitar\u00e1 la tarea. Para esto es recomendable tener las fotos\u00a0 en carpetas que indiquen tanto la fecha como el acontecimiento o motivo al que se refieren (ej.: 2013-07-21-Mgepeko_Txangoa). Una vez de que tengamos la estructura clara podemos renombrar tanto carpetas como ficheros, para esto seguro que existen muchas aplicaciones, incluso el mismo explorador de..\" \/>\n<meta property=\"og:url\" content=\"https:\/\/mukom.mondragon.edu\/ismu\/2014\/11\/26\/como-organizar-las-fotos\/\" \/>\n<meta property=\"og:site_name\" content=\"MUko Informazio Sistemak\" \/>\n<meta property=\"article:published_time\" content=\"2014-11-26T15:24:59+00:00\" \/>\n<meta property=\"article:modified_time\" content=\"2014-11-26T16:24:00+00:00\" \/>\n<meta property=\"og:image\" content=\"http:\/\/farm8.staticflickr.com\/7487\/15689706630_cacc3236c0_b.jpg\" \/>\n<meta name=\"author\" content=\"aaltuna\" \/>\n<meta name=\"twitter:card\" content=\"summary_large_image\" \/>\n<meta name=\"twitter:label1\" content=\"Written by\" \/>\n\t<meta name=\"twitter:data1\" content=\"aaltuna\" \/>\n\t<meta name=\"twitter:label2\" content=\"Est. reading time\" \/>\n\t<meta name=\"twitter:data2\" content=\"3 minutua\" \/>\n<script type=\"application\/ld+json\" class=\"yoast-schema-graph\">{\"@context\":\"https:\/\/schema.org\",\"@graph\":[{\"@type\":\"WebPage\",\"@id\":\"https:\/\/mukom.mondragon.edu\/ismu\/2014\/11\/26\/como-organizar-las-fotos\/\",\"url\":\"https:\/\/mukom.mondragon.edu\/ismu\/2014\/11\/26\/como-organizar-las-fotos\/\",\"name\":\"\u00bfC\u00f3mo organizar las fotos? - MUko Informazio Sistemak\",\"isPartOf\":{\"@id\":\"https:\/\/mukom.mondragon.edu\/ismu\/#website\"},\"datePublished\":\"2014-11-26T15:24:59+00:00\",\"dateModified\":\"2014-11-26T16:24:00+00:00\",\"author\":{\"@id\":\"https:\/\/mukom.mondragon.edu\/ismu\/#\/schema\/person\/9856f4a52ba1ef11cd9531f39e77657b\"},\"breadcrumb\":{\"@id\":\"https:\/\/mukom.mondragon.edu\/ismu\/2014\/11\/26\/como-organizar-las-fotos\/#breadcrumb\"},\"inLanguage\":\"eu\",\"potentialAction\":[{\"@type\":\"ReadAction\",\"target\":[\"https:\/\/mukom.mondragon.edu\/ismu\/2014\/11\/26\/como-organizar-las-fotos\/\"]}]},{\"@type\":\"BreadcrumbList\",\"@id\":\"https:\/\/mukom.mondragon.edu\/ismu\/2014\/11\/26\/como-organizar-las-fotos\/#breadcrumb\",\"itemListElement\":[{\"@type\":\"ListItem\",\"position\":1,\"name\":\"Home\",\"item\":\"https:\/\/mukom.mondragon.edu\/ismu\/\"},{\"@type\":\"ListItem\",\"position\":2,\"name\":\"\u00bfC\u00f3mo organizar las fotos?\"}]},{\"@type\":\"WebSite\",\"@id\":\"https:\/\/mukom.mondragon.edu\/ismu\/#website\",\"url\":\"https:\/\/mukom.mondragon.edu\/ismu\/\",\"name\":\"MUko Informazio Sistemak\",\"description\":\"MUko Informazio Sistemetakoen Taldeko Bloga\",\"potentialAction\":[{\"@type\":\"SearchAction\",\"target\":{\"@type\":\"EntryPoint\",\"urlTemplate\":\"https:\/\/mukom.mondragon.edu\/ismu\/?s={search_term_string}\"},\"query-input\":\"required name=search_term_string\"}],\"inLanguage\":\"eu\"},{\"@type\":\"Person\",\"@id\":\"https:\/\/mukom.mondragon.edu\/ismu\/#\/schema\/person\/9856f4a52ba1ef11cd9531f39e77657b\",\"name\":\"aaltuna\",\"image\":{\"@type\":\"ImageObject\",\"inLanguage\":\"eu\",\"@id\":\"https:\/\/mukom.mondragon.edu\/ismu\/#\/schema\/person\/image\/\",\"url\":\"https:\/\/secure.gravatar.com\/avatar\/2643c298533e35d8835c2c7c78808096?s=96&d=mm&r=g\",\"contentUrl\":\"https:\/\/secure.gravatar.com\/avatar\/2643c298533e35d8835c2c7c78808096?s=96&d=mm&r=g\",\"caption\":\"aaltuna\"},\"sameAs\":[\"https:\/\/www.mondragon.edu\/\"],\"url\":\"https:\/\/mukom.mondragon.edu\/ismu\/author\/aaltuna\/\"}]}<\/script>\n<!-- \/ Yoast SEO plugin. -->","yoast_head_json":{"title":"\u00bfC\u00f3mo organizar las fotos? - MUko Informazio Sistemak","robots":{"index":"index","follow":"follow","max-snippet":"max-snippet:-1","max-image-preview":"max-image-preview:large","max-video-preview":"max-video-preview:-1"},"og_locale":"en_US","og_type":"article","og_title":"\u00bfC\u00f3mo organizar las fotos? - MUko Informazio Sistemak","og_description":"Hace 2 semanas estuve en una formaci\u00f3n impartida por Jesus Lizarraga en la que nos explicaba c\u00f3mo organizar las fotos. Esas fotos que con tanta facilidad sacamos y que posiblemente tengamos desperdigadas por nuestro ordenador. Ver Presentaci\u00f3n Me pareci\u00f3 muy \u00fatil lo que nos ense\u00f1\u00f3, as\u00ed que voy a contar lo m\u00e1s interesante para que cada uno y cada una pueda usarlo o averiguar m\u00e1s al respecto. Lo primero que debemos tener en cuenta es que tener una estructura clara de c\u00f3mo ordenamos nuestras fotos nos facilitar\u00e1 la tarea. Para esto es recomendable tener las fotos\u00a0 en carpetas que indiquen tanto la fecha como el acontecimiento o motivo al que se refieren (ej.: 2013-07-21-Mgepeko_Txangoa). Una vez de que tengamos la estructura clara podemos renombrar tanto carpetas como ficheros, para esto seguro que existen muchas aplicaciones, incluso el mismo explorador de..","og_url":"https:\/\/mukom.mondragon.edu\/ismu\/2014\/11\/26\/como-organizar-las-fotos\/","og_site_name":"MUko Informazio Sistemak","article_published_time":"2014-11-26T15:24:59+00:00","article_modified_time":"2014-11-26T16:24:00+00:00","og_image":[{"url":"http:\/\/farm8.staticflickr.com\/7487\/15689706630_cacc3236c0_b.jpg"}],"author":"aaltuna","twitter_card":"summary_large_image","twitter_misc":{"Written by":"aaltuna","Est. reading time":"3 minutua"},"schema":{"@context":"https:\/\/schema.org","@graph":[{"@type":"WebPage","@id":"https:\/\/mukom.mondragon.edu\/ismu\/2014\/11\/26\/como-organizar-las-fotos\/","url":"https:\/\/mukom.mondragon.edu\/ismu\/2014\/11\/26\/como-organizar-las-fotos\/","name":"\u00bfC\u00f3mo organizar las fotos? - MUko Informazio Sistemak","isPartOf":{"@id":"https:\/\/mukom.mondragon.edu\/ismu\/#website"},"datePublished":"2014-11-26T15:24:59+00:00","dateModified":"2014-11-26T16:24:00+00:00","author":{"@id":"https:\/\/mukom.mondragon.edu\/ismu\/#\/schema\/person\/9856f4a52ba1ef11cd9531f39e77657b"},"breadcrumb":{"@id":"https:\/\/mukom.mondragon.edu\/ismu\/2014\/11\/26\/como-organizar-las-fotos\/#breadcrumb"},"inLanguage":"eu","potentialAction":[{"@type":"ReadAction","target":["https:\/\/mukom.mondragon.edu\/ismu\/2014\/11\/26\/como-organizar-las-fotos\/"]}]},{"@type":"BreadcrumbList","@id":"https:\/\/mukom.mondragon.edu\/ismu\/2014\/11\/26\/como-organizar-las-fotos\/#breadcrumb","itemListElement":[{"@type":"ListItem","position":1,"name":"Home","item":"https:\/\/mukom.mondragon.edu\/ismu\/"},{"@type":"ListItem","position":2,"name":"\u00bfC\u00f3mo organizar las fotos?"}]},{"@type":"WebSite","@id":"https:\/\/mukom.mondragon.edu\/ismu\/#website","url":"https:\/\/mukom.mondragon.edu\/ismu\/","name":"MUko Informazio Sistemak","description":"MUko Informazio Sistemetakoen Taldeko Bloga","potentialAction":[{"@type":"SearchAction","target":{"@type":"EntryPoint","urlTemplate":"https:\/\/mukom.mondragon.edu\/ismu\/?s={search_term_string}"},"query-input":"required name=search_term_string"}],"inLanguage":"eu"},{"@type":"Person","@id":"https:\/\/mukom.mondragon.edu\/ismu\/#\/schema\/person\/9856f4a52ba1ef11cd9531f39e77657b","name":"aaltuna","image":{"@type":"ImageObject","inLanguage":"eu","@id":"https:\/\/mukom.mondragon.edu\/ismu\/#\/schema\/person\/image\/","url":"https:\/\/secure.gravatar.com\/avatar\/2643c298533e35d8835c2c7c78808096?s=96&d=mm&r=g","contentUrl":"https:\/\/secure.gravatar.com\/avatar\/2643c298533e35d8835c2c7c78808096?s=96&d=mm&r=g","caption":"aaltuna"},"sameAs":["https:\/\/www.mondragon.edu\/"],"url":"https:\/\/mukom.mondragon.edu\/ismu\/author\/aaltuna\/"}]}},"amp_enabled":true,"_links":{"self":[{"href":"https:\/\/mukom.mondragon.edu\/ismu\/wp-json\/wp\/v2\/posts\/3032"}],"collection":[{"href":"https:\/\/mukom.mondragon.edu\/ismu\/wp-json\/wp\/v2\/posts"}],"about":[{"href":"https:\/\/mukom.mondragon.edu\/ismu\/wp-json\/wp\/v2\/types\/post"}],"author":[{"embeddable":true,"href":"https:\/\/mukom.mondragon.edu\/ismu\/wp-json\/wp\/v2\/users\/52"}],"replies":[{"embeddable":true,"href":"https:\/\/mukom.mondragon.edu\/ismu\/wp-json\/wp\/v2\/comments?post=3032"}],"version-history":[{"count":13,"href":"https:\/\/mukom.mondragon.edu\/ismu\/wp-json\/wp\/v2\/posts\/3032\/revisions"}],"predecessor-version":[{"id":3050,"href":"https:\/\/mukom.mondragon.edu\/ismu\/wp-json\/wp\/v2\/posts\/3032\/revisions\/3050"}],"wp:attachment":[{"href":"https:\/\/mukom.mondragon.edu\/ismu\/wp-json\/wp\/v2\/media?parent=3032"}],"wp:term":[{"taxonomy":"category","embeddable":true,"href":"https:\/\/mukom.mondragon.edu\/ismu\/wp-json\/wp\/v2\/categories?post=3032"},{"taxonomy":"post_tag","embeddable":true,"href":"https:\/\/mukom.mondragon.edu\/ismu\/wp-json\/wp\/v2\/tags?post=3032"},{"taxonomy":"series","embeddable":true,"href":"https:\/\/mukom.mondragon.edu\/ismu\/wp-json\/wp\/v2\/series?post=3032"}],"curies":[{"name":"wp","href":"https:\/\/api.w.org\/{rel}","templated":true}]}}