{"id":3178,"date":"2015-04-21T22:32:08","date_gmt":"2015-04-21T20:32:08","guid":{"rendered":"http:\/\/mukom.mondragon.edu\/ismu\/?p=3178"},"modified":"2015-04-21T22:38:15","modified_gmt":"2015-04-21T20:38:15","slug":"encuentro-eegapps","status":"publish","type":"post","link":"https:\/\/mukom.mondragon.edu\/ismu\/2015\/04\/21\/encuentro-eegapps\/","title":{"rendered":"Encuentro EEGapps"},"content":{"rendered":"<p style=\"text-align: justify\">La semana pasada, varios miembros del \u00e1rea de Sistemas de Informaci\u00f3n asistimos al &#8220;IV Encuentro EEGapps (Educaci\u00f3n Euskadi Google Apps)&#8221; celebrado en el Parque Tecnol\u00f3gico de San Sebasti\u00e1n. Antes de nada, aprovecho este post para felicitar a los art\u00edfices del mismo, EASO Politeknikoa y la Viceconsejer\u00eda de Formaci\u00f3n Profesional del Departamento de Educaci\u00f3n, Pol\u00edtica Ling\u00fc\u00edstica y Cultura del Gobierno Vasco por la excelente organizaci\u00f3n y multitudinaria asistencia.<\/p>\n<p style=\"text-align: justify\">Tras la bienvenida inicial, result\u00f3 muy interesante escuchar a Jorge Ar\u00e9valo hablando sobre las competencias digitales necesarias para la vida y el empleo. Sin duda algunas de las frases planteadas nos deben llevar a una reflexi\u00f3n profunda sobre el papel que tendr\u00e1 la formaci\u00f3n tras la crisis. Entre ellas destacar\u00eda las siguientes:<\/p>\n<ul style=\"text-align: justify\">\n<li>&#8220;El mundo antes y despu\u00e9s de la crisis ser\u00e1 diferente, en gran medida debido a la tecnolog\u00eda.&#8221;<\/li>\n<li>&#8220;El crecimiento se basar\u00e1 en la educaci\u00f3n.&#8221;<\/li>\n<li>&#8220;Debemos preparar a las personas para que hagan lo que no pueden hacer las m\u00e1quinas.&#8221;<\/li>\n<\/ul>\n<p style=\"text-align: justify\">Posteriormente, Jorge Campanillas, hizo un repaso a todos los aspectos legales que rodean a Google Apps. Fue tranquilizador escuchar que Google cumple el US-EU Safe Harbor que ayuda a garantizar la seguridad de los datos del alumno seg\u00fan las directivas europeas y por lo tanto el cumplimiento de la LOPD. Asimismo, fue interesante ver las diferencias del tratamiento de la propiedad intelectual de las cuentas de Google Apps for Education (cuentas profesionales) y de las cuentas personales.<\/p>\n<p style=\"text-align: justify\">Como \u00faltima conferencia plenaria, v\u00eda Hangout (por supuesto), Marc Sanz L\u00f3pez, de Google Apps for Education, repas\u00f3 las bondades de la caja de herramientas que ofrece Google desde hace 9 a\u00f1os a los centros de educaci\u00f3n. Nos inform\u00f3 que toda la herramienta ser\u00e1 traducida a euskera (aunque no exista fecha prevista) y coment\u00f3 que Google Classroom incorporar\u00e1 en breve un gran n\u00famero de novedades.<\/p>\n<p style=\"text-align: justify\">Tras estas presentaciones lleg\u00f3 el turno a los talleres y las experiencias de los centros. Resulta enriquecedor ver la variedad de utilidades que han encontrado los centros para aplicar las herramientas de Google. Por destacar algunas:<\/p>\n<ul style=\"text-align: justify\">\n<li>Elaboraci\u00f3n y gesti\u00f3n del cuaderno del profesor y\/o del alumno.<\/li>\n<li>Creaci\u00f3n y gesti\u00f3n de los programas de las asignaturas.<\/li>\n<li>Gesti\u00f3n colaborativa de la informaci\u00f3n de un proyecto.<\/li>\n<li>Personalizaci\u00f3n de la formaci\u00f3n.<\/li>\n<li>Apoyo en la docencia en el aula.<\/li>\n<li>Gesti\u00f3n de la agenda personal.<\/li>\n<li>Creaci\u00f3n de contenido educativo.<\/li>\n<li>Almacenamiento de informaci\u00f3n.<\/li>\n<li>Apoyo en la evaluaci\u00f3n y recogida de datos.<\/li>\n<li>Generaci\u00f3n de informaci\u00f3n de apoyo mediante p\u00e1ginas web.<\/li>\n<li>Gesti\u00f3n de la informaci\u00f3n acad\u00e9mica del centro.<\/li>\n<li>&#8230;<\/li>\n<\/ul>\n<p style=\"text-align: justify\">Evidentemente, a todas estas posibilidades debemos sumar el correo electr\u00f3nico, sin duda, la herramienta que facilit\u00f3 la entrada de Google en muchos centros educativos.<\/p>\n<p style=\"text-align: justify\">A continuaci\u00f3n puedes acceder al v\u00eddeo completo del encuentro:<\/p>\n<div class=\"mceItemEmbedly\" style=\"overflow: hidden;overflow:hidden\" data-ajax=\"{'url':'https:\/\/www.youtube.com\/watch?v=DDLXUUPer3g#t=771','width':'400','words':null,'height':'300','embed':'&lt;div class=\\&quot;embedly\\&quot; style=\\&quot;position:relative; \\&quot;&gt;&lt;iframe class=\\&quot;embedly-embed\\&quot; src=\\&quot;\/\/cdn.embedly.com\/widgets\/media.html?src=http%3A%2F%2Fwww.youtube.com%2Fembed%2FDDLXUUPer3g%3Ffeature%3Doembed%26start%3D771&amp;url=https%3A%2F%2Fwww.youtube.com%2Fwatch%3Fv%3DDDLXUUPer3g&amp;image=http%3A%2F%2Fi.ytimg.com%2Fvi%2FDDLXUUPer3g%2Fhqdefault.jpg&amp;key=9a959088b483486586e23a2f6b9facf9&amp;type=text%2Fhtml&amp;schema=youtube\\&quot; width=\\&quot;400\\&quot; height=\\&quot;225\\&quot; scrolling=\\&quot;no\\&quot; frameborder=\\&quot;0\\&quot; allowfullscreen&gt;&lt;\/iframe&gt;&lt;div class=\\&quot;media-attribution\\&quot;&gt;&lt;span&gt;via &lt;\/span&gt;           &lt;img class=\\&quot;embedly-favicon\\&quot; width=\\&quot;16px\\&quot; height=\\&quot;16px\\&quot; src=\\&quot;https:\/\/s.ytimg.com\/yts\/img\/favicon-vfldLzJxy.ico\\&quot;&gt;&lt;a href=\\&quot;http:\/\/www.youtube.com\/\\&quot; class=\\&quot;media-attribution-link\\&quot; target=\\&quot;_blank\\&quot;&gt;YouTube&lt;\/a&gt;          &lt;span&gt;by &lt;a target=\\&quot;_blank\\&quot; href=\\&quot;http:\/\/www.youtube.com\/channel\/UC-HxRvysHBO9FSul4WlkGfw\\&quot;&gt;          Easo Politeknikoa&lt;\/a&gt;&lt;\/span&gt;&lt;\/div&gt;&lt;div style=\\&quot;clear:both;\\&quot;&gt;&lt;\/div&gt;&lt;div class=\\&quot;embedly-clear\\&quot;&gt;&lt;\/div&gt;&lt;\/div&gt;'}\">\n<div class=\"embedly\"><iframe loading=\"lazy\" class=\"embedly-embed\" src=\"\/\/cdn.embedly.com\/widgets\/media.html?src=http%3A%2F%2Fwww.youtube.com%2Fembed%2FDDLXUUPer3g%3Ffeature%3Doembed%26start%3D771&amp;url=https%3A%2F%2Fwww.youtube.com%2Fwatch%3Fv%3DDDLXUUPer3g&amp;image=http%3A%2F%2Fi.ytimg.com%2Fvi%2FDDLXUUPer3g%2Fhqdefault.jpg&amp;key=9a959088b483486586e23a2f6b9facf9&amp;type=text%2Fhtml&amp;schema=youtube\" width=\"400\" height=\"225\" scrolling=\"no\" frameborder=\"0\" allowfullscreen><\/iframe><\/p>\n<div class=\"media-attribution\"><span>via <\/span>           <img loading=\"lazy\" class=\"embedly-favicon\" width=\"16px\" height=\"16px\" src=\"https:\/\/s.ytimg.com\/yts\/img\/favicon-vfldLzJxy.ico\"><a href=\"http:\/\/www.youtube.com\/\" class=\"media-attribution-link\" target=\"_blank\">YouTube<\/a>          <span>by <a target=\"_blank\" href=\"http:\/\/www.youtube.com\/channel\/UC-HxRvysHBO9FSul4WlkGfw\">          Easo Politeknikoa<\/a><\/span><\/div>\n<div style=\"clear:both\"><\/div>\n<div class=\"embedly-clear\"><\/div>\n<\/div>\n<\/div>\n<div class=\"media-attribution\"><\/div>\n<div style=\"clear: both\"><\/div>\n<div class=\"embedly-clear\"><\/div>\n<p>Adem\u00e1s de estas presentaciones, los asistentes tuvieron la posibilidad de asistir a varios interesantes talleres, alguno de ellos centrados en la utilizaci\u00f3n del Chromebook en el aula.<\/p>\n<p style=\"text-align: justify\">Sin duda una jornada fruct\u00edfera que tendr\u00e1 su continuaci\u00f3n el a\u00f1o que viene en Vitoria-Gasteiz. \u00a1All\u00ed estaremos!<\/p>\n","protected":false},"excerpt":{"rendered":"<p>La semana pasada, varios miembros del \u00e1rea de Sistemas de Informaci\u00f3n asistimos al &#8220;IV Encuentro EEGapps (Educaci\u00f3n Euskadi Google Apps)&#8221; celebrado en el Parque Tecnol\u00f3gico de San Sebasti\u00e1n. Antes de nada, aprovecho este post para felicitar a los art\u00edfices del mismo, EASO Politeknikoa y la Viceconsejer\u00eda de Formaci\u00f3n Profesional del Departamento de Educaci\u00f3n, Pol\u00edtica Ling\u00fc\u00edstica y Cultura del Gobierno Vasco por la excelente organizaci\u00f3n y multitudinaria asistencia. Tras la bienvenida inicial, result\u00f3 muy interesante escuchar a Jorge Ar\u00e9valo hablando sobre las competencias digitales necesarias para la vida y el empleo. Sin duda algunas de las frases planteadas nos deben llevar a una reflexi\u00f3n profunda sobre el papel que tendr\u00e1 la formaci\u00f3n tras la crisis. Entre ellas destacar\u00eda las siguientes: &#8220;El mundo antes y despu\u00e9s de la crisis ser\u00e1 diferente, en gran medida debido a la tecnolog\u00eda.&#8221; &#8220;El crecimiento se basar\u00e1..<\/p>\n","protected":false},"author":57,"featured_media":0,"comment_status":"open","ping_status":"open","sticky":false,"template":"","format":"standard","meta":[],"categories":[37,61],"tags":[],"series":[],"yoast_head":"<!-- This site is optimized with the Yoast SEO plugin v19.8 - https:\/\/yoast.com\/wordpress\/plugins\/seo\/ -->\n<title>Encuentro EEGapps - MUko Informazio Sistemak<\/title>\n<meta name=\"robots\" content=\"index, follow, max-snippet:-1, max-image-preview:large, max-video-preview:-1\" \/>\n<meta property=\"og:locale\" content=\"en_US\" \/>\n<meta property=\"og:type\" content=\"article\" \/>\n<meta property=\"og:title\" content=\"Encuentro EEGapps - MUko Informazio Sistemak\" \/>\n<meta property=\"og:description\" content=\"La semana pasada, varios miembros del \u00e1rea de Sistemas de Informaci\u00f3n asistimos al &#8220;IV Encuentro EEGapps (Educaci\u00f3n Euskadi Google Apps)&#8221; celebrado en el Parque Tecnol\u00f3gico de San Sebasti\u00e1n. Antes de nada, aprovecho este post para felicitar a los art\u00edfices del mismo, EASO Politeknikoa y la Viceconsejer\u00eda de Formaci\u00f3n Profesional del Departamento de Educaci\u00f3n, Pol\u00edtica Ling\u00fc\u00edstica y Cultura del Gobierno Vasco por la excelente organizaci\u00f3n y multitudinaria asistencia. Tras la bienvenida inicial, result\u00f3 muy interesante escuchar a Jorge Ar\u00e9valo hablando sobre las competencias digitales necesarias para la vida y el empleo. Sin duda algunas de las frases planteadas nos deben llevar a una reflexi\u00f3n profunda sobre el papel que tendr\u00e1 la formaci\u00f3n tras la crisis. Entre ellas destacar\u00eda las siguientes: &#8220;El mundo antes y despu\u00e9s de la crisis ser\u00e1 diferente, en gran medida debido a la tecnolog\u00eda.&#8221; &#8220;El crecimiento se basar\u00e1..\" \/>\n<meta property=\"og:url\" content=\"https:\/\/mukom.mondragon.edu\/ismu\/2015\/04\/21\/encuentro-eegapps\/\" \/>\n<meta property=\"og:site_name\" content=\"MUko Informazio Sistemak\" \/>\n<meta property=\"article:published_time\" content=\"2015-04-21T20:32:08+00:00\" \/>\n<meta property=\"article:modified_time\" content=\"2015-04-21T20:38:15+00:00\" \/>\n<meta property=\"og:image\" content=\"https:\/\/s.ytimg.com\/yts\/img\/favicon-vfldLzJxy.ico\" \/>\n<meta name=\"author\" content=\"esanchez\" \/>\n<meta name=\"twitter:card\" content=\"summary_large_image\" \/>\n<meta name=\"twitter:label1\" content=\"Written by\" \/>\n\t<meta name=\"twitter:data1\" content=\"esanchez\" \/>\n\t<meta name=\"twitter:label2\" content=\"Est. reading time\" \/>\n\t<meta name=\"twitter:data2\" content=\"3 minutua\" \/>\n<script type=\"application\/ld+json\" class=\"yoast-schema-graph\">{\"@context\":\"https:\/\/schema.org\",\"@graph\":[{\"@type\":\"WebPage\",\"@id\":\"https:\/\/mukom.mondragon.edu\/ismu\/2015\/04\/21\/encuentro-eegapps\/\",\"url\":\"https:\/\/mukom.mondragon.edu\/ismu\/2015\/04\/21\/encuentro-eegapps\/\",\"name\":\"Encuentro EEGapps - MUko Informazio Sistemak\",\"isPartOf\":{\"@id\":\"https:\/\/mukom.mondragon.edu\/ismu\/#website\"},\"datePublished\":\"2015-04-21T20:32:08+00:00\",\"dateModified\":\"2015-04-21T20:38:15+00:00\",\"author\":{\"@id\":\"https:\/\/mukom.mondragon.edu\/ismu\/#\/schema\/person\/9209fd2a98319bd4005cf78cc6714f5c\"},\"breadcrumb\":{\"@id\":\"https:\/\/mukom.mondragon.edu\/ismu\/2015\/04\/21\/encuentro-eegapps\/#breadcrumb\"},\"inLanguage\":\"eu\",\"potentialAction\":[{\"@type\":\"ReadAction\",\"target\":[\"https:\/\/mukom.mondragon.edu\/ismu\/2015\/04\/21\/encuentro-eegapps\/\"]}]},{\"@type\":\"BreadcrumbList\",\"@id\":\"https:\/\/mukom.mondragon.edu\/ismu\/2015\/04\/21\/encuentro-eegapps\/#breadcrumb\",\"itemListElement\":[{\"@type\":\"ListItem\",\"position\":1,\"name\":\"Home\",\"item\":\"https:\/\/mukom.mondragon.edu\/ismu\/\"},{\"@type\":\"ListItem\",\"position\":2,\"name\":\"Encuentro EEGapps\"}]},{\"@type\":\"WebSite\",\"@id\":\"https:\/\/mukom.mondragon.edu\/ismu\/#website\",\"url\":\"https:\/\/mukom.mondragon.edu\/ismu\/\",\"name\":\"MUko Informazio Sistemak\",\"description\":\"MUko Informazio Sistemetakoen Taldeko Bloga\",\"potentialAction\":[{\"@type\":\"SearchAction\",\"target\":{\"@type\":\"EntryPoint\",\"urlTemplate\":\"https:\/\/mukom.mondragon.edu\/ismu\/?s={search_term_string}\"},\"query-input\":\"required name=search_term_string\"}],\"inLanguage\":\"eu\"},{\"@type\":\"Person\",\"@id\":\"https:\/\/mukom.mondragon.edu\/ismu\/#\/schema\/person\/9209fd2a98319bd4005cf78cc6714f5c\",\"name\":\"esanchez\",\"image\":{\"@type\":\"ImageObject\",\"inLanguage\":\"eu\",\"@id\":\"https:\/\/mukom.mondragon.edu\/ismu\/#\/schema\/person\/image\/\",\"url\":\"https:\/\/secure.gravatar.com\/avatar\/229784bdf1b3c96a2bed4a5c339990ad?s=96&d=mm&r=g\",\"contentUrl\":\"https:\/\/secure.gravatar.com\/avatar\/229784bdf1b3c96a2bed4a5c339990ad?s=96&d=mm&r=g\",\"caption\":\"esanchez\"},\"url\":\"https:\/\/mukom.mondragon.edu\/ismu\/author\/esanchez\/\"}]}<\/script>\n<!-- \/ Yoast SEO plugin. -->","yoast_head_json":{"title":"Encuentro EEGapps - MUko Informazio Sistemak","robots":{"index":"index","follow":"follow","max-snippet":"max-snippet:-1","max-image-preview":"max-image-preview:large","max-video-preview":"max-video-preview:-1"},"og_locale":"en_US","og_type":"article","og_title":"Encuentro EEGapps - MUko Informazio Sistemak","og_description":"La semana pasada, varios miembros del \u00e1rea de Sistemas de Informaci\u00f3n asistimos al &#8220;IV Encuentro EEGapps (Educaci\u00f3n Euskadi Google Apps)&#8221; celebrado en el Parque Tecnol\u00f3gico de San Sebasti\u00e1n. Antes de nada, aprovecho este post para felicitar a los art\u00edfices del mismo, EASO Politeknikoa y la Viceconsejer\u00eda de Formaci\u00f3n Profesional del Departamento de Educaci\u00f3n, Pol\u00edtica Ling\u00fc\u00edstica y Cultura del Gobierno Vasco por la excelente organizaci\u00f3n y multitudinaria asistencia. Tras la bienvenida inicial, result\u00f3 muy interesante escuchar a Jorge Ar\u00e9valo hablando sobre las competencias digitales necesarias para la vida y el empleo. Sin duda algunas de las frases planteadas nos deben llevar a una reflexi\u00f3n profunda sobre el papel que tendr\u00e1 la formaci\u00f3n tras la crisis. Entre ellas destacar\u00eda las siguientes: &#8220;El mundo antes y despu\u00e9s de la crisis ser\u00e1 diferente, en gran medida debido a la tecnolog\u00eda.&#8221; &#8220;El crecimiento se basar\u00e1..","og_url":"https:\/\/mukom.mondragon.edu\/ismu\/2015\/04\/21\/encuentro-eegapps\/","og_site_name":"MUko Informazio Sistemak","article_published_time":"2015-04-21T20:32:08+00:00","article_modified_time":"2015-04-21T20:38:15+00:00","og_image":[{"url":"https:\/\/s.ytimg.com\/yts\/img\/favicon-vfldLzJxy.ico"}],"author":"esanchez","twitter_card":"summary_large_image","twitter_misc":{"Written by":"esanchez","Est. reading time":"3 minutua"},"schema":{"@context":"https:\/\/schema.org","@graph":[{"@type":"WebPage","@id":"https:\/\/mukom.mondragon.edu\/ismu\/2015\/04\/21\/encuentro-eegapps\/","url":"https:\/\/mukom.mondragon.edu\/ismu\/2015\/04\/21\/encuentro-eegapps\/","name":"Encuentro EEGapps - MUko Informazio Sistemak","isPartOf":{"@id":"https:\/\/mukom.mondragon.edu\/ismu\/#website"},"datePublished":"2015-04-21T20:32:08+00:00","dateModified":"2015-04-21T20:38:15+00:00","author":{"@id":"https:\/\/mukom.mondragon.edu\/ismu\/#\/schema\/person\/9209fd2a98319bd4005cf78cc6714f5c"},"breadcrumb":{"@id":"https:\/\/mukom.mondragon.edu\/ismu\/2015\/04\/21\/encuentro-eegapps\/#breadcrumb"},"inLanguage":"eu","potentialAction":[{"@type":"ReadAction","target":["https:\/\/mukom.mondragon.edu\/ismu\/2015\/04\/21\/encuentro-eegapps\/"]}]},{"@type":"BreadcrumbList","@id":"https:\/\/mukom.mondragon.edu\/ismu\/2015\/04\/21\/encuentro-eegapps\/#breadcrumb","itemListElement":[{"@type":"ListItem","position":1,"name":"Home","item":"https:\/\/mukom.mondragon.edu\/ismu\/"},{"@type":"ListItem","position":2,"name":"Encuentro EEGapps"}]},{"@type":"WebSite","@id":"https:\/\/mukom.mondragon.edu\/ismu\/#website","url":"https:\/\/mukom.mondragon.edu\/ismu\/","name":"MUko Informazio Sistemak","description":"MUko Informazio Sistemetakoen Taldeko Bloga","potentialAction":[{"@type":"SearchAction","target":{"@type":"EntryPoint","urlTemplate":"https:\/\/mukom.mondragon.edu\/ismu\/?s={search_term_string}"},"query-input":"required name=search_term_string"}],"inLanguage":"eu"},{"@type":"Person","@id":"https:\/\/mukom.mondragon.edu\/ismu\/#\/schema\/person\/9209fd2a98319bd4005cf78cc6714f5c","name":"esanchez","image":{"@type":"ImageObject","inLanguage":"eu","@id":"https:\/\/mukom.mondragon.edu\/ismu\/#\/schema\/person\/image\/","url":"https:\/\/secure.gravatar.com\/avatar\/229784bdf1b3c96a2bed4a5c339990ad?s=96&d=mm&r=g","contentUrl":"https:\/\/secure.gravatar.com\/avatar\/229784bdf1b3c96a2bed4a5c339990ad?s=96&d=mm&r=g","caption":"esanchez"},"url":"https:\/\/mukom.mondragon.edu\/ismu\/author\/esanchez\/"}]}},"amp_enabled":true,"_links":{"self":[{"href":"https:\/\/mukom.mondragon.edu\/ismu\/wp-json\/wp\/v2\/posts\/3178"}],"collection":[{"href":"https:\/\/mukom.mondragon.edu\/ismu\/wp-json\/wp\/v2\/posts"}],"about":[{"href":"https:\/\/mukom.mondragon.edu\/ismu\/wp-json\/wp\/v2\/types\/post"}],"author":[{"embeddable":true,"href":"https:\/\/mukom.mondragon.edu\/ismu\/wp-json\/wp\/v2\/users\/57"}],"replies":[{"embeddable":true,"href":"https:\/\/mukom.mondragon.edu\/ismu\/wp-json\/wp\/v2\/comments?post=3178"}],"version-history":[{"count":14,"href":"https:\/\/mukom.mondragon.edu\/ismu\/wp-json\/wp\/v2\/posts\/3178\/revisions"}],"predecessor-version":[{"id":3193,"href":"https:\/\/mukom.mondragon.edu\/ismu\/wp-json\/wp\/v2\/posts\/3178\/revisions\/3193"}],"wp:attachment":[{"href":"https:\/\/mukom.mondragon.edu\/ismu\/wp-json\/wp\/v2\/media?parent=3178"}],"wp:term":[{"taxonomy":"category","embeddable":true,"href":"https:\/\/mukom.mondragon.edu\/ismu\/wp-json\/wp\/v2\/categories?post=3178"},{"taxonomy":"post_tag","embeddable":true,"href":"https:\/\/mukom.mondragon.edu\/ismu\/wp-json\/wp\/v2\/tags?post=3178"},{"taxonomy":"series","embeddable":true,"href":"https:\/\/mukom.mondragon.edu\/ismu\/wp-json\/wp\/v2\/series?post=3178"}],"curies":[{"name":"wp","href":"https:\/\/api.w.org\/{rel}","templated":true}]}}