{"id":3249,"date":"2015-06-10T12:39:12","date_gmt":"2015-06-10T10:39:12","guid":{"rendered":"http:\/\/mukom.mondragon.edu\/ismu\/?p=3249"},"modified":"2015-06-10T12:49:20","modified_gmt":"2015-06-10T10:49:20","slug":"mi-experiencia-como-becario-2","status":"publish","type":"post","link":"https:\/\/mukom.mondragon.edu\/ismu\/2015\/06\/10\/mi-experiencia-como-becario-2\/","title":{"rendered":"Mi experiencia como becario"},"content":{"rendered":"<p>\u00a1Por fin! tengo acceso al blog para escribir posts, despu\u00e9s de que me <del>enga\u00f1aran<\/del> propusieran escribir uno para contar mi experencia como becario.<\/p>\n<p>Soy Julen Pardo, tengo 20 a\u00f1os y actualmente y estoy en 3\u00ba de <a title=\"Ver Grado de Inform\u00e1tica en MONDRAGON UNIBERTSITATEA\" href=\"http:\/\/www.mondragon.edu\/es\/estudios\/grados\/grado-en-ingenieria-en-informatica\/\">grado de Ingenier\u00eda Inform\u00e1tica<\/a>, y llevo como becario en el \u00e1rea de Sistemas de Informaci\u00f3n desde julio de 2014, es decir, desde que termin\u00e9 segundo. En realidad iba a empezar a trabajar aqu\u00ed cuando empezara 2\u00ba, pero gracias a un decretazo, un d\u00eda antes de la fecha fijada para el inicio de las pr\u00e1cticas me enter\u00e9 de que no iba a poder realizarlas por no haber superado el 50% de los cr\u00e9ditos del grado (al parecer en otros sitios no tratan tan bien a los becarios como aqu\u00ed, y por eso sacaron el decreto). Y precisamente cuando ya pod\u00eda empezar las pr\u00e1cticas, el decreto fue abolido.<\/p>\n<p>Despu\u00e9s de asumir que el se\u00f1or que saca estos decretos se estaba riendo de m\u00ed, y de que tendr\u00eda que esperar un a\u00f1o m\u00e1s para empezar con la alternancia estudio trabajo, en cierto modo, no pude evitar sentirme algo aliviado. Que si iba a ser demasiado trabajo para estar en segundo, que si demasiado estr\u00e9s, que si dentro de un a\u00f1o mejor&#8230; Pero m\u00e1s de 10 meses despu\u00e9s de iniciar las pr\u00e1cticas, estoy completamente seguro de que no hubiera sido as\u00ed.<\/p>\n<p>S\u00ed, se tiene menos tiempo porque al d\u00eda son 4 horas de trabajo, unido a un volumen de trabajo considerable del grado. Al principio es duro porque tienes menos tiempo para el ocio, pero te das cuenta de que cuanto m\u00e1s apretada es tu agenda, mejor organizas tus tareas en el tiempo, y terminas pudiendo compaginar todo. Por lo que lo de que el trabajo quita demasiado tiempo no es una excusa que valga para no participar en la alternancia estudio trabajo!<\/p>\n<p>Aunque al principio no fuera todo f\u00e1cil, todo tiene su lado positivo. Lo bueno de sentirse a veces como un pulpo en un garaje es que tienes que aprender a preguntar. Te das cuenta de eso cuando te pasas d\u00edas intentando hacer algo que simplemente no pod\u00edas porque te faltaban los permisos! As\u00ed que aprender a que a veces la soluci\u00f3n pasa por que te ayuden los dem\u00e1s, m\u00e1s a\u00fan cuando est\u00e1s rodeado de personas siempre dispuestas a responder tus dudas y curiosidades, es una de las cosas m\u00e1s valiosas que me han aportado las pr\u00e1cticas (si hubiera sabido algo tan sencillo desde antes&#8230;). S\u00f3lo a veces eh, en muchas otras ocasiones Google es el mejor amigo que puedes tener.<\/p>\n<p>Y as\u00ed iban pasando los d\u00edas, cada vez con mayor confianza en mi trabajo. Pas\u00e9 de estar nervioso antes de las reuniones y de maldecir el tel\u00e9fono cada vez que sonaba, a participar en ellas e incluso siendo yo el que llama por tel\u00e9fono. Y, entre tanto, d\u00e1ndome cuenta de la gran decisi\u00f3n que fue realizar estas pr\u00e1cticas. Adem\u00e1s del dinero (no nos vamos a enga\u00f1ar, una de las mayores motivaciones de realizar las pr\u00e1cticas era tener sueldo), por tant\u00edsimos conocimientos adquiridos, que adem\u00e1s ayudan a rendir mejor en el grado. As\u00ed como la experiencia laboral, un activo muy valioso para cuando toque hacer el curr\u00edculum una vez terminados los estudios.<\/p>\n<p>En definitiva, es una experiencia inmejorable, en todos los sentidos. Totalmente recomendada y que s\u00f3lo aporta cosas positivas, algunas de las cuales no se adquieren durante el grado, porque te sumerges por completo y de cabeza en el mundo laboral. Y Sistemas de Informaci\u00f3n es sin duda el mejor sitio donde desarrollar las pr\u00e1cticas.<\/p>\n<p>No puedo terminar este post sin darle las gracias a todos mis compa\u00f1eros del departamento, as\u00ed como al anterior becario Mikel Ortueta. Gracias por estar dispuestos a resolver mis dudas y por aguantar que os haga pregunta tras pregunta. Eskerrik asko!<\/p>\n","protected":false},"excerpt":{"rendered":"<p>\u00a1Por fin! tengo acceso al blog para escribir posts, despu\u00e9s de que me enga\u00f1aran propusieran escribir uno para contar mi experencia como becario. Soy Julen Pardo, tengo 20 a\u00f1os y actualmente y estoy en 3\u00ba de grado de Ingenier\u00eda Inform\u00e1tica, y llevo como becario en el \u00e1rea de Sistemas de Informaci\u00f3n desde julio de 2014, es decir, desde que termin\u00e9 segundo. En realidad iba a empezar a trabajar aqu\u00ed cuando empezara 2\u00ba, pero gracias a un decretazo, un d\u00eda antes de la fecha fijada para el inicio de las pr\u00e1cticas me enter\u00e9 de que no iba a poder realizarlas por no haber superado el 50% de los cr\u00e9ditos del grado (al parecer en otros sitios no tratan tan bien a los becarios como aqu\u00ed, y por eso sacaron el decreto). Y precisamente cuando ya pod\u00eda empezar las pr\u00e1cticas, el decreto..<\/p>\n","protected":false},"author":249,"featured_media":0,"comment_status":"open","ping_status":"open","sticky":false,"template":"","format":"standard","meta":[],"categories":[1,8],"tags":[],"series":[],"yoast_head":"<!-- This site is optimized with the Yoast SEO plugin v19.8 - https:\/\/yoast.com\/wordpress\/plugins\/seo\/ -->\n<title>Mi experiencia como becario - MUko Informazio Sistemak<\/title>\n<meta name=\"robots\" content=\"index, follow, max-snippet:-1, max-image-preview:large, max-video-preview:-1\" \/>\n<meta property=\"og:locale\" content=\"en_US\" \/>\n<meta property=\"og:type\" content=\"article\" \/>\n<meta property=\"og:title\" content=\"Mi experiencia como becario - MUko Informazio Sistemak\" \/>\n<meta property=\"og:description\" content=\"\u00a1Por fin! tengo acceso al blog para escribir posts, despu\u00e9s de que me enga\u00f1aran propusieran escribir uno para contar mi experencia como becario. Soy Julen Pardo, tengo 20 a\u00f1os y actualmente y estoy en 3\u00ba de grado de Ingenier\u00eda Inform\u00e1tica, y llevo como becario en el \u00e1rea de Sistemas de Informaci\u00f3n desde julio de 2014, es decir, desde que termin\u00e9 segundo. En realidad iba a empezar a trabajar aqu\u00ed cuando empezara 2\u00ba, pero gracias a un decretazo, un d\u00eda antes de la fecha fijada para el inicio de las pr\u00e1cticas me enter\u00e9 de que no iba a poder realizarlas por no haber superado el 50% de los cr\u00e9ditos del grado (al parecer en otros sitios no tratan tan bien a los becarios como aqu\u00ed, y por eso sacaron el decreto). Y precisamente cuando ya pod\u00eda empezar las pr\u00e1cticas, el decreto..\" \/>\n<meta property=\"og:url\" content=\"https:\/\/mukom.mondragon.edu\/ismu\/2015\/06\/10\/mi-experiencia-como-becario-2\/\" \/>\n<meta property=\"og:site_name\" content=\"MUko Informazio Sistemak\" \/>\n<meta property=\"article:published_time\" content=\"2015-06-10T10:39:12+00:00\" \/>\n<meta property=\"article:modified_time\" content=\"2015-06-10T10:49:20+00:00\" \/>\n<meta name=\"author\" content=\"julen.pardo\" \/>\n<meta name=\"twitter:card\" content=\"summary_large_image\" \/>\n<meta name=\"twitter:label1\" content=\"Written by\" \/>\n\t<meta name=\"twitter:data1\" content=\"julen.pardo\" \/>\n\t<meta name=\"twitter:label2\" content=\"Est. reading time\" \/>\n\t<meta name=\"twitter:data2\" content=\"3 minutua\" \/>\n<script type=\"application\/ld+json\" class=\"yoast-schema-graph\">{\"@context\":\"https:\/\/schema.org\",\"@graph\":[{\"@type\":\"WebPage\",\"@id\":\"https:\/\/mukom.mondragon.edu\/ismu\/2015\/06\/10\/mi-experiencia-como-becario-2\/\",\"url\":\"https:\/\/mukom.mondragon.edu\/ismu\/2015\/06\/10\/mi-experiencia-como-becario-2\/\",\"name\":\"Mi experiencia como becario - MUko Informazio Sistemak\",\"isPartOf\":{\"@id\":\"https:\/\/mukom.mondragon.edu\/ismu\/#website\"},\"datePublished\":\"2015-06-10T10:39:12+00:00\",\"dateModified\":\"2015-06-10T10:49:20+00:00\",\"author\":{\"@id\":\"https:\/\/mukom.mondragon.edu\/ismu\/#\/schema\/person\/2545b33a183c1d4f9acced063bef39eb\"},\"breadcrumb\":{\"@id\":\"https:\/\/mukom.mondragon.edu\/ismu\/2015\/06\/10\/mi-experiencia-como-becario-2\/#breadcrumb\"},\"inLanguage\":\"eu\",\"potentialAction\":[{\"@type\":\"ReadAction\",\"target\":[\"https:\/\/mukom.mondragon.edu\/ismu\/2015\/06\/10\/mi-experiencia-como-becario-2\/\"]}]},{\"@type\":\"BreadcrumbList\",\"@id\":\"https:\/\/mukom.mondragon.edu\/ismu\/2015\/06\/10\/mi-experiencia-como-becario-2\/#breadcrumb\",\"itemListElement\":[{\"@type\":\"ListItem\",\"position\":1,\"name\":\"Home\",\"item\":\"https:\/\/mukom.mondragon.edu\/ismu\/\"},{\"@type\":\"ListItem\",\"position\":2,\"name\":\"Mi experiencia como becario\"}]},{\"@type\":\"WebSite\",\"@id\":\"https:\/\/mukom.mondragon.edu\/ismu\/#website\",\"url\":\"https:\/\/mukom.mondragon.edu\/ismu\/\",\"name\":\"MUko Informazio Sistemak\",\"description\":\"MUko Informazio Sistemetakoen Taldeko Bloga\",\"potentialAction\":[{\"@type\":\"SearchAction\",\"target\":{\"@type\":\"EntryPoint\",\"urlTemplate\":\"https:\/\/mukom.mondragon.edu\/ismu\/?s={search_term_string}\"},\"query-input\":\"required name=search_term_string\"}],\"inLanguage\":\"eu\"},{\"@type\":\"Person\",\"@id\":\"https:\/\/mukom.mondragon.edu\/ismu\/#\/schema\/person\/2545b33a183c1d4f9acced063bef39eb\",\"name\":\"julen.pardo\",\"image\":{\"@type\":\"ImageObject\",\"inLanguage\":\"eu\",\"@id\":\"https:\/\/mukom.mondragon.edu\/ismu\/#\/schema\/person\/image\/\",\"url\":\"https:\/\/secure.gravatar.com\/avatar\/0c8a9da802ddc6a21189a81271b25590?s=96&d=mm&r=g\",\"contentUrl\":\"https:\/\/secure.gravatar.com\/avatar\/0c8a9da802ddc6a21189a81271b25590?s=96&d=mm&r=g\",\"caption\":\"julen.pardo\"},\"url\":\"https:\/\/mukom.mondragon.edu\/ismu\/author\/julen-pardo\/\"}]}<\/script>\n<!-- \/ Yoast SEO plugin. -->","yoast_head_json":{"title":"Mi experiencia como becario - MUko Informazio Sistemak","robots":{"index":"index","follow":"follow","max-snippet":"max-snippet:-1","max-image-preview":"max-image-preview:large","max-video-preview":"max-video-preview:-1"},"og_locale":"en_US","og_type":"article","og_title":"Mi experiencia como becario - MUko Informazio Sistemak","og_description":"\u00a1Por fin! tengo acceso al blog para escribir posts, despu\u00e9s de que me enga\u00f1aran propusieran escribir uno para contar mi experencia como becario. Soy Julen Pardo, tengo 20 a\u00f1os y actualmente y estoy en 3\u00ba de grado de Ingenier\u00eda Inform\u00e1tica, y llevo como becario en el \u00e1rea de Sistemas de Informaci\u00f3n desde julio de 2014, es decir, desde que termin\u00e9 segundo. En realidad iba a empezar a trabajar aqu\u00ed cuando empezara 2\u00ba, pero gracias a un decretazo, un d\u00eda antes de la fecha fijada para el inicio de las pr\u00e1cticas me enter\u00e9 de que no iba a poder realizarlas por no haber superado el 50% de los cr\u00e9ditos del grado (al parecer en otros sitios no tratan tan bien a los becarios como aqu\u00ed, y por eso sacaron el decreto). Y precisamente cuando ya pod\u00eda empezar las pr\u00e1cticas, el decreto..","og_url":"https:\/\/mukom.mondragon.edu\/ismu\/2015\/06\/10\/mi-experiencia-como-becario-2\/","og_site_name":"MUko Informazio Sistemak","article_published_time":"2015-06-10T10:39:12+00:00","article_modified_time":"2015-06-10T10:49:20+00:00","author":"julen.pardo","twitter_card":"summary_large_image","twitter_misc":{"Written by":"julen.pardo","Est. reading time":"3 minutua"},"schema":{"@context":"https:\/\/schema.org","@graph":[{"@type":"WebPage","@id":"https:\/\/mukom.mondragon.edu\/ismu\/2015\/06\/10\/mi-experiencia-como-becario-2\/","url":"https:\/\/mukom.mondragon.edu\/ismu\/2015\/06\/10\/mi-experiencia-como-becario-2\/","name":"Mi experiencia como becario - MUko Informazio Sistemak","isPartOf":{"@id":"https:\/\/mukom.mondragon.edu\/ismu\/#website"},"datePublished":"2015-06-10T10:39:12+00:00","dateModified":"2015-06-10T10:49:20+00:00","author":{"@id":"https:\/\/mukom.mondragon.edu\/ismu\/#\/schema\/person\/2545b33a183c1d4f9acced063bef39eb"},"breadcrumb":{"@id":"https:\/\/mukom.mondragon.edu\/ismu\/2015\/06\/10\/mi-experiencia-como-becario-2\/#breadcrumb"},"inLanguage":"eu","potentialAction":[{"@type":"ReadAction","target":["https:\/\/mukom.mondragon.edu\/ismu\/2015\/06\/10\/mi-experiencia-como-becario-2\/"]}]},{"@type":"BreadcrumbList","@id":"https:\/\/mukom.mondragon.edu\/ismu\/2015\/06\/10\/mi-experiencia-como-becario-2\/#breadcrumb","itemListElement":[{"@type":"ListItem","position":1,"name":"Home","item":"https:\/\/mukom.mondragon.edu\/ismu\/"},{"@type":"ListItem","position":2,"name":"Mi experiencia como becario"}]},{"@type":"WebSite","@id":"https:\/\/mukom.mondragon.edu\/ismu\/#website","url":"https:\/\/mukom.mondragon.edu\/ismu\/","name":"MUko Informazio Sistemak","description":"MUko Informazio Sistemetakoen Taldeko Bloga","potentialAction":[{"@type":"SearchAction","target":{"@type":"EntryPoint","urlTemplate":"https:\/\/mukom.mondragon.edu\/ismu\/?s={search_term_string}"},"query-input":"required name=search_term_string"}],"inLanguage":"eu"},{"@type":"Person","@id":"https:\/\/mukom.mondragon.edu\/ismu\/#\/schema\/person\/2545b33a183c1d4f9acced063bef39eb","name":"julen.pardo","image":{"@type":"ImageObject","inLanguage":"eu","@id":"https:\/\/mukom.mondragon.edu\/ismu\/#\/schema\/person\/image\/","url":"https:\/\/secure.gravatar.com\/avatar\/0c8a9da802ddc6a21189a81271b25590?s=96&d=mm&r=g","contentUrl":"https:\/\/secure.gravatar.com\/avatar\/0c8a9da802ddc6a21189a81271b25590?s=96&d=mm&r=g","caption":"julen.pardo"},"url":"https:\/\/mukom.mondragon.edu\/ismu\/author\/julen-pardo\/"}]}},"amp_enabled":true,"_links":{"self":[{"href":"https:\/\/mukom.mondragon.edu\/ismu\/wp-json\/wp\/v2\/posts\/3249"}],"collection":[{"href":"https:\/\/mukom.mondragon.edu\/ismu\/wp-json\/wp\/v2\/posts"}],"about":[{"href":"https:\/\/mukom.mondragon.edu\/ismu\/wp-json\/wp\/v2\/types\/post"}],"author":[{"embeddable":true,"href":"https:\/\/mukom.mondragon.edu\/ismu\/wp-json\/wp\/v2\/users\/249"}],"replies":[{"embeddable":true,"href":"https:\/\/mukom.mondragon.edu\/ismu\/wp-json\/wp\/v2\/comments?post=3249"}],"version-history":[{"count":7,"href":"https:\/\/mukom.mondragon.edu\/ismu\/wp-json\/wp\/v2\/posts\/3249\/revisions"}],"predecessor-version":[{"id":3257,"href":"https:\/\/mukom.mondragon.edu\/ismu\/wp-json\/wp\/v2\/posts\/3249\/revisions\/3257"}],"wp:attachment":[{"href":"https:\/\/mukom.mondragon.edu\/ismu\/wp-json\/wp\/v2\/media?parent=3249"}],"wp:term":[{"taxonomy":"category","embeddable":true,"href":"https:\/\/mukom.mondragon.edu\/ismu\/wp-json\/wp\/v2\/categories?post=3249"},{"taxonomy":"post_tag","embeddable":true,"href":"https:\/\/mukom.mondragon.edu\/ismu\/wp-json\/wp\/v2\/tags?post=3249"},{"taxonomy":"series","embeddable":true,"href":"https:\/\/mukom.mondragon.edu\/ismu\/wp-json\/wp\/v2\/series?post=3249"}],"curies":[{"name":"wp","href":"https:\/\/api.w.org\/{rel}","templated":true}]}}