{"id":141,"date":"2014-10-14T08:29:47","date_gmt":"2014-10-14T07:29:47","guid":{"rendered":"http:\/\/mukom.mondragon.edu\/lanki\/?p=141"},"modified":"2014-10-29T12:05:37","modified_gmt":"2014-10-29T11:05:37","slug":"ponencia-sobre-el-compromiso-con-la-transformacion-social-de-las-cooperativas","status":"publish","type":"post","link":"https:\/\/mukom.mondragon.edu\/lanki\/2014\/10\/14\/ponencia-sobre-el-compromiso-con-la-transformacion-social-de-las-cooperativas\/","title":{"rendered":"Ponencia sobre el compromiso con la transformaci\u00f3n social de las cooperativas"},"content":{"rendered":"<p>LANKI present\u00f3 en el XV Congreso de Investigadores en Econom\u00eda Social, realizado en Santander los d\u00edas 25-26 de septiembre, una comunicaci\u00f3n titulada el &#8220;compromiso con la transformaci\u00f3n social de las cooperativas de Mondragon&#8221;.<\/p>\n<p>En esta comunicaci\u00f3n analizamos c\u00f3mo se ha entendido y concretado el compromiso con la transformaci\u00f3n por las diferentes generaciones que han liderado y dado forma a las cooperativas de Mondragon, destacando las principales claves y las distintas etapas que se han desarrolloan lo largo de su evoluci\u00f3n. En\u00a0 primer lugar analizamos c\u00f3mo entend\u00eda J.M. Arizmendiarreta el cooperativismo y su proyecto de transformaci\u00f3n social. En segundo lugar analizamos en qu\u00e9 \u00e1mbitos se ha concretado el compromiso social de las cooperativos de Mondragon. Y, por \u00faltimo, realizamos unas reflexiones sobre c\u00f3mo revitalizar este \u00e1mbito en la actualidad y su importancia como eje estrat\u00e9gico a la hora de repensar el cooperativismo como un proyecto socio-empresarial ilusionante para este Siglo XXI.<\/p>\n<p>&nbsp;<\/p>\n<p><a href=\"http:\/\/mukom.mondragon.edu\/lanki\/files\/2014\/10\/DSC_0291.jpg\"><img loading=\"lazy\" alt=\"DSC_0291\" src=\"http:\/\/mukom.mondragon.edu\/lanki\/files\/2014\/10\/DSC_0291-300x225.jpg\" width=\"300\" height=\"225\" \/><\/a><\/p>\n<p>&nbsp;<\/p>\n<p><iframe loading=\"lazy\" class=\"embedly-embed\" src=\"\/\/cdn.embedly.com\/widgets\/media.html?src=http%3A%2F%2Fwww.slideshare.net%2Fslideshow%2Fembed_code%2F40235090&#038;src_secure=1&#038;url=http%3A%2F%2Fwww.slideshare.net%2Faloiola%2Fartculo-congreso-ciriec&#038;image=http%3A%2F%2Fcdn.slidesharecdn.com%2Fss_thumbnails%2Fartculocongresociriec-141014022217-conversion-gate01-thumbnail-4.jpg%3Fcb%3D1413271633&#038;key=9a959088b483486586e23a2f6b9facf9&#038;type=text%2Fhtml&#038;schema=slideshare\" width=\"477\" height=\"510\" scrolling=\"no\" frameborder=\"0\" allowfullscreen><\/iframe><\/p>\n<p>&nbsp;<\/p>\n<p>&nbsp;<\/p>\n","protected":false},"excerpt":{"rendered":"<p>LANKI present\u00f3 en el XV Congreso de Investigadores en Econom\u00eda Social, realizado en Santander los d\u00edas 25-26 de septiembre, una comunicaci\u00f3n titulada el &#8220;compromiso con la transformaci\u00f3n social de las cooperativas de Mondragon&#8221;. En esta comunicaci\u00f3n analizamos c\u00f3mo se ha entendido y concretado el compromiso con la transformaci\u00f3n por las diferentes generaciones que han liderado y dado forma a las cooperativas de Mondragon, destacando las principales claves y las distintas etapas que se han desarrolloan lo largo de su evoluci\u00f3n. En\u00a0 primer lugar analizamos c\u00f3mo entend\u00eda J.M. Arizmendiarreta el cooperativismo y su proyecto de transformaci\u00f3n social. En segundo lugar analizamos en qu\u00e9 \u00e1mbitos se ha concretado el compromiso social de las cooperativos de Mondragon. Y, por \u00faltimo, realizamos unas reflexiones sobre c\u00f3mo revitalizar este \u00e1mbito en la actualidad y su importancia como eje estrat\u00e9gico a la hora de repensar el..<\/p>\n","protected":false},"author":211,"featured_media":0,"comment_status":"open","ping_status":"open","sticky":false,"template":"","format":"standard","meta":[],"categories":[1],"tags":[11,8,9,10],"amp_enabled":true,"_links":{"self":[{"href":"https:\/\/mukom.mondragon.edu\/lanki\/wp-json\/wp\/v2\/posts\/141"}],"collection":[{"href":"https:\/\/mukom.mondragon.edu\/lanki\/wp-json\/wp\/v2\/posts"}],"about":[{"href":"https:\/\/mukom.mondragon.edu\/lanki\/wp-json\/wp\/v2\/types\/post"}],"author":[{"embeddable":true,"href":"https:\/\/mukom.mondragon.edu\/lanki\/wp-json\/wp\/v2\/users\/211"}],"replies":[{"embeddable":true,"href":"https:\/\/mukom.mondragon.edu\/lanki\/wp-json\/wp\/v2\/comments?post=141"}],"version-history":[{"count":6,"href":"https:\/\/mukom.mondragon.edu\/lanki\/wp-json\/wp\/v2\/posts\/141\/revisions"}],"predecessor-version":[{"id":149,"href":"https:\/\/mukom.mondragon.edu\/lanki\/wp-json\/wp\/v2\/posts\/141\/revisions\/149"}],"wp:attachment":[{"href":"https:\/\/mukom.mondragon.edu\/lanki\/wp-json\/wp\/v2\/media?parent=141"}],"wp:term":[{"taxonomy":"category","embeddable":true,"href":"https:\/\/mukom.mondragon.edu\/lanki\/wp-json\/wp\/v2\/categories?post=141"},{"taxonomy":"post_tag","embeddable":true,"href":"https:\/\/mukom.mondragon.edu\/lanki\/wp-json\/wp\/v2\/tags?post=141"}],"curies":[{"name":"wp","href":"https:\/\/api.w.org\/{rel}","templated":true}]}}