{"id":188,"date":"2014-12-20T10:06:40","date_gmt":"2014-12-20T09:06:40","guid":{"rendered":"http:\/\/mukom.mondragon.edu\/lanki\/?p=188"},"modified":"2014-12-26T14:13:38","modified_gmt":"2014-12-26T13:13:38","slug":"conferencia-los-retos-del-cooperativismo","status":"publish","type":"post","link":"https:\/\/mukom.mondragon.edu\/lanki\/2014\/12\/20\/conferencia-los-retos-del-cooperativismo\/","title":{"rendered":"Conferencia: Los retos del cooperativismo"},"content":{"rendered":"<p>Igor Ortega reflexion\u00f3 acerca de los retos del cooperativismo en la Jornada &#8216;Forokoop 2014: Hamarkada kooperatiboa&#8217;, organizada por el Consejo Superior de Cooperativas de Euskadi y la Confederaci\u00f3n de Cooperativas de Euskadi.<\/p>\n<p><strong>Sinopsis:<\/strong><\/p>\n<p>No hay duda de que el cooperativismo vasco adem\u00e1s de acumular una larga trayectoria, supone una realidad muy arraigada en nuestro pa\u00eds. Pero resulta evidente, tambi\u00e9n, que al cooperativismo se le presentan importantes retos y dilemas ante el escenario social y econ\u00f3mico que emerge con fuerza. La crisis de Fagor Electrodom\u00e9sticos es sin duda uno de los acontecimientos m\u00e1s relevantes del movimiento cooperativo de los \u00faltimos a\u00f1os, pero consideramos que, a su vez, es exponente de los retos inmediatos que deben enfrentar las cooperativas en este contexto de cambio de ciclo social y econ\u00f3mico. En la ponencia se reflexiona sobre los retos y los dilemas del cooperativismo partiendo de la experiencia y de los aprendizajes que se extraen de la crisis de Fagor Electrodom\u00e9sticos<\/p>\n<p><strong>Enlaces:<\/strong><\/p>\n<p>Enlace a la conferencia: <a href=\"No hay duda de que el cooperativismo vasco adem\u00e1s de acumular una larga trayectoria, supone una realidad muy arraigada en nuestro pa\u00eds. Pero resulta evidente, tambi\u00e9n, que al cooperativismo se le presentan importantes retos y dilemas ante el escenario social y econ\u00f3mico que emerge con fuerza. La crisis de Fagor Electrodom\u00e9sticos es sin duda uno de los acontecimientos m\u00e1s relevantes del movimiento cooperativo de los \u00faltimos a\u00f1os, pero consideramos que, a su vez, es exponente de los retos inmediatos que deben enfrentar las cooperativas en este contexto de cambio de ciclo social y econ\u00f3mico. En la ponencia se reflexionar\u00e1 sobre los retos y los dilemas del cooperativismo partiendo de la experiencia y de los aprendizajes que se extraen de la crisis de Fagor Electrodom\u00e9sticos\" target=\"_blank\">&#8216;Retos del movimiento cooperativo&#8217;<\/a><\/p>\n<p>Art\u00edculo publicado en la Revista TU-Lankide: <a href=\"http:\/\/www.mondragon.edu\/files\/huhezi\/albisteak\/igor-ortega-tu-lankide-aldizkarian\/at_download\/file\" target=\"_blank\">\u00bfEl cooperativismo ante un nuevo ciclo?<\/a><\/p>\n","protected":false},"excerpt":{"rendered":"<p>Igor Ortega reflexion\u00f3 acerca de los retos del cooperativismo en la Jornada &#8216;Forokoop 2014: Hamarkada kooperatiboa&#8217;, organizada por el Consejo Superior de Cooperativas de Euskadi y la Confederaci\u00f3n de Cooperativas de Euskadi. Sinopsis: No hay duda de que el cooperativismo vasco adem\u00e1s de acumular una larga trayectoria, supone una realidad muy arraigada en nuestro pa\u00eds. Pero resulta evidente, tambi\u00e9n, que al cooperativismo se le presentan importantes retos y dilemas ante el escenario social y econ\u00f3mico que emerge con fuerza. La crisis de Fagor Electrodom\u00e9sticos es sin duda uno de los acontecimientos m\u00e1s relevantes del movimiento cooperativo de los \u00faltimos a\u00f1os, pero consideramos que, a su vez, es exponente de los retos inmediatos que deben enfrentar las cooperativas en este contexto de cambio de ciclo social y econ\u00f3mico. En la ponencia se reflexiona sobre los retos y los dilemas del cooperativismo..<\/p>\n","protected":false},"author":208,"featured_media":0,"comment_status":"open","ping_status":"open","sticky":false,"template":"","format":"standard","meta":[],"categories":[1],"tags":[14,6,3],"amp_enabled":true,"_links":{"self":[{"href":"https:\/\/mukom.mondragon.edu\/lanki\/wp-json\/wp\/v2\/posts\/188"}],"collection":[{"href":"https:\/\/mukom.mondragon.edu\/lanki\/wp-json\/wp\/v2\/posts"}],"about":[{"href":"https:\/\/mukom.mondragon.edu\/lanki\/wp-json\/wp\/v2\/types\/post"}],"author":[{"embeddable":true,"href":"https:\/\/mukom.mondragon.edu\/lanki\/wp-json\/wp\/v2\/users\/208"}],"replies":[{"embeddable":true,"href":"https:\/\/mukom.mondragon.edu\/lanki\/wp-json\/wp\/v2\/comments?post=188"}],"version-history":[{"count":3,"href":"https:\/\/mukom.mondragon.edu\/lanki\/wp-json\/wp\/v2\/posts\/188\/revisions"}],"predecessor-version":[{"id":194,"href":"https:\/\/mukom.mondragon.edu\/lanki\/wp-json\/wp\/v2\/posts\/188\/revisions\/194"}],"wp:attachment":[{"href":"https:\/\/mukom.mondragon.edu\/lanki\/wp-json\/wp\/v2\/media?parent=188"}],"wp:term":[{"taxonomy":"category","embeddable":true,"href":"https:\/\/mukom.mondragon.edu\/lanki\/wp-json\/wp\/v2\/categories?post=188"},{"taxonomy":"post_tag","embeddable":true,"href":"https:\/\/mukom.mondragon.edu\/lanki\/wp-json\/wp\/v2\/tags?post=188"}],"curies":[{"name":"wp","href":"https:\/\/api.w.org\/{rel}","templated":true}]}}