{"id":361,"date":"2015-09-07T10:34:07","date_gmt":"2015-09-07T09:34:07","guid":{"rendered":"http:\/\/mukom.mondragon.edu\/lanki\/?p=361"},"modified":"2015-11-20T12:32:21","modified_gmt":"2015-11-20T11:32:21","slug":"kooperatibagintzan-aditu-titulua-curso-experto-en-cooperativismo-2","status":"publish","type":"post","link":"https:\/\/mukom.mondragon.edu\/lanki\/2015\/09\/07\/kooperatibagintzan-aditu-titulua-curso-experto-en-cooperativismo-2\/","title":{"rendered":"Kooperatibagintzan aditu tituluaren 8. edizioa \/ 8\u00aa edici\u00f3n del Curso experto en cooperativismo"},"content":{"rendered":"<p style=\"text-align: justify\"><b>&#8216;Kooperatibagintzan<\/b><b>&#8216;<\/b><b>\u00a0aditu-tituluaren 8. edizioa <\/b>bertan dugu. Kooperatibetako kideei eskainitako formazio honen helburua da kooperatibagintzan\u00a0ezagutza\u00a0sakona eskaintzea, kooperatibismoa bultzatzeko <span class=\"il\">eta<\/span> biziberritzeko gakoa dena. Kooperatibismoa aktibatu <span class=\"il\">eta<\/span> indartzeko helburua du, kooperatibetara erremintak eta ezagutza eramateko aukera aproposa. Aditu tituluak batez ere kooperatibetako organo sozial <span class=\"il\">eta<\/span> exekutiboetako kideen parte-hartzea izaten du. Iazko edizioan, esaterako, Kontseilu Sozial eta Kontseilu Errektoretako kideak bildu ziren bertan. Hala ere, kooperatibetako beste sail batzuetako kideak ere bildu ohi dira (pertsonal sailekoak, esaterako).<\/p>\n<div style=\"text-align: justify\">Ikastaroaren edizio berria <b>urriaren 16an hasi<\/b>ko da, eta honakoa duzue bertan parte hartzeko deialdia. Kooperatibetako esperientzia, nortasun eta funtsak ezagutu nahi badituzue, eta zuen kooperatibetan eragin nahi baduzue, hau da zuen aukera. Animatu eta jarri kontaktuan gurekin. <a href=\"http:\/\/www.mondragon.edu\/cursos\/eu\/gaiak\/kooperatibagintza-gizarte-ekonomia\/kooperatibagintzan-aditu-titulua?set_language=eu\" target=\"_blank\">Hemen <\/a>duzue informazio gehiago.<\/div>\n<div><\/div>\n<div>\n<hr \/>\n<\/div>\n<div><\/div>\n<div>\n<p style=\"text-align: justify\">Falta poco para que comience la<b> 8\u00aa edici\u00f3n del &#8216;Curso experto en Cooperativismo&#8217; <\/b>. Esta formaci\u00f3n pretende ofrecer al alumnado una base s\u00f3lida de conocimientos te\u00f3rico-pr\u00e1cticos sobre la realidad cooperativa. El objetivo de este postgrado\u00a0es contribuir en la formaci\u00f3n de personas que activen e impulsen el proyecto cooperativo, y ofrecer herramientas para tal cometido. Es un curso muy recomendable para los miembros de los \u00f3rganos sociales y directivos, presidentes, y en general,\u00a0para personas con sensibilidad e inter\u00e9s en el proyecto cooperativo.<\/p>\n<p><iframe loading=\"lazy\" class=\"embedly-embed\" src=\"\/\/cdn.embedly.com\/widgets\/media.html?src=https%3A%2F%2Fwww.slideshare.net%2Fslideshow%2Fembed_code%2Fkey%2FGfXMPf9UNltgKF&#038;url=http%3A%2F%2Fwww.slideshare.net%2Faritz_naiz%2Fkoop-aditu-titulua-mondragon-unibertsitatea&#038;image=http%3A%2F%2Fcdn.slidesharecdn.com%2Fss_thumbnails%2Faditudiptikoab7azk-mailerako-151001103747-lva1-app6892-thumbnail-4.jpg%3Fcb%3D1443696124&#038;key=9a959088b483486586e23a2f6b9facf9&#038;type=text%2Fhtml&#038;schema=slideshare\" width=\"425\" height=\"355\" scrolling=\"no\" frameborder=\"0\" allowfullscreen><\/iframe><\/p>\n<div>Esta nueva edici\u00f3n del curso <b>comenzar\u00e1 el pr\u00f3ximo 16 de octubre<\/b>. Para cualquier duda o consulta, no dudes en ponerte en contacto con los y las compa\u00f1eras de Lanki. En <a href=\"http:\/\/www.mondragon.edu\/cursos\/es\/tematicas\/economia-social-cooperativismo\/experto-en-desarrollo-cooperativo\" target=\"_blank\">la siguiente direcci\u00f3n <\/a>encontrar\u00e9is m\u00e1s informaci\u00f3n.<\/div>\n<div>\n<div><\/div>\n<div>\n<div id=\"attachment_263\" style=\"width: 310px\" class=\"wp-caption aligncenter\"><a href=\"http:\/\/mukom.mondragon.edu\/lanki\/files\/2015\/04\/P1070018_blog-e1437137120168.jpg\"><img aria-describedby=\"caption-attachment-263\" loading=\"lazy\" class=\"size-medium wp-image-263\" src=\"http:\/\/mukom.mondragon.edu\/lanki\/files\/2015\/04\/P1070018_blog-300x225.jpg\" alt=\"Iazko aditu tituluko itxiera argazkia\" width=\"300\" height=\"225\" \/><\/a><p id=\"caption-attachment-263\" class=\"wp-caption-text\">Iazko aditu tituluko itxiera argazkia<\/p><\/div>\n<\/div>\n<\/div>\n<div><\/div>\n<div><\/div>\n<\/div>\n","protected":false},"excerpt":{"rendered":"<p>&#8216;Kooperatibagintzan&#8216;\u00a0aditu-tituluaren 8. edizioa bertan dugu. Kooperatibetako kideei eskainitako formazio honen helburua da kooperatibagintzan\u00a0ezagutza\u00a0sakona eskaintzea, kooperatibismoa bultzatzeko eta biziberritzeko gakoa dena. Kooperatibismoa aktibatu eta indartzeko helburua du, kooperatibetara erremintak eta ezagutza eramateko aukera aproposa. Aditu tituluak batez ere kooperatibetako organo sozial eta exekutiboetako kideen parte-hartzea izaten du. Iazko edizioan, esaterako, Kontseilu Sozial eta Kontseilu Errektoretako kideak bildu ziren bertan. Hala ere, kooperatibetako beste sail batzuetako kideak ere bildu ohi dira (pertsonal sailekoak, esaterako). Ikastaroaren edizio berria urriaren 16an hasiko da, eta honakoa duzue bertan parte hartzeko deialdia. Kooperatibetako esperientzia, nortasun eta funtsak ezagutu nahi badituzue, eta zuen kooperatibetan eragin nahi baduzue, hau da zuen aukera. Animatu eta jarri kontaktuan gurekin. Hemen duzue informazio gehiago. Falta poco para que comience la 8\u00aa edici\u00f3n del &#8216;Curso experto en Cooperativismo&#8217; . Esta formaci\u00f3n pretende ofrecer al alumnado una base s\u00f3lida de conocimientos te\u00f3rico-pr\u00e1cticos sobre..<\/p>\n","protected":false},"author":94,"featured_media":0,"comment_status":"open","ping_status":"open","sticky":false,"template":"","format":"standard","meta":[],"categories":[44],"tags":[21,8,30,43,6,42,9],"amp_enabled":true,"_links":{"self":[{"href":"https:\/\/mukom.mondragon.edu\/lanki\/wp-json\/wp\/v2\/posts\/361"}],"collection":[{"href":"https:\/\/mukom.mondragon.edu\/lanki\/wp-json\/wp\/v2\/posts"}],"about":[{"href":"https:\/\/mukom.mondragon.edu\/lanki\/wp-json\/wp\/v2\/types\/post"}],"author":[{"embeddable":true,"href":"https:\/\/mukom.mondragon.edu\/lanki\/wp-json\/wp\/v2\/users\/94"}],"replies":[{"embeddable":true,"href":"https:\/\/mukom.mondragon.edu\/lanki\/wp-json\/wp\/v2\/comments?post=361"}],"version-history":[{"count":13,"href":"https:\/\/mukom.mondragon.edu\/lanki\/wp-json\/wp\/v2\/posts\/361\/revisions"}],"predecessor-version":[{"id":810,"href":"https:\/\/mukom.mondragon.edu\/lanki\/wp-json\/wp\/v2\/posts\/361\/revisions\/810"}],"wp:attachment":[{"href":"https:\/\/mukom.mondragon.edu\/lanki\/wp-json\/wp\/v2\/media?parent=361"}],"wp:term":[{"taxonomy":"category","embeddable":true,"href":"https:\/\/mukom.mondragon.edu\/lanki\/wp-json\/wp\/v2\/categories?post=361"},{"taxonomy":"post_tag","embeddable":true,"href":"https:\/\/mukom.mondragon.edu\/lanki\/wp-json\/wp\/v2\/tags?post=361"}],"curies":[{"name":"wp","href":"https:\/\/api.w.org\/{rel}","templated":true}]}}