{"id":999,"date":"2022-06-27T15:30:10","date_gmt":"2022-06-27T15:30:10","guid":{"rendered":"https:\/\/mukom.mondragon.edu\/mondragon-unibertsitatea-learning-from-reality\/?p=999"},"modified":"2022-07-26T10:25:44","modified_gmt":"2022-07-26T10:25:44","slug":"como-gestionar-y-retener-el-talento-en-las-empresas","status":"publish","type":"post","link":"https:\/\/mukom.mondragon.edu\/mondragon-unibertsitatea-learning-from-reality\/2022\/06\/27\/como-gestionar-y-retener-el-talento-en-las-empresas\/","title":{"rendered":"C\u00f3mo gestionar y retener el talento en las empresas"},"content":{"rendered":"<p><a title=\"Mtalent 2021-19\" href=\"https:\/\/www.flickr.com\/photos\/enpresagintza\/51537415747\/in\/album-72157719937711874\/\"><img loading=\"lazy\" src=\"https:\/\/live.staticflickr.com\/65535\/51537415747_253b40686b_k.jpg\" alt=\"Mtalent 2021-19\" width=\"2048\" height=\"1365\" \/><\/a><\/p>\n<p>La<strong>\u00a0globalizaci\u00f3n, la competitividad, la digitalizaci\u00f3n<\/strong>\u00a0y los nuevos<strong>\u00a0modelos de gesti\u00f3n empresarial,\u00a0junto a los cambios en las propias expectativas de las personas,<\/strong>\u00a0obligan a las organizaciones a estar\u00a0<strong>permanentemente actualizadas<\/strong>. Un contexto en el que gestionar y retener<strong>\u00a0el talento es el eje clave para abordar todos los retos a los que se enfrentan hoy d\u00eda las empresas<\/strong>.<\/p>\n<p>Para tratar de aportar conocimiento a las empresas, el <a href=\"https:\/\/mik.mondragon.edu\/es\/gestion-talento-personas\" target=\"_blank\" rel=\"noopener\">equipo de I+T de Gesti\u00f3n del Talento de las Personas<\/a> de Enpresagintza\/MIK viene desarrollando distintas l\u00edneas de trabajo en torno al talento, el liderazgo, la participaci\u00f3n o el aprendizaje; elementos que, en este contexto de profundo cambio cultural, van a constituirse en diferenciadores de competitividad y sostenibilidad de las empresas. Las\u00a0organizaciones deben saber atraer a el o la profesional, ya que m\u00e1s de un 70% de las empresas tienen problemas para cubrir sus puestos vacantes, sobre todo los que exigen mayor cualificaci\u00f3n.<\/p>\n<p>As\u00ed, surgen nuevos conceptos para describir estas nuevas realidades y necesidades. Mediante el\u00a0<a href=\"https:\/\/mik.mondragon.edu\/es\/employer-branding\" target=\"_blank\" rel=\"noopener\"><em>employer branding<\/em><\/a> se trabaja la reputaci\u00f3n de una organizaci\u00f3n como empleadora y su propuesta de valor hacia los empleados o potenciales trabajadores; mientras que el <a href=\"https:\/\/mik.mondragon.edu\/es\/employee-experience\" target=\"_blank\" rel=\"noopener\"><em>empoyee experience<\/em><\/a>\u00a0mide la \u201cescala del bienestar\u201d de la plantilla y muestra c\u00f3mo cualquier mejora en el bienestar del personal redunda en una mayor productividad.<\/p>\n<p>En un reciente coloquio sobre Talento y Formaci\u00f3n organizado por Noticias de Gipuzkoa, Mikel Mesonero \u2013coordinador de Generaci\u00f3n y Desarrollo Talento en Gesti\u00f3n en la Facultad de Empresariales\u2013 se refiri\u00f3 al movimiento\u00a0<i>Great Resignation<\/i>\u00a0(La gran dimisi\u00f3n), una tendencia global que comenz\u00f3 en Estados Unidos en julio de 2020, tras la pandemia de covid-19, cuando millones de estadounidenses insatisfechos con su trabajo o su salario renunciaron a \u00e9l. &#8220;Cuando hay una desconexi\u00f3n con el proyecto de la empresa es preciso apoyarse en las experiencias de aprendizaje que permitan el desarrollo personal y profesional de las personas&#8221;, dijo. Y a\u00f1adi\u00f3 que es fundamental &#8220;lograr un equilibrio entre las\u00a0<i>hard skills<\/i>\u00a0y las\u00a0<i>soft skills<\/i>, teniendo en cuenta que las primeras te posibilitan optar al puesto y las segundas te permiten desarrollarte&#8221;.<\/p>\n<h3>Proyectos de investigaci\u00f3n sobre gesti\u00f3n del talento<\/h3>\n<p>El \u00faltimo n\u00famero de la revista <a href=\"http:\/\/ebiltegia.mondragon.edu\/xmlui\/bitstream\/handle\/20.500.11984\/5493\/Ikertzen_13_ES_QR.pdf\" target=\"_blank\" rel=\"noopener\">Ikertzen<\/a> (p\u00e1gs. 12 y 13)\u00a0recoge algunos de los proyectos de investigaci\u00f3n m\u00e1s destacados del equipo de I+T de Gesti\u00f3n del Talento de las Personas de Enpresagintza.<\/p>\n<p>En 2021 este grupo, junto al Cluster de Alimentaci\u00f3n de Euskadi (CLUAE) y el apoyo de la Diputaci\u00f3n de Gipuzkoa, trabaj\u00f3 en Nuevas Formas de Trabajo (NFT) para el sector Alimentaci\u00f3n. La conclusi\u00f3n fue la necesidad de poner a las personas en el centro, compaginando su bienestar con la competitividad del negocio, a trav\u00e9s de mayor flexibilidad y mejoras en la conciliaci\u00f3n.<\/p>\n<p>Ese mismo a\u00f1o 2021, se abord\u00f3\u00a0un proyecto sobre aprendizaje y relevo generacional en Fagor Automation. Para ello, el grupo de Gesti\u00f3n del Talento trabaj\u00f3 en el dise\u00f1o de una estructura \u00e1gil de aprendizaje organizacional que permitiera abordar con eficacia la gesti\u00f3n y socializaci\u00f3n del conocimiento, adem\u00e1s de identificar las necesidades de aprendizaje y facilitar la creaci\u00f3n de nuevo conocimiento.<\/p>\n<h3>En 2023 se inaugurar\u00e1 el proyecto Fabrika<\/h3>\n<p>Hace diez a\u00f1os, ADEGI lanz\u00f3 los principios de la nueva cultura de empresa para impulsar un tejido empresarial basado en la participaci\u00f3n y la confianza. Esta experiencia llev\u00f3 a ADEGI a crear Fabrika: el primer centro de alto rendimiento dise\u00f1ado para la transformaci\u00f3n cultural de las empresas y enfocado en ofrecer a la sociedad un nuevo paradigma de entender las organizaciones como agentes de transformaci\u00f3n social. La <a href=\"https:\/\/www.mondragon.edu\/es\/-\/fabrika-colaboracion-mondragon-unibertsitatea-desarrollo?utm_campaign=korporatiboa-fabrika&amp;utm_source=mukom.mondragon.edu&amp;utm_medium=social-organic&amp;utm_content=&amp;utm_term=\" target=\"_blank\" rel=\"noopener\">Facultad de Empresariales es el partner estrat\u00e9gico de Fabrika<\/a> que colaborar\u00e1 en el desarrollo del proyecto aportando personas facilitadoras y conocimiento a la unidad de I+D del centro.<\/p>\n<p>Fabrika ya est\u00e1 trabajando con m\u00e1s de 120 empresas guipuzcoanas y la inauguraci\u00f3n de su nuevo edificio, sobre una parcela de 3.450 metros caudrados en el Parque Tecnol\u00f3gico de Miram\u00f3n, est\u00e1 prevista para enero de 2023.<\/p>\n<h3>M\u00e1ster Mtalent, ahora tambi\u00e9n desde Barcelona<\/h3>\n<p>En el \u00e1mbito acad\u00e9mico, la principal herramienta de Enpresagintza para formar en gesti\u00f3n del talento es el <a href=\"https:\/\/www.mondragon.edu\/es\/master-universitario-gestion-estrategica-talento-personas\" target=\"_blank\" rel=\"noopener\">M\u00e1ster Universitario en Gesti\u00f3n Estrat\u00e9gica del Talento de las Personas<\/a> (MTalent). Este viene imparti\u00e9ndose en los campus de O\u00f1ati, Bidasoa-Irun y Bilbao AS Fabrik, y\u00a0 a partir\u00a0del curso 2022-23 tambi\u00e9n\u00a0se podr\u00e1 acceer al m\u00e1ster desde el Laboratorio de\u00a0Barcelona. Esta\u00a0novedad se present\u00f3 con una mesa redonda titulada &#8216;Talento para el talento: nuevos tiempos, nuevas competencias&#8217;.<\/p>\n<p>Bego\u00f1a Echaburu, coordinadora del equipo principal de investigaci\u00f3n y coordinadora del M\u00e1ster Mtalent, se\u00f1al\u00f3 que &#8220;nos caracterizan tres factores: la innovaci\u00f3n, la transformaci\u00f3n social y el\u00a0situar a las personas como protagonistas de nuestros proyectos socio-empresariales. En coherencia con todo ello, y desde el ecosistema Mtalent, aportamos una propuesta de aprendizaje diferencial, que provoca difuminar los l\u00edmites entre la universidad y la empresa, ofreciendo un recorrido por contenidos que viajan por los retos reales que las empresas tienen que abordar respecto al ciclo de vida de sus personas&#8221;.<\/p>\n","protected":false},"excerpt":{"rendered":"<p>La\u00a0globalizaci\u00f3n, la competitividad, la digitalizaci\u00f3n\u00a0y los nuevos\u00a0modelos de gesti\u00f3n empresarial,\u00a0junto a los cambios en las propias expectativas de las personas,\u00a0obligan a las organizaciones a estar\u00a0permanentemente actualizadas. Un contexto en el que gestionar y retener\u00a0el talento es el eje clave para abordar todos los retos a los que se enfrentan hoy d\u00eda las empresas. Para tratar de aportar conocimiento a las empresas, el equipo de I+T de Gesti\u00f3n del Talento de las Personas de Enpresagintza\/MIK viene desarrollando distintas l\u00edneas de trabajo en torno al talento, el liderazgo, la participaci\u00f3n o el aprendizaje; elementos que, en este contexto de profundo cambio cultural, van a constituirse en diferenciadores de competitividad y sostenibilidad de las empresas. Las\u00a0organizaciones deben saber atraer a el o la profesional, ya que m\u00e1s de un 70% de las empresas tienen problemas para cubrir sus puestos vacantes, sobre todo los..<\/p>\n","protected":false},"author":296,"featured_media":-1,"comment_status":"open","ping_status":"open","sticky":false,"template":"","format":"standard","meta":[],"categories":[1],"tags":[],"series":[],"yoast_head":"<!-- This site is optimized with the Yoast SEO plugin v19.8 - https:\/\/yoast.com\/wordpress\/plugins\/seo\/ -->\n<title>C\u00f3mo gestionar y retener talento en las empresas|MUnibertsitatea<\/title>\n<meta name=\"description\" content=\"Un equipo de I+T de Mondragon Unibertsitatea investiga en gesti\u00f3n del talento en las empresas.\" \/>\n<meta name=\"robots\" content=\"index, follow, max-snippet:-1, max-image-preview:large, max-video-preview:-1\" \/>\n<meta property=\"og:locale\" content=\"en_US\" \/>\n<meta property=\"og:type\" content=\"article\" \/>\n<meta property=\"og:title\" content=\"C\u00f3mo gestionar y retener talento en las empresas|MUnibertsitatea\" \/>\n<meta property=\"og:description\" content=\"Un equipo de I+T de Mondragon Unibertsitatea investiga en gesti\u00f3n del talento en las empresas.\" \/>\n<meta property=\"og:url\" content=\"https:\/\/mukom.mondragon.edu\/mondragon-unibertsitatea-learning-from-reality\/2022\/06\/27\/como-gestionar-y-retener-el-talento-en-las-empresas\/\" \/>\n<meta property=\"og:site_name\" content=\"Learning From Reality\" \/>\n<meta property=\"article:published_time\" content=\"2022-06-27T15:30:10+00:00\" \/>\n<meta property=\"article:modified_time\" content=\"2022-07-26T10:25:44+00:00\" \/>\n<meta name=\"author\" content=\"Learning From Reality\" \/>\n<meta name=\"twitter:card\" content=\"summary_large_image\" \/>\n<meta name=\"twitter:label1\" content=\"Written by\" \/>\n\t<meta name=\"twitter:data1\" content=\"Learning From Reality\" \/>\n\t<meta name=\"twitter:label2\" content=\"Est. reading time\" \/>\n\t<meta name=\"twitter:data2\" content=\"5 minutua\" \/>\n<script type=\"application\/ld+json\" class=\"yoast-schema-graph\">{\"@context\":\"https:\/\/schema.org\",\"@graph\":[{\"@type\":\"WebPage\",\"@id\":\"https:\/\/mukom.mondragon.edu\/mondragon-unibertsitatea-learning-from-reality\/2022\/06\/27\/como-gestionar-y-retener-el-talento-en-las-empresas\/\",\"url\":\"https:\/\/mukom.mondragon.edu\/mondragon-unibertsitatea-learning-from-reality\/2022\/06\/27\/como-gestionar-y-retener-el-talento-en-las-empresas\/\",\"name\":\"C\u00f3mo gestionar y retener talento en las empresas|MUnibertsitatea\",\"isPartOf\":{\"@id\":\"https:\/\/mukom.mondragon.edu\/mondragon-unibertsitatea-learning-from-reality\/#website\"},\"datePublished\":\"2022-06-27T15:30:10+00:00\",\"dateModified\":\"2022-07-26T10:25:44+00:00\",\"author\":{\"@id\":\"https:\/\/mukom.mondragon.edu\/mondragon-unibertsitatea-learning-from-reality\/#\/schema\/person\/547bef1163400d821600d41ff16bb5a3\"},\"description\":\"Un equipo de I+T de Mondragon Unibertsitatea investiga en gesti\u00f3n del talento en las empresas.\",\"breadcrumb\":{\"@id\":\"https:\/\/mukom.mondragon.edu\/mondragon-unibertsitatea-learning-from-reality\/2022\/06\/27\/como-gestionar-y-retener-el-talento-en-las-empresas\/#breadcrumb\"},\"inLanguage\":\"eu\",\"potentialAction\":[{\"@type\":\"ReadAction\",\"target\":[\"https:\/\/mukom.mondragon.edu\/mondragon-unibertsitatea-learning-from-reality\/2022\/06\/27\/como-gestionar-y-retener-el-talento-en-las-empresas\/\"]}]},{\"@type\":\"BreadcrumbList\",\"@id\":\"https:\/\/mukom.mondragon.edu\/mondragon-unibertsitatea-learning-from-reality\/2022\/06\/27\/como-gestionar-y-retener-el-talento-en-las-empresas\/#breadcrumb\",\"itemListElement\":[{\"@type\":\"ListItem\",\"position\":1,\"name\":\"Portada\",\"item\":\"https:\/\/mukom.mondragon.edu\/mondragon-unibertsitatea-learning-from-reality\/\"},{\"@type\":\"ListItem\",\"position\":2,\"name\":\"C\u00f3mo gestionar y retener el talento en las empresas\"}]},{\"@type\":\"WebSite\",\"@id\":\"https:\/\/mukom.mondragon.edu\/mondragon-unibertsitatea-learning-from-reality\/#website\",\"url\":\"https:\/\/mukom.mondragon.edu\/mondragon-unibertsitatea-learning-from-reality\/\",\"name\":\"Learning From Reality\",\"description\":\"\",\"potentialAction\":[{\"@type\":\"SearchAction\",\"target\":{\"@type\":\"EntryPoint\",\"urlTemplate\":\"https:\/\/mukom.mondragon.edu\/mondragon-unibertsitatea-learning-from-reality\/?s={search_term_string}\"},\"query-input\":\"required name=search_term_string\"}],\"inLanguage\":\"eu\"},{\"@type\":\"Person\",\"@id\":\"https:\/\/mukom.mondragon.edu\/mondragon-unibertsitatea-learning-from-reality\/#\/schema\/person\/547bef1163400d821600d41ff16bb5a3\",\"name\":\"Learning From Reality\",\"image\":{\"@type\":\"ImageObject\",\"inLanguage\":\"eu\",\"@id\":\"https:\/\/mukom.mondragon.edu\/mondragon-unibertsitatea-learning-from-reality\/#\/schema\/person\/image\/\",\"url\":\"https:\/\/secure.gravatar.com\/avatar\/cd31cbbadf0c5170fa34cc8ccfd89245?s=96&d=mm&r=g\",\"contentUrl\":\"https:\/\/secure.gravatar.com\/avatar\/cd31cbbadf0c5170fa34cc8ccfd89245?s=96&d=mm&r=g\",\"caption\":\"Learning From Reality\"},\"url\":\"https:\/\/mukom.mondragon.edu\/mondragon-unibertsitatea-learning-from-reality\/author\/xigoaazk\/\"}]}<\/script>\n<!-- \/ Yoast SEO plugin. -->","yoast_head_json":{"title":"C\u00f3mo gestionar y retener talento en las empresas|MUnibertsitatea","description":"Un equipo de I+T de Mondragon Unibertsitatea investiga en gesti\u00f3n del talento en las empresas.","robots":{"index":"index","follow":"follow","max-snippet":"max-snippet:-1","max-image-preview":"max-image-preview:large","max-video-preview":"max-video-preview:-1"},"og_locale":"en_US","og_type":"article","og_title":"C\u00f3mo gestionar y retener talento en las empresas|MUnibertsitatea","og_description":"Un equipo de I+T de Mondragon Unibertsitatea investiga en gesti\u00f3n del talento en las empresas.","og_url":"https:\/\/mukom.mondragon.edu\/mondragon-unibertsitatea-learning-from-reality\/2022\/06\/27\/como-gestionar-y-retener-el-talento-en-las-empresas\/","og_site_name":"Learning From Reality","article_published_time":"2022-06-27T15:30:10+00:00","article_modified_time":"2022-07-26T10:25:44+00:00","author":"Learning From Reality","twitter_card":"summary_large_image","twitter_misc":{"Written by":"Learning From Reality","Est. reading time":"5 minutua"},"schema":{"@context":"https:\/\/schema.org","@graph":[{"@type":"WebPage","@id":"https:\/\/mukom.mondragon.edu\/mondragon-unibertsitatea-learning-from-reality\/2022\/06\/27\/como-gestionar-y-retener-el-talento-en-las-empresas\/","url":"https:\/\/mukom.mondragon.edu\/mondragon-unibertsitatea-learning-from-reality\/2022\/06\/27\/como-gestionar-y-retener-el-talento-en-las-empresas\/","name":"C\u00f3mo gestionar y retener talento en las empresas|MUnibertsitatea","isPartOf":{"@id":"https:\/\/mukom.mondragon.edu\/mondragon-unibertsitatea-learning-from-reality\/#website"},"datePublished":"2022-06-27T15:30:10+00:00","dateModified":"2022-07-26T10:25:44+00:00","author":{"@id":"https:\/\/mukom.mondragon.edu\/mondragon-unibertsitatea-learning-from-reality\/#\/schema\/person\/547bef1163400d821600d41ff16bb5a3"},"description":"Un equipo de I+T de Mondragon Unibertsitatea investiga en gesti\u00f3n del talento en las empresas.","breadcrumb":{"@id":"https:\/\/mukom.mondragon.edu\/mondragon-unibertsitatea-learning-from-reality\/2022\/06\/27\/como-gestionar-y-retener-el-talento-en-las-empresas\/#breadcrumb"},"inLanguage":"eu","potentialAction":[{"@type":"ReadAction","target":["https:\/\/mukom.mondragon.edu\/mondragon-unibertsitatea-learning-from-reality\/2022\/06\/27\/como-gestionar-y-retener-el-talento-en-las-empresas\/"]}]},{"@type":"BreadcrumbList","@id":"https:\/\/mukom.mondragon.edu\/mondragon-unibertsitatea-learning-from-reality\/2022\/06\/27\/como-gestionar-y-retener-el-talento-en-las-empresas\/#breadcrumb","itemListElement":[{"@type":"ListItem","position":1,"name":"Portada","item":"https:\/\/mukom.mondragon.edu\/mondragon-unibertsitatea-learning-from-reality\/"},{"@type":"ListItem","position":2,"name":"C\u00f3mo gestionar y retener el talento en las empresas"}]},{"@type":"WebSite","@id":"https:\/\/mukom.mondragon.edu\/mondragon-unibertsitatea-learning-from-reality\/#website","url":"https:\/\/mukom.mondragon.edu\/mondragon-unibertsitatea-learning-from-reality\/","name":"Learning From Reality","description":"","potentialAction":[{"@type":"SearchAction","target":{"@type":"EntryPoint","urlTemplate":"https:\/\/mukom.mondragon.edu\/mondragon-unibertsitatea-learning-from-reality\/?s={search_term_string}"},"query-input":"required name=search_term_string"}],"inLanguage":"eu"},{"@type":"Person","@id":"https:\/\/mukom.mondragon.edu\/mondragon-unibertsitatea-learning-from-reality\/#\/schema\/person\/547bef1163400d821600d41ff16bb5a3","name":"Learning From Reality","image":{"@type":"ImageObject","inLanguage":"eu","@id":"https:\/\/mukom.mondragon.edu\/mondragon-unibertsitatea-learning-from-reality\/#\/schema\/person\/image\/","url":"https:\/\/secure.gravatar.com\/avatar\/cd31cbbadf0c5170fa34cc8ccfd89245?s=96&d=mm&r=g","contentUrl":"https:\/\/secure.gravatar.com\/avatar\/cd31cbbadf0c5170fa34cc8ccfd89245?s=96&d=mm&r=g","caption":"Learning From Reality"},"url":"https:\/\/mukom.mondragon.edu\/mondragon-unibertsitatea-learning-from-reality\/author\/xigoaazk\/"}]}},"amp_enabled":true,"_links":{"self":[{"href":"https:\/\/mukom.mondragon.edu\/mondragon-unibertsitatea-learning-from-reality\/wp-json\/wp\/v2\/posts\/999"}],"collection":[{"href":"https:\/\/mukom.mondragon.edu\/mondragon-unibertsitatea-learning-from-reality\/wp-json\/wp\/v2\/posts"}],"about":[{"href":"https:\/\/mukom.mondragon.edu\/mondragon-unibertsitatea-learning-from-reality\/wp-json\/wp\/v2\/types\/post"}],"author":[{"embeddable":true,"href":"https:\/\/mukom.mondragon.edu\/mondragon-unibertsitatea-learning-from-reality\/wp-json\/wp\/v2\/users\/296"}],"replies":[{"embeddable":true,"href":"https:\/\/mukom.mondragon.edu\/mondragon-unibertsitatea-learning-from-reality\/wp-json\/wp\/v2\/comments?post=999"}],"version-history":[{"count":10,"href":"https:\/\/mukom.mondragon.edu\/mondragon-unibertsitatea-learning-from-reality\/wp-json\/wp\/v2\/posts\/999\/revisions"}],"predecessor-version":[{"id":1016,"href":"https:\/\/mukom.mondragon.edu\/mondragon-unibertsitatea-learning-from-reality\/wp-json\/wp\/v2\/posts\/999\/revisions\/1016"}],"wp:featuredmedia":[{"embeddable":true,"href":"https:\/\/mukom.mondragon.edu\/mondragon-unibertsitatea-learning-from-reality\/wp-json\/"}],"wp:attachment":[{"href":"https:\/\/mukom.mondragon.edu\/mondragon-unibertsitatea-learning-from-reality\/wp-json\/wp\/v2\/media?parent=999"}],"wp:term":[{"taxonomy":"category","embeddable":true,"href":"https:\/\/mukom.mondragon.edu\/mondragon-unibertsitatea-learning-from-reality\/wp-json\/wp\/v2\/categories?post=999"},{"taxonomy":"post_tag","embeddable":true,"href":"https:\/\/mukom.mondragon.edu\/mondragon-unibertsitatea-learning-from-reality\/wp-json\/wp\/v2\/tags?post=999"},{"taxonomy":"series","embeddable":true,"href":"https:\/\/mukom.mondragon.edu\/mondragon-unibertsitatea-learning-from-reality\/wp-json\/wp\/v2\/series?post=999"}],"curies":[{"name":"wp","href":"https:\/\/api.w.org\/{rel}","templated":true}]}}