{"id":1050,"date":"2018-06-21T08:27:17","date_gmt":"2018-06-21T06:27:17","guid":{"rendered":"http:\/\/mukom.mondragon.edu\/mondragonfp\/?p=1050"},"modified":"2018-06-21T08:27:17","modified_gmt":"2018-06-21T06:27:17","slug":"testimonio-alumno-dual-ciclo-fp-sistemas-electrotecnicos-y-automatizados-en-uhs","status":"publish","type":"post","link":"https:\/\/mukom.mondragon.edu\/mondragonfp\/es\/2018\/06\/21\/testimonio-alumno-dual-ciclo-fp-sistemas-electrotecnicos-y-automatizados-en-uhs\/","title":{"rendered":"Testimonio alumno DUAL Ciclo FP Sistemas Electrot\u00e9cnicos y Automatizados en UHS"},"content":{"rendered":"<p><img loading=\"lazy\" class=\"aligncenter\" src=\"https:\/\/farm2.staticflickr.com\/1810\/41086996200_0122a7cd5a.jpg\" width=\"500\" height=\"330\" \/><\/p>\n<p style=\"text-align: justify\">Soy, <strong>Javier Garc\u00eda,<\/strong> y vengo de cursar un Ciclo Formativo Medio de la misma rama que el realizado en <a href=\"https:\/\/www.mondragon.edu\/es\/escuela-politecnica-superior\">MGE<\/a><a href=\"https:\/\/www.mondragon.edu\/es\/escuela-politecnica-superior\">P<\/a> durante estos dos a\u00f1os. En junio de 2018 habr\u00e9 acabado el <a href=\"https:\/\/www.mondragon.edu\/es\/formacion-profesional-sistemas-electrotecnicos-automatizados\">Ciclo Superior de Sistemas Electrot\u00e9cnicos y Automatizados<\/a> y desde ya puedo hacer un balance completo de mis impresiones sobre los estudios y la universidad en s\u00ed, ya que vengo de un entorno totalmente ajeno a la cooperativa y todo lo que le rodea.<br \/>\nPrimeramente me decid\u00ed a estudiar aqu\u00ed por la posibilidad de realizar dicho ciclo en la modalidad de <a href=\"https:\/\/www.mondragon.edu\/es\/formacion-profesional-sistemas-electrotecnicos-automatizados\/formacion-dual-regimen-alternancia\">DUAL<\/a> y segundamente porque lo poco que hab\u00eda o\u00eddo sobre la universidad hab\u00edan sido buenas palabras hacia este tipo de estudios.<br \/>\nComo aspectos positivos rese\u00f1ables ser\u00edan la<strong> educaci\u00f3n por proyectos,\u00a0retos\u00a0(aprender haciendo),\u00a0<\/strong>\u00a0que no conoc\u00eda pero qued\u00e9 satisfecho con el m\u00e9todo. Las <strong>instalaciones y materiales<\/strong> tambi\u00e9n me parecieron envidiables, ya que se dispon\u00edan de muchos materiales que se fuimos utilizando a lo largo del ciclo.<br \/>\nEn cuanto al periodo formativo en <a href=\"https:\/\/www.mondragon.edu\/es\/formacion-profesional-sistemas-electrotecnicos-automatizados\/formacion-dual-regimen-alternancia\">DUAL<\/a> cubre un a\u00f1o natural completo, que se compagina con las clases del segundo curso. Tras varias entrevistas en distintas empresas, la que m\u00e1s satisfecho qued\u00e9 y acab\u00e9 firmando contrato fue con <a href=\"https:\/\/www.ulmahandling.com\/es\/?gclid=EAIaIQobChMIk8bWkNPf2wIVojLTCh09KgjIEAAYASAAEgLkbvD_BwE\">Ulma Handling Systems<\/a>\u00a0(<a href=\"https:\/\/www.ulmahandling.com\/es\/?gclid=EAIaIQobChMIk8bWkNPf2wIVojLTCh09KgjIEAAYASAAEgLkbvD_BwE\">UHS<\/a>), la cual se dedica a la intralog\u00edstica o dicho de otro modo, hace <strong>almacenes automatizados<\/strong>.<br \/>\nMi experiencia en esta modalidad elegida del ciclo formativo\u00a0(electrot\u00e9cnica) ha sido positiva ya que te ampl\u00eda campos en los que no han podido llegar los estudios y de esta forma as\u00ed te complementa academicamente. Durante mi periodo en <a href=\"https:\/\/www.ulmahandling.com\/es\/?gclid=EAIaIQobChMIk8bWkNPf2wIVojLTCh09KgjIEAAYASAAEgLkbvD_BwE\">UHS<\/a> he desempe\u00f1ado m\u00e1s de una tarea en la empresa, d\u00e1ndome as\u00ed un <strong>car\u00e1cter m\u00e1s multidisciplinar.<\/strong> He conocido de esta forma m\u00e1s ampliamente esta empresa y sus formas de trabajo, as\u00ed como su organizaci\u00f3n. Tambi\u00e9n, en m\u00e1s de una ocasi\u00f3n he tenido que trabajar conjuntamente con otras personas de iguales o diferentes perfiles para solucionar algunas situaciones, mejorando<strong> mi forma de trabajo en equipo.<\/strong><br \/>\nAunque s\u00ed que es cierto que la <strong>DUAL<\/strong> e<strong>s un grado m\u00e1s de esfuerzo a la hora de completar el curso pero desde mi opini\u00f3n merece la pena<\/strong>. Adem\u00e1s durante este tiempo he podido tambi\u00e9n, <strong>viajar a algunas instalaciones<\/strong>. Una de ellas en Francia, que a\u00fan m\u00e1s si cabe enriquece el propio hecho de estas pr\u00e1cticas, adem\u00e1s de <strong>poder ver una instalaci\u00f3n de gran tama\u00f1o durante su puesta en marcha y entender mejor las tareas que desempe\u00f1an los distintos departamentos, para darme una visi\u00f3n m\u00e1s global del trabajo que se realiza en la empresa.<\/strong><\/p>\n","protected":false},"excerpt":{"rendered":"<p>Soy, Javier Garc\u00eda, y vengo de cursar un Ciclo Formativo Medio de la misma rama que el realizado en MGEP durante estos dos a\u00f1os. En junio de 2018 habr\u00e9 acabado el Ciclo Superior de Sistemas Electrot\u00e9cnicos y Automatizados y desde ya puedo hacer un balance completo de mis impresiones sobre los estudios y la universidad en s\u00ed, ya que vengo de un entorno totalmente ajeno a la cooperativa y todo lo que le rodea. Primeramente me decid\u00ed a estudiar aqu\u00ed por la posibilidad de realizar dicho ciclo en la modalidad de DUAL y segundamente porque lo poco que hab\u00eda o\u00eddo sobre la universidad hab\u00edan sido buenas palabras hacia este tipo de estudios. Como aspectos positivos rese\u00f1ables ser\u00edan la educaci\u00f3n por proyectos,\u00a0retos\u00a0(aprender haciendo),\u00a0\u00a0que no conoc\u00eda pero qued\u00e9 satisfecho con el m\u00e9todo. Las instalaciones y materiales tambi\u00e9n me parecieron envidiables, ya que&#8230;<\/p>\n","protected":false},"author":289,"featured_media":-1,"comment_status":"open","ping_status":"open","sticky":false,"template":"","format":"standard","meta":[],"categories":[171,183,144,114,181],"tags":[],"amp_enabled":true,"_links":{"self":[{"href":"https:\/\/mukom.mondragon.edu\/mondragonfp\/wp-json\/wp\/v2\/posts\/1050"}],"collection":[{"href":"https:\/\/mukom.mondragon.edu\/mondragonfp\/wp-json\/wp\/v2\/posts"}],"about":[{"href":"https:\/\/mukom.mondragon.edu\/mondragonfp\/wp-json\/wp\/v2\/types\/post"}],"author":[{"embeddable":true,"href":"https:\/\/mukom.mondragon.edu\/mondragonfp\/wp-json\/wp\/v2\/users\/289"}],"replies":[{"embeddable":true,"href":"https:\/\/mukom.mondragon.edu\/mondragonfp\/wp-json\/wp\/v2\/comments?post=1050"}],"version-history":[{"count":4,"href":"https:\/\/mukom.mondragon.edu\/mondragonfp\/wp-json\/wp\/v2\/posts\/1050\/revisions"}],"predecessor-version":[{"id":1056,"href":"https:\/\/mukom.mondragon.edu\/mondragonfp\/wp-json\/wp\/v2\/posts\/1050\/revisions\/1056"}],"wp:featuredmedia":[{"embeddable":true,"href":"https:\/\/mukom.mondragon.edu\/mondragonfp\/wp-json\/"}],"wp:attachment":[{"href":"https:\/\/mukom.mondragon.edu\/mondragonfp\/wp-json\/wp\/v2\/media?parent=1050"}],"wp:term":[{"taxonomy":"category","embeddable":true,"href":"https:\/\/mukom.mondragon.edu\/mondragonfp\/wp-json\/wp\/v2\/categories?post=1050"},{"taxonomy":"post_tag","embeddable":true,"href":"https:\/\/mukom.mondragon.edu\/mondragonfp\/wp-json\/wp\/v2\/tags?post=1050"}],"curies":[{"name":"wp","href":"https:\/\/api.w.org\/{rel}","templated":true}]}}