{"id":112,"date":"2015-04-27T10:26:20","date_gmt":"2015-04-27T08:26:20","guid":{"rendered":"http:\/\/mukom.mondragon.edu\/mondragonfp\/?p=112"},"modified":"2015-04-27T10:26:43","modified_gmt":"2015-04-27T08:26:43","slug":"112","status":"publish","type":"post","link":"https:\/\/mukom.mondragon.edu\/mondragonfp\/2015\/04\/27\/112\/","title":{"rendered":"JORNADA DE PUERTAS ABIERTAS EN FORMACI\u00d3N PROFESIONAL"},"content":{"rendered":"<div id=\"attachment_110\" style=\"width: 310px\" class=\"wp-caption aligncenter\"><a href=\"http:\/\/mukom.mondragon.edu\/mondragonfp\/files\/2015\/04\/Ate-irekiak-20150422.jpg\"><img aria-describedby=\"caption-attachment-110\" loading=\"lazy\" class=\"size-medium wp-image-110\" alt=\"Puertas abiertas 22-04-2015\" src=\"http:\/\/mukom.mondragon.edu\/mondragonfp\/files\/2015\/04\/Ate-irekiak-20150422-300x181.jpg\" width=\"300\" height=\"181\" \/><\/a><p id=\"caption-attachment-110\" class=\"wp-caption-text\">Presentaci\u00f3n de puertas abiertas<\/p><\/div>\n<p style=\"text-align: left\">El 22 de abril se celebr\u00f3 una jornada de puertas abiertas en Mondragon Goi Eskola\u00a0Politeknikoa para conocer de puertas adentro los <a title=\"Oferta ciclos de MGEP\" href=\"http:\/\/http:\/\/www.mondragon.edu\/es\/eps\/estudios\/ciclos-formativos-de-grado-superior\">ciclos formativos de grado superior<\/a>.<\/p>\n<p style=\"text-align: left\">Despu\u00e9s de la exposici\u00f3n de Gorka Aretxaga, se hizo una demostraci\u00f3n con el robot que los\u00a0alumnos han desarrollado para la competici\u00f3n FTC de este a\u00f1o. Para terminar, los que se\u00a0acercaron tuvieron la oportunidad de conocer las caracter\u00edsticas de los diferentes ciclos\u00a0formativos y tambi\u00e9n para ver las instalaciones de la mano de los coordinadores de cada ciclo\u00a0formativo.<\/p>\n<p>&nbsp;<\/p>\n","protected":false},"excerpt":{"rendered":"<p>El 22 de abril se celebr\u00f3 una jornada de puertas abiertas en Mondragon Goi Eskola\u00a0Politeknikoa para conocer de puertas adentro los ciclos formativos de grado superior. Despu\u00e9s de la exposici\u00f3n de Gorka Aretxaga, se hizo una demostraci\u00f3n con el robot que los\u00a0alumnos han desarrollado para la competici\u00f3n FTC de este a\u00f1o. Para terminar, los que se\u00a0acercaron tuvieron la oportunidad de conocer las caracter\u00edsticas de los diferentes ciclos\u00a0formativos y tambi\u00e9n para ver las instalaciones de la mano de los coordinadores de cada ciclo\u00a0formativo. &nbsp;<\/p>\n","protected":false},"author":238,"featured_media":0,"comment_status":"open","ping_status":"open","sticky":false,"template":"","format":"standard","meta":[],"categories":[1],"tags":[],"amp_enabled":true,"_links":{"self":[{"href":"https:\/\/mukom.mondragon.edu\/mondragonfp\/wp-json\/wp\/v2\/posts\/112"}],"collection":[{"href":"https:\/\/mukom.mondragon.edu\/mondragonfp\/wp-json\/wp\/v2\/posts"}],"about":[{"href":"https:\/\/mukom.mondragon.edu\/mondragonfp\/wp-json\/wp\/v2\/types\/post"}],"author":[{"embeddable":true,"href":"https:\/\/mukom.mondragon.edu\/mondragonfp\/wp-json\/wp\/v2\/users\/238"}],"replies":[{"embeddable":true,"href":"https:\/\/mukom.mondragon.edu\/mondragonfp\/wp-json\/wp\/v2\/comments?post=112"}],"version-history":[{"count":2,"href":"https:\/\/mukom.mondragon.edu\/mondragonfp\/wp-json\/wp\/v2\/posts\/112\/revisions"}],"predecessor-version":[{"id":114,"href":"https:\/\/mukom.mondragon.edu\/mondragonfp\/wp-json\/wp\/v2\/posts\/112\/revisions\/114"}],"wp:attachment":[{"href":"https:\/\/mukom.mondragon.edu\/mondragonfp\/wp-json\/wp\/v2\/media?parent=112"}],"wp:term":[{"taxonomy":"category","embeddable":true,"href":"https:\/\/mukom.mondragon.edu\/mondragonfp\/wp-json\/wp\/v2\/categories?post=112"},{"taxonomy":"post_tag","embeddable":true,"href":"https:\/\/mukom.mondragon.edu\/mondragonfp\/wp-json\/wp\/v2\/tags?post=112"}],"curies":[{"name":"wp","href":"https:\/\/api.w.org\/{rel}","templated":true}]}}