{"id":1214,"date":"2018-11-25T17:09:15","date_gmt":"2018-11-25T16:09:15","guid":{"rendered":"http:\/\/mukom.mondragon.edu\/mondragonfp\/?p=1214"},"modified":"2023-03-14T09:00:33","modified_gmt":"2023-03-14T08:00:33","slug":"por-que-hacer-un-ciclo-superior-de-fp-en-mgep-mondragon","status":"publish","type":"post","link":"https:\/\/mukom.mondragon.edu\/mondragonfp\/es\/2018\/11\/25\/por-que-hacer-un-ciclo-superior-de-fp-en-mgep-mondragon\/","title":{"rendered":"\u00bfPor qu\u00e9 hacer un ciclo superior de FP en MGEP Mondrag\u00f3n?"},"content":{"rendered":"<p>Ibamos Ainhoa Ullibarriarana y yo a Summa Aladpeta, Donosti, en coche, y nos pregunt\u00e1bamos\u00a0\u00bfQu\u00e9 motivaci\u00f3n puede tener un alumno o alumna de bachillerato donostiarra para venir hasta <a href=\"https:\/\/www.mondragon.edu\/es\">Mondrag\u00f3n u O\u00f1ati<\/a>, a <a href=\"https:\/\/www.mondragon.edu\/es\/ciclos-formativos-grado-superior\/oferta-formacion-profesional\">Mondragon Unibertsitatea<\/a>, en este caso,\u00a0 y hacer un <a href=\"https:\/\/www.mondragon.edu\/es\/ciclos-formativos-grado-superior\/oferta-formacion-profesional\">ciclo superior de Formaci\u00f3n Profesional<\/a>? En concreto, en lo que me concierne a m\u00ed \u00bfpor qu\u00e9 hacer un <a href=\"https:\/\/www.mondragon.edu\/es\/ciclos-formativos-grado-superior\/oferta-formacion-profesional\">ciclo superior de FP<\/a> en la <a href=\"https:\/\/www.mondragon.edu\/es\/ciclos-formativos-grado-superior\/oferta-formacion-profesional\">Escuela Polit\u00e9cnica Superior de Mondrag\u00f3n<\/a>? o en el caso de Ainhoa en<a href=\"https:\/\/www.mondragon.edu\/es\/facultad-empresariales\"> Enpresagintza<\/a>.<\/p>\n<p>Y all\u00ed se nos fueron ocurriendo algunas cosas, que compartimos con las alumnas y los alumnos de<strong> Summa Aldapeta de Donosti<\/strong>, el pasado 21 de noviembre.<\/p>\n<p>Quer\u00edamos hacer una exposici\u00f3n breve, y atender a sus preguntas, sus dudas, que son muchas cuando se est\u00e1 en el Bachillerato. Comenzamos por demostrar la importancia de nuestra conexi\u00f3n y <strong>relaci\u00f3n con una <a href=\"https:\/\/www.mondragon.edu\/es\/formacion-profesional-administracion-sistemas-informaticos-red\/practicas-empresa\">importante red de empresas<\/a>.<\/strong> Y nos detuvimos en mostrar evidencias del<strong><a href=\"https:\/\/www.mondragon.edu\/es\/formacion-profesional-administracion-sistemas-informaticos-red\/practicas-empresa\"> car\u00e1cter pr\u00e1ctico <\/a><\/strong>y enfocado a la adquisici\u00f3n de competencias profesionales que nos demandan estas empresas. Repasamos el<strong><a href=\"https:\/\/www.mondragon.edu\/es\/formacion-profesional-administracion-sistemas-informaticos-red\/aprender-haciendo\"> modelo educativo basado en los retos, en proyectos<\/a>\u00a0(<a href=\"https:\/\/www.mondragon.edu\/es\/formacion-profesional-administracion-sistemas-informaticos-red\/aprender-haciendo\">aprender\u00a0 haciendo<\/a>)<\/strong> y les mostramos testimonios de <strong><a href=\"https:\/\/www.mondragon.edu\/es\/formacion-profesional-administracion-sistemas-informaticos-red\/formacion-dual-regimen-alternancia\">pr\u00e1cticas Dual<\/a>, <a href=\"https:\/\/www.mondragon.edu\/es\/formacion-profesional-administracion-sistemas-informaticos-red\/practicas-extranjero\">Erasmus+.<\/a><\/strong><\/p>\n<p>A Ainhoa le toc\u00f3 ense\u00f1ar\u00a0las caracter\u00edsticas de cada uno de los t\u00edtulos de\u00a0<a href=\"https:\/\/www.mondragon.edu\/es\/ciclos-formativos-grado-superior\/oferta-formacion-profesional\">ciclo superior de FP<\/a>\u00a0que se imparten en\u00a0 Enpresagintza, y a m\u00ed las de la\u00a0<a href=\"https:\/\/www.mondragon.edu\/es\/ciclos-formativos-grado-superior\/oferta-formacion-profesional\">Escuela Polit\u00e9cnica Superior de Mondrag\u00f3n<\/a>.<\/p>\n<p>Aqu\u00ed estamos Ainhoa y yo, en un foto que nos sacaron en Summa Aldapeta:<\/p>\n<div style=\"text-align: center\"><img loading=\"lazy\" class=\"alignnone size-medium\" src=\"https:\/\/live.staticflickr.com\/4803\/46044213531_0127042bb7_b.jpg\" width=\"1024\" height=\"576\" \/><\/div>\n<p>Y aqu\u00ed algunos de los protagonistas. Como veis amigos,\u00a0lo prometido es deuda, espero que os guste. \u00a1Un placer conoceros!<\/p>\n<div>\n<div style=\"text-align: center\"><img loading=\"lazy\" class=\"alignnone size-medium\" src=\"https:\/\/live.staticflickr.com\/4865\/46044213631_d5174625a1_b.jpg\" width=\"1024\" height=\"576\" \/><\/div>\n<\/div>\n<p>&nbsp;<\/p>\n<p>&nbsp;<\/p>\n","protected":false},"excerpt":{"rendered":"<p>Ibamos Ainhoa Ullibarriarana y yo a Summa Aladpeta, Donosti, en coche, y nos pregunt\u00e1bamos\u00a0\u00bfQu\u00e9 motivaci\u00f3n puede tener un alumno o alumna de bachillerato donostiarra para venir hasta Mondrag\u00f3n u O\u00f1ati, a Mondragon Unibertsitatea, en este caso,\u00a0 y hacer un ciclo superior de Formaci\u00f3n Profesional? En concreto, en lo que me concierne a m\u00ed \u00bfpor qu\u00e9 hacer un ciclo superior de FP en la Escuela Polit\u00e9cnica Superior de Mondrag\u00f3n? o en el caso de Ainhoa en Enpresagintza. Y all\u00ed se nos fueron ocurriendo algunas cosas, que compartimos con las alumnas y los alumnos de Summa Aldapeta de Donosti, el pasado 21 de noviembre. Quer\u00edamos hacer una exposici\u00f3n breve, y atender a sus preguntas, sus dudas, que son muchas cuando se est\u00e1 en el Bachillerato. Comenzamos por demostrar la importancia de nuestra conexi\u00f3n y relaci\u00f3n con una importante red de empresas. Y&#8230;<\/p>\n","protected":false},"author":141,"featured_media":-1,"comment_status":"open","ping_status":"open","sticky":false,"template":"","format":"standard","meta":[],"categories":[171],"tags":[],"amp_enabled":true,"_links":{"self":[{"href":"https:\/\/mukom.mondragon.edu\/mondragonfp\/wp-json\/wp\/v2\/posts\/1214"}],"collection":[{"href":"https:\/\/mukom.mondragon.edu\/mondragonfp\/wp-json\/wp\/v2\/posts"}],"about":[{"href":"https:\/\/mukom.mondragon.edu\/mondragonfp\/wp-json\/wp\/v2\/types\/post"}],"author":[{"embeddable":true,"href":"https:\/\/mukom.mondragon.edu\/mondragonfp\/wp-json\/wp\/v2\/users\/141"}],"replies":[{"embeddable":true,"href":"https:\/\/mukom.mondragon.edu\/mondragonfp\/wp-json\/wp\/v2\/comments?post=1214"}],"version-history":[{"count":9,"href":"https:\/\/mukom.mondragon.edu\/mondragonfp\/wp-json\/wp\/v2\/posts\/1214\/revisions"}],"predecessor-version":[{"id":6781,"href":"https:\/\/mukom.mondragon.edu\/mondragonfp\/wp-json\/wp\/v2\/posts\/1214\/revisions\/6781"}],"wp:featuredmedia":[{"embeddable":true,"href":"https:\/\/mukom.mondragon.edu\/mondragonfp\/wp-json\/"}],"wp:attachment":[{"href":"https:\/\/mukom.mondragon.edu\/mondragonfp\/wp-json\/wp\/v2\/media?parent=1214"}],"wp:term":[{"taxonomy":"category","embeddable":true,"href":"https:\/\/mukom.mondragon.edu\/mondragonfp\/wp-json\/wp\/v2\/categories?post=1214"},{"taxonomy":"post_tag","embeddable":true,"href":"https:\/\/mukom.mondragon.edu\/mondragonfp\/wp-json\/wp\/v2\/tags?post=1214"}],"curies":[{"name":"wp","href":"https:\/\/api.w.org\/{rel}","templated":true}]}}