{"id":1229,"date":"2019-01-03T11:41:50","date_gmt":"2019-01-03T10:41:50","guid":{"rendered":"http:\/\/mukom.mondragon.edu\/mondragonfp\/?p=1229"},"modified":"2023-03-14T08:55:41","modified_gmt":"2023-03-14T07:55:41","slug":"testimonio-de-alumna-dual-de-ciclo-de-grado-superior-asir-en-mgep-adquiriendo-competencias-de-tecnico-de-mantenimiento-de-informatica","status":"publish","type":"post","link":"https:\/\/mukom.mondragon.edu\/mondragonfp\/es\/2019\/01\/03\/testimonio-de-alumna-dual-de-ciclo-de-grado-superior-asir-en-mgep-adquiriendo-competencias-de-tecnico-de-mantenimiento-de-informatica\/","title":{"rendered":"Testimonio de alumna DUAL de Ciclo de grado superior FP ASIR en MGEP adquiriendo competencias de t\u00e9cnico de mantenimiento de Inform\u00e1tica"},"content":{"rendered":"<p>Hoy aprovechamos para estar con Leire Era\u00f1a\u00a0 y nos cuente su experiencia como<a href=\"https:\/\/www.mondragon.edu\/es\/formacion-profesional-administracion-sistemas-informaticos-red\/formacion-dual-regimen-alternancia\"> alumna DUAL<\/a>\u00a0 de <a href=\"https:\/\/www.mondragon.edu\/es\/ciclos-formativos-grado-superior\/oferta-formacion-profesional\">Ciclos de Grado Superior en MGEP .<\/a><\/p>\n<p><strong>&#8211; Hola Leire\u00a0 \u00a0<\/strong><strong>\u00bfQu\u00e9 has estudiado?\u00a0 \u00bfPuedes contarnos por qu\u00e9 elegiste el ciclo de grado superior de FP <a href=\"https:\/\/www.mondragon.edu\/es\/formacion-profesional-administracion-sistemas-informaticos-red\">Administraci\u00f3n de Sistemas Inform\u00e1ticos en Red<\/a>? \u00bfY por qu\u00e9 en <a href=\"https:\/\/www.mondragon.edu\/eps\">MGEP<\/a>, <a href=\"https:\/\/www.mondragon.edu\/eps\">la Escuela Polit\u00e9cnica Superior de Mondragon<\/a>?<\/strong><\/p>\n<p>Antes de realizar este ciclo, estudi\u00e9 el grado de Educaci\u00f3n Infantil, ya que una de mis grandes pasiones son los ni\u00f1os. Pero viendo la necesidad de la sociedad y que la<a href=\"https:\/\/www.mondragon.edu\/es\/formacion-profesional-administracion-sistemas-informaticos-red\"> inform\u00e1tica<\/a> es muy amplia, decid\u00ed realizar este <a href=\"https:\/\/www.mondragon.edu\/es\/formacion-profesional-administracion-sistemas-informaticos-red\">ciclo ASIR<\/a>, para aumentar mis conocimientos y la verdad es que no me arrepiento para nada. En cuanto a la elecci\u00f3n del <a href=\"https:\/\/www.mondragon.edu\/eps\">centro<\/a>, una vez decidido lo que quer\u00eda estudiar, eleg\u00ed <a href=\"https:\/\/www.mondragon.edu\/eps\">MGEP<\/a> porque he tenido muy buenas referencias.<\/p>\n<p style=\"text-align: center\"><img loading=\"lazy\" class=\"alignnone size-medium\" src=\"https:\/\/live.staticflickr.com\/4906\/46021935792_756110d31d_b.jpg\" width=\"768\" height=\"1024\" \/><\/p>\n<p><strong>&#8211;\u00a0En el <a href=\"https:\/\/www.mondragon.edu\/es\/formacion-profesional-administracion-sistemas-informaticos-red\">ciclo formativo de Administraci\u00f3n de Sistemas Inform\u00e1ticos en Red <\/a>hab\u00e9is trabajado con la metodolog\u00eda <a href=\"https:\/\/www.mondragon.edu\/es\/formacion-profesional-administracion-sistemas-informaticos-red\/aprender-haciendo\">ETHAZI<\/a>, trabajar las competencias de las\u00a0 f<a href=\"https:\/\/www.mondragon.edu\/es\/formacion-profesional-administracion-sistemas-informaticos\">unciones profesionales de t\u00e9cnicos de mantenimiento de Inform\u00e1tica<\/a> realizando desaf\u00edos en equipo. \u00bfQu\u00e9 tipo de desaf\u00edos hab\u00e9is realizado?\u00a0 \u00bfC\u00f3mo valorar\u00edas esta experiencia?<\/strong><\/p>\n<p>Tanto en primero como en segundo realizamos desaf\u00edos en grupos (de dos o tres, seg\u00fan el reto) combinando lo estudiado en las diferentes asignaturas, para llevar a casos reales lo aprendido y para interiorizar mejor lo trabajado.<\/p>\n<p>En primero, tuvimos que realizar tres <strong><a href=\"https:\/\/www.mondragon.edu\/es\/formacion-profesional-administracion-sistemas-informaticos-red\/aprender-haciendo\">retos,<\/a> <\/strong>uno por cada trimestre. En el <a href=\"https:\/\/www.mondragon.edu\/es\/formacion-profesional-administracion-sistemas-informaticos-red\/aprender-haciendo\">reto <\/a>inicial, tuvimos que realizar una <strong>CAU (Centro de Atenci\u00f3n al Usuario)<\/strong> resolviendo y recogiendo todas las incidencias que se nos planteaban. En el segundo <a href=\"https:\/\/www.mondragon.edu\/es\/formacion-profesional-administracion-sistemas-informaticos-red\/aprender-haciendo\">reto<\/a>, se nos pidi\u00f3 <strong>instalar y configurar todos los sistemas de red de una asociaci\u00f3n inventada<\/strong>. Y en el <a href=\"https:\/\/www.mondragon.edu\/es\/formacion-profesional-administracion-sistemas-informaticos-red\/aprender-haciendo\">tercer reto<\/a>, tuvimos que <strong>conectar una asociaci\u00f3n, ya que un edificio se encontraba en Arrasate y el otro en C\u00e1diz<\/strong>, gestionando todos los recursos que hac\u00edan falta.<\/p>\n<p>En segundo en cambio, en vez de ser por trimestres y mezclando todas las asignaturas, estamos haciendo por asignatura y por bloque, es decir, cada vez que trabajamos un tema, realizamos un <a href=\"https:\/\/www.mondragon.edu\/es\/formacion-profesional-administracion-sistemas-informaticos-red\/aprender-haciendo\">reto<\/a> con lo aprendido a\u00f1adiendo algo de dificultad, pero como he dicho, por asignatura, haciendo m\u00e1s <a href=\"https:\/\/www.mondragon.edu\/es\/formacion-profesional-administracion-sistemas-informaticos-red\/aprender-haciendo\">retos<\/a> que el a\u00f1o pasado.<\/p>\n<p>Con todo esto, puedo decir que este m\u00e9todo es muy productivo, ya que afront\u00e1ndonos a casos reales, lo entendemos todo mucho mejor y vemos su utilidad.<\/p>\n<p>Leire trabajando en un <a href=\"https:\/\/www.mondragon.edu\/es\/formacion-profesional-administracion-sistemas-informaticos-red\/aprender-haciendo\">reto\u00a0<\/a>\u00a0en clase:<\/p>\n<div style=\"text-align: center\"><img loading=\"lazy\" class=\"alignnone size-medium\" src=\"https:\/\/live.staticflickr.com\/4875\/45331920944_0b5338d096_b.jpg\" width=\"1024\" height=\"768\" \/><\/div>\n<p><strong>-Tambi\u00e9n has participado en el<a href=\"https:\/\/www.mondragon.edu\/es\/formacion-profesional-administracion-sistemas-informaticos-red\/formacion-dual-regimen-alternancia\"> programa DUAL<\/a> \u00bfen qu\u00e9 empresa est\u00e1s? \u00bfQu\u00e9 tipo de tareas llevas a cabo?<\/strong><\/p>\n<p>Estoy en Arizmendi Ikastola, en el departamento de sistemas, por lo que realizamos muchas y diferentes tareas, aunque las que m\u00e1s suelen ser relacionadas con los usuarios (tanto trabajadores como alumnos de la ikastola). Por lo general, preparamos ordenadores, configuramos equipos, hacemos actualizaciones, documentaciones, ponemos m\u00e1s memoria a los PCs, hacemos bases de datos, \u2026 As\u00ed que puedo decir que es un trabajo bastante completo.<\/p>\n<p>Leire en la entrada de Gaztelupe, en la\u00a0 ikastola Arizmendi, donde est\u00e1 realizando la DUAL.<\/p>\n<p style=\"text-align: center\"><img loading=\"lazy\" class=\"alignnone size-medium\" src=\"https:\/\/live.staticflickr.com\/4913\/46056346191_d5bf368c16_b.jpg\" width=\"1024\" height=\"851\" \/><\/p>\n<p>&nbsp;<\/p>\n<p><strong>-\u00bfQu\u00e9 te ha ofrecido trabajar en Arizmendi Ikastola desde el punto de vista personal y\u00a0 de tu proceso de\u00a0 formaci\u00f3n ?<\/strong><\/p>\n<p>Por una parte, por lo personal puedo decir que me ha servido para ver que realmente el mundo de la<strong> inform\u00e1tica<\/strong> me gusta mucho, y que cada d\u00eda se aprende algo nuevo, sobre todo en el mundo de las tecnolog\u00edas, ya que va avanzando d\u00eda a d\u00eda, y esto al final te hace crecer como persona.<\/p>\n<p>Por otra parte, por parte del <a href=\"https:\/\/www.mondragon.edu\/es\/formacion-profesional-administracion-sistemas-informaticos-red\/aprender-haciendo\">proceso de formaci\u00f3n<\/a>, ha sido muy gratificante, ya que muchas veces lo estudiado en clase por <a href=\"https:\/\/www.mondragon.edu\/es\/formacion-profesional-administracion-sistemas-informaticos-red\/aprender-haciendo\">muy pr\u00e1ctico<\/a> y llevado a la realidad que sea, nunca sabes de verdad c\u00f3mo te vas a encontrar a la hora de estar trabajando, y gracias al <a href=\"https:\/\/www.mondragon.edu\/es\/formacion-profesional-administracion-sistemas-informaticos-red\/formacion-dual-regimen-alternancia\">programa DUAL<\/a>, podemos experimentar esa sensaci\u00f3n, y ver que lo que haces sirve para algo.<\/p>\n<p><strong>-\u00bfRecomendar\u00edas el\u00a0<a href=\"https:\/\/www.mondragon.edu\/es\/formacion-profesional-administracion-sistemas-informaticos-red\/formacion-dual-regimen-alternancia\">programa DUAL\u00a0<\/a>que compagina estudiar y trabajar al mismo tiempo?<\/strong><\/p>\n<p>El\u00a0<a href=\"https:\/\/www.mondragon.edu\/es\/formacion-profesional-administracion-sistemas-informaticos-red\/formacion-dual-regimen-alternancia\">programa DUAL<\/a>\u00a0es muy recomendable, ya que\u00a0<strong>es muy importante acercarse al mundo laboral para ver si realmente te gusta lo que estas estudiando o no, y adem\u00e1s percibes las necesidades de las empresas en cuanto al \u00e1rea de la inform\u00e1tica<\/strong>\u00a0(en mi caso), aunque se tiene que tener en cuenta, que al estar m\u00e1s horas, disminuye el tiempo para realizar los trabajos de clase etc, por lo que\u00a0<strong>exige m\u00e1s dedicaci\u00f3n y m\u00e1s horas<\/strong>.<\/p>\n","protected":false},"excerpt":{"rendered":"<p>Hoy aprovechamos para estar con Leire Era\u00f1a\u00a0 y nos cuente su experiencia como alumna DUAL\u00a0 de Ciclos de Grado Superior en MGEP . &#8211; Hola Leire\u00a0 \u00a0\u00bfQu\u00e9 has estudiado?\u00a0 \u00bfPuedes contarnos por qu\u00e9 elegiste el ciclo de grado superior de FP Administraci\u00f3n de Sistemas Inform\u00e1ticos en Red? \u00bfY por qu\u00e9 en MGEP, la Escuela Polit\u00e9cnica Superior de Mondragon? Antes de realizar este ciclo, estudi\u00e9 el grado de Educaci\u00f3n Infantil, ya que una de mis grandes pasiones son los ni\u00f1os. Pero viendo la necesidad de la sociedad y que la inform\u00e1tica es muy amplia, decid\u00ed realizar este ciclo ASIR, para aumentar mis conocimientos y la verdad es que no me arrepiento para nada. En cuanto a la elecci\u00f3n del centro, una vez decidido lo que quer\u00eda estudiar, eleg\u00ed MGEP porque he tenido muy buenas referencias. &#8211;\u00a0En el ciclo formativo de Administraci\u00f3n&#8230;<\/p>\n","protected":false},"author":141,"featured_media":-1,"comment_status":"open","ping_status":"open","sticky":false,"template":"","format":"standard","meta":[],"categories":[142,144,114],"tags":[],"amp_enabled":true,"_links":{"self":[{"href":"https:\/\/mukom.mondragon.edu\/mondragonfp\/wp-json\/wp\/v2\/posts\/1229"}],"collection":[{"href":"https:\/\/mukom.mondragon.edu\/mondragonfp\/wp-json\/wp\/v2\/posts"}],"about":[{"href":"https:\/\/mukom.mondragon.edu\/mondragonfp\/wp-json\/wp\/v2\/types\/post"}],"author":[{"embeddable":true,"href":"https:\/\/mukom.mondragon.edu\/mondragonfp\/wp-json\/wp\/v2\/users\/141"}],"replies":[{"embeddable":true,"href":"https:\/\/mukom.mondragon.edu\/mondragonfp\/wp-json\/wp\/v2\/comments?post=1229"}],"version-history":[{"count":17,"href":"https:\/\/mukom.mondragon.edu\/mondragonfp\/wp-json\/wp\/v2\/posts\/1229\/revisions"}],"predecessor-version":[{"id":6777,"href":"https:\/\/mukom.mondragon.edu\/mondragonfp\/wp-json\/wp\/v2\/posts\/1229\/revisions\/6777"}],"wp:featuredmedia":[{"embeddable":true,"href":"https:\/\/mukom.mondragon.edu\/mondragonfp\/wp-json\/"}],"wp:attachment":[{"href":"https:\/\/mukom.mondragon.edu\/mondragonfp\/wp-json\/wp\/v2\/media?parent=1229"}],"wp:term":[{"taxonomy":"category","embeddable":true,"href":"https:\/\/mukom.mondragon.edu\/mondragonfp\/wp-json\/wp\/v2\/categories?post=1229"},{"taxonomy":"post_tag","embeddable":true,"href":"https:\/\/mukom.mondragon.edu\/mondragonfp\/wp-json\/wp\/v2\/tags?post=1229"}],"curies":[{"name":"wp","href":"https:\/\/api.w.org\/{rel}","templated":true}]}}