{"id":1411,"date":"2019-01-19T20:01:51","date_gmt":"2019-01-19T19:01:51","guid":{"rendered":"http:\/\/mukom.mondragon.edu\/mondragonfp\/?p=1411"},"modified":"2019-01-19T20:01:51","modified_gmt":"2019-01-19T19:01:51","slug":"testimonio-del-alumno-dual-de-ciclo-formativo-de-grado-superior-de-informatica-asir-en-la-empresa-kiro-grifols","status":"publish","type":"post","link":"https:\/\/mukom.mondragon.edu\/mondragonfp\/es\/2019\/01\/19\/testimonio-del-alumno-dual-de-ciclo-formativo-de-grado-superior-de-informatica-asir-en-la-empresa-kiro-grifols\/","title":{"rendered":"Testimonio del alumno DUAL de ciclo formativo de grado superior de Inform\u00e1tica (ASIR) en la empresa KIRO GRIFOLS"},"content":{"rendered":"<p>Estalyn Curay est\u00e1 cursando el 2. curso del <a href=\"https:\/\/www.mondragon.edu\/es\/formacion-profesional-administracion-sistemas-informaticos-red\">Ciclo Formativo de Grado superior en administraci\u00f3n de sistemas inform\u00e1ticos en red<\/a> (<a href=\"https:\/\/www.mondragon.edu\/es\/formacion-profesional-administracion-sistemas-informaticos-red\">ASIR<\/a>). Estalyn eligi\u00f3 la opci\u00f3n de entrar en el programa DUAL y aqu\u00ed tenemos su testimonio:<\/p>\n<p><strong>1.- Dinos tu nombre y el ciclo que est\u00e1s haciendo.<\/strong><\/p>\n<p>Soy Estalyn Curay y estoy estudiando el <a href=\"https:\/\/www.mondragon.edu\/es\/formacion-profesional-administracion-sistemas-informaticos-red\">ciclo superior de Administraci\u00f3n en sistemas inform\u00e1ticos en red (ASIR)<\/a> de <a href=\"https:\/\/www.mondragon.edu\/es\/escuela-politecnica-superior\">MGEP<\/a>.<\/p>\n<p>Me considero una persona din\u00e1mica, estoy motivado para estudiar y me adapto a cualquier situaci\u00f3n. La manera de vivir de hoy en d\u00eda est\u00e1 muy orientada a las tecnolog\u00edas de Telecomunicaci\u00f3n e informaci\u00f3n (TIC) , por lo tanto considero que viene muy bien buscar nuevos retos.<\/p>\n<p><a href=\"https:\/\/www.flickr.com\/photos\/mondragonunibertsitatea_mgep\/41872374335\/in\/dateposted\/\"><img loading=\"lazy\" src=\"https:\/\/farm1.staticflickr.com\/888\/41872374335_b7094bfc06.jpg\" alt=\"stalyn\" width=\"500\" height=\"375\" \/><\/a><\/p>\n<p><strong>2.- \u00bfCu\u00e1ndo empezaste a hacer las pr\u00e1cticas?<\/strong><\/p>\n<p>Despu\u00e9s de hacer el primer <a href=\"https:\/\/www.mondragon.edu\/es\/formacion-profesional-administracion-sistemas-informaticos-red\">curso del formativo de grado superior de inform\u00e1tica<\/a>\u00a0(<a href=\"https:\/\/www.mondragon.edu\/es\/formacion-profesional-administracion-sistemas-informaticos-red\">ASIR<\/a>) decid\u00ed entrar en el programa <a href=\"https:\/\/www.mondragon.edu\/es\/formacion-profesional-administracion-sistemas-informaticos-red\/formacion-dual-regimen-alternancia\">DUAL<\/a>. Empec\u00e9 a trabajar en junio de 2017 y acabar\u00e9 en junio de 2018, con experiencia de un a\u00f1o. Me han ofrecido quedarme a trabajar y eso me alegra mucho.<\/p>\n<p><strong>3.- \u00bfQui\u00e9n ha sido tu instructor en <a href=\"http:\/\/www.kirogrifols.com\/\">KIRO GRIFOLS<\/a>?<\/strong><\/p>\n<p>Mi instructor en <a href=\"http:\/\/www.kirogrifols.com\/\">KIRO GRIFOLS<\/a> ha sido Mikel Guti\u00e9rrez, responsable de sistemas.<\/p>\n<p><strong>4.- \u00bfCu\u00e1l ha sido el \u00e1mbito de trabajo en <a href=\"http:\/\/www.kirogrifols.com\/\">KIRO GRIFOLS<\/a>?<\/strong><\/p>\n<p><a href=\"http:\/\/www.kirogrifols.com\/\">KIRO GRIFOLS<\/a> produce equipos automatizados, dirigido a las farmacias de los hospitales para que los pacientes obtengan la dosis que necesitan de un modo m\u00e1s exacto y fiable. Yo he estado trabajando en el departamento de sistemas y mi trabajo ha sido gestionar la infraestructura inform\u00e1tica, esto es, que haya comunicaci\u00f3n entre la empresa y el servidor (sitio donde gestionan los datos), arreglar los ordenadores, gestionar el servidor, gestionar la p\u00e1gina web de la empresa, etc.<br \/>\nDurante este \u00faltimo periodo me ha tocado gestionar los servidores del sistema de Windows, gestionar la p\u00e1gina web de la empresa\u00a0WordPress,\u00a0gestionar el contenido, actualizarlo\u2026 He arreglado los ordenadores de algunos usuarios, en general mi trabajo es dar servicio y atender las necesidades de los usuarios, que son los trabajadores internos de <a href=\"http:\/\/www.kirogrifols.com\/\">KIRO GRIFFOLS<\/a>. Tambi\u00e9n he dado charlas informativas a los usuarios.<\/p>\n<p><strong>5.-Para finalizar, \u00bfQu\u00e9 te ha ofrecido el hecho de hacer las pr\u00e1cticas en <a href=\"http:\/\/www.kirogrifols.com\/\">KIRO GRIFOLS,<\/a> en lo personal y lo acad\u00e9mico?<\/strong><\/p>\n<p>Estoy muy contento de la experiencia que he tenido, ha sido muy enriquecedora para m\u00ed. He aprendido mucho y he tenido un ambiente de trabajo muy bueno. Adem\u00e1s, tengo una mayor conocimiento de la gesti\u00f3n inform\u00e1tica de una empresa y esto lo valoro mucho.<\/p>\n<p><img loading=\"lazy\" class=\"aligncenter\" src=\"https:\/\/farm2.staticflickr.com\/1726\/40982781150_e69348e0de.jpg\" width=\"423\" height=\"500\" \/><\/p>\n","protected":false},"excerpt":{"rendered":"<p>Estalyn Curay est\u00e1 cursando el 2. curso del Ciclo Formativo de Grado superior en administraci\u00f3n de sistemas inform\u00e1ticos en red (ASIR). Estalyn eligi\u00f3 la opci\u00f3n de entrar en el programa DUAL y aqu\u00ed tenemos su testimonio: 1.- Dinos tu nombre y el ciclo que est\u00e1s haciendo. Soy Estalyn Curay y estoy estudiando el ciclo superior de Administraci\u00f3n en sistemas inform\u00e1ticos en red (ASIR) de MGEP. Me considero una persona din\u00e1mica, estoy motivado para estudiar y me adapto a cualquier situaci\u00f3n. La manera de vivir de hoy en d\u00eda est\u00e1 muy orientada a las tecnolog\u00edas de Telecomunicaci\u00f3n e informaci\u00f3n (TIC) , por lo tanto considero que viene muy bien buscar nuevos retos. 2.- \u00bfCu\u00e1ndo empezaste a hacer las pr\u00e1cticas? Despu\u00e9s de hacer el primer curso del formativo de grado superior de inform\u00e1tica\u00a0(ASIR) decid\u00ed entrar en el programa DUAL. Empec\u00e9 a trabajar&#8230;<\/p>\n","protected":false},"author":289,"featured_media":-1,"comment_status":"open","ping_status":"open","sticky":false,"template":"","format":"standard","meta":[],"categories":[142,144,114],"tags":[],"amp_enabled":true,"_links":{"self":[{"href":"https:\/\/mukom.mondragon.edu\/mondragonfp\/wp-json\/wp\/v2\/posts\/1411"}],"collection":[{"href":"https:\/\/mukom.mondragon.edu\/mondragonfp\/wp-json\/wp\/v2\/posts"}],"about":[{"href":"https:\/\/mukom.mondragon.edu\/mondragonfp\/wp-json\/wp\/v2\/types\/post"}],"author":[{"embeddable":true,"href":"https:\/\/mukom.mondragon.edu\/mondragonfp\/wp-json\/wp\/v2\/users\/289"}],"replies":[{"embeddable":true,"href":"https:\/\/mukom.mondragon.edu\/mondragonfp\/wp-json\/wp\/v2\/comments?post=1411"}],"version-history":[{"count":7,"href":"https:\/\/mukom.mondragon.edu\/mondragonfp\/wp-json\/wp\/v2\/posts\/1411\/revisions"}],"predecessor-version":[{"id":1425,"href":"https:\/\/mukom.mondragon.edu\/mondragonfp\/wp-json\/wp\/v2\/posts\/1411\/revisions\/1425"}],"wp:featuredmedia":[{"embeddable":true,"href":"https:\/\/mukom.mondragon.edu\/mondragonfp\/wp-json\/"}],"wp:attachment":[{"href":"https:\/\/mukom.mondragon.edu\/mondragonfp\/wp-json\/wp\/v2\/media?parent=1411"}],"wp:term":[{"taxonomy":"category","embeddable":true,"href":"https:\/\/mukom.mondragon.edu\/mondragonfp\/wp-json\/wp\/v2\/categories?post=1411"},{"taxonomy":"post_tag","embeddable":true,"href":"https:\/\/mukom.mondragon.edu\/mondragonfp\/wp-json\/wp\/v2\/tags?post=1411"}],"curies":[{"name":"wp","href":"https:\/\/api.w.org\/{rel}","templated":true}]}}