{"id":1417,"date":"2019-01-19T19:53:03","date_gmt":"2019-01-19T18:53:03","guid":{"rendered":"http:\/\/mukom.mondragon.edu\/mondragonfp\/?p=1417"},"modified":"2019-01-19T20:03:00","modified_gmt":"2019-01-19T19:03:00","slug":"testimonio-de-alumna-dual-del-ciclo-superior-de-fp-de-informatica-asir-de-mgep","status":"publish","type":"post","link":"https:\/\/mukom.mondragon.edu\/mondragonfp\/es\/2019\/01\/19\/testimonio-de-alumna-dual-del-ciclo-superior-de-fp-de-informatica-asir-de-mgep\/","title":{"rendered":"Testimonio de alumna DUAL del ciclo formativo de grado superior   de Inform\u00e1tica (ASIR) de MGEP"},"content":{"rendered":"<p>Aitziber Vesga, <a href=\"https:\/\/www.mondragon.edu\/es\/formacion-profesional-administracion-sistemas-informaticos-red\">ASIR<\/a>, est\u00e1 cursando el 2. curso del <a href=\"https:\/\/www.mondragon.edu\/es\/formacion-profesional-administracion-sistemas-informaticos-red\">Ciclo Formativo de Grado superior en administraci\u00f3n de sistemas inform\u00e1ticos en red (asir)<\/a>. Aitziber eligi\u00f3 la <a href=\"https:\/\/www.mondragon.edu\/es\/formacion-profesional-administracion-sistemas-informaticos-red\/formacion-dual-regimen-alternancia\">opci\u00f3n DUAL<\/a> y aqu\u00ed tenemos su testimonio:<\/p>\n<p><em>1.- Dinos tu nombre y el ciclo que est\u00e1s haciendo.<\/em><br \/>\nAitziber Vesga, <a href=\"https:\/\/www.mondragon.edu\/es\/formacion-profesional-administracion-sistemas-informaticos-red\">Ciclo Formativo de Grado superior en administraci\u00f3n de sistemas inform\u00e1ticos en red<\/a> <a href=\"https:\/\/www.mondragon.edu\/es\/formacion-profesional-administracion-sistemas-informaticos-red\">(ASIR)<\/a>.<\/p>\n<p><em>2.- \u00bfCu\u00e1ndo empezaste las pr\u00e1cticas?<\/em><br \/>\nEmpec\u00e9 las pr\u00e1cticas en <a href=\"http:\/\/www.lacor.es\/\">Marcos Larra\u00f1aga y C\u00eda<\/a> mediante contrato por <a href=\"https:\/\/www.alecop.com\/\">Alecop<\/a> en Alternancia Estudio Trabajo en marzo del a\u00f1o pasado, y en junio entr\u00e9 en el <a href=\"https:\/\/www.mondragon.edu\/es\/formacion-profesional-administracion-sistemas-informaticos-red\/formacion-dual-regimen-alternancia\">programa DUAL<\/a> y estuve trabajando all\u00ed durante un a\u00f1o completo.<\/p>\n<p><em>3.- \u00bfCu\u00e1l es el \u00e1mbito de trabajo de <a href=\"http:\/\/www.lacor.es\/\">MARCOS LARRA\u00d1AGA Y CIA<\/a>?<\/em><br \/>\nMarcos Larra\u00f1aga y Cia trabajan en el sector de menage, ofrece productos de hosteler\u00eda y herramientas profesionales de cocina.<\/p>\n<p><em>4.-\u00bf Qui\u00e9n ha sido tu instructor en <a href=\"http:\/\/www.lacor.es\/\">MARCOS LARRA\u00d1AGA Y CIA<\/a>?<\/em><br \/>\nMi instructor fue Javier Fr\u00edas, jefe del departamento de inform\u00e1tica, y he recibido tambi\u00e9n ayuda en todo momento de mis compa\u00f1eros Itxaso e Ismael. Cuando me ha surgido alguna duda siempre he acudido a ellos, normalmente al que estaba menos ocupado y siempre me han ayudado de una manera muy amable en todo lo que han podido.<\/p>\n<p><em>5.- \u00bfCu\u00e1l ha sido tu actividad principal dentro de tu grupo de trabajo?<\/em><br \/>\nEstoy trabajando en el departamento de inform\u00e1tica. Formo parte del grupo de desarrollo del software ERP, sistema inform\u00e1tico que sirve para organizar y gestionar las planificaciones de los recursos empresariales.<\/p>\n<p><em>6.- \u00bfQu\u00e9 tipo de trabajos realizas?<\/em><br \/>\nM\u00e1s que nada trabajo en el \u00e1mbito de las bases de datos, trabajando en el sistema inform\u00e1tico nombrado anteriormente. All\u00ed hago informes de los distintos \u00e1mbitos.<\/p>\n<p><em>7.- \u00bfPara acabar, qu\u00e9 te ha ofrecido acad\u00e9micamente y personalmente hacer las pr\u00e1cticas en MARCOS LARRA\u00d1AGA?<\/em><br \/>\nPor un lado he tenido la opci\u00f3n de ver c\u00f3mo funciona una empresa y ver c\u00f3mo trabajan en el d\u00eda a d\u00eda para sacar su trabajo adelante. Adem\u00e1s, he aprendido y <strong>vivido distintas situaciones que no se pueden ense\u00f1ar en clase<\/strong> y he podido aprender mucho de ellas. Ha sido una <a href=\"https:\/\/www.mondragon.edu\/es\/formacion-profesional-administracion-sistemas-informaticos-red\/practicas-empresa\">experiencia<\/a> muy valiosa.<br \/>\nPor otro lado, creo que ha sido una muy buena manera de darme cuenta lo <strong>enriquecedor que es trabajar en equipo<\/strong>.<\/p>\n<p><img loading=\"lazy\" class=\"aligncenter\" src=\"https:\/\/farm2.staticflickr.com\/1808\/43142987492_6b4c5c4e04.jpg\" width=\"361\" height=\"500\" \/><\/p>\n","protected":false},"excerpt":{"rendered":"<p>Aitziber Vesga, ASIR, est\u00e1 cursando el 2. curso del Ciclo Formativo de Grado superior en administraci\u00f3n de sistemas inform\u00e1ticos en red (asir). Aitziber eligi\u00f3 la opci\u00f3n DUAL y aqu\u00ed tenemos su testimonio: 1.- Dinos tu nombre y el ciclo que est\u00e1s haciendo. Aitziber Vesga, Ciclo Formativo de Grado superior en administraci\u00f3n de sistemas inform\u00e1ticos en red (ASIR). 2.- \u00bfCu\u00e1ndo empezaste las pr\u00e1cticas? Empec\u00e9 las pr\u00e1cticas en Marcos Larra\u00f1aga y C\u00eda mediante contrato por Alecop en Alternancia Estudio Trabajo en marzo del a\u00f1o pasado, y en junio entr\u00e9 en el programa DUAL y estuve trabajando all\u00ed durante un a\u00f1o completo. 3.- \u00bfCu\u00e1l es el \u00e1mbito de trabajo de MARCOS LARRA\u00d1AGA Y CIA? Marcos Larra\u00f1aga y Cia trabajan en el sector de menage, ofrece productos de hosteler\u00eda y herramientas profesionales de cocina. 4.-\u00bf Qui\u00e9n ha sido tu instructor en MARCOS LARRA\u00d1AGA Y&#8230;<\/p>\n","protected":false},"author":289,"featured_media":-1,"comment_status":"open","ping_status":"open","sticky":false,"template":"","format":"standard","meta":[],"categories":[142,144,114],"tags":[],"amp_enabled":true,"_links":{"self":[{"href":"https:\/\/mukom.mondragon.edu\/mondragonfp\/wp-json\/wp\/v2\/posts\/1417"}],"collection":[{"href":"https:\/\/mukom.mondragon.edu\/mondragonfp\/wp-json\/wp\/v2\/posts"}],"about":[{"href":"https:\/\/mukom.mondragon.edu\/mondragonfp\/wp-json\/wp\/v2\/types\/post"}],"author":[{"embeddable":true,"href":"https:\/\/mukom.mondragon.edu\/mondragonfp\/wp-json\/wp\/v2\/users\/289"}],"replies":[{"embeddable":true,"href":"https:\/\/mukom.mondragon.edu\/mondragonfp\/wp-json\/wp\/v2\/comments?post=1417"}],"version-history":[{"count":5,"href":"https:\/\/mukom.mondragon.edu\/mondragonfp\/wp-json\/wp\/v2\/posts\/1417\/revisions"}],"predecessor-version":[{"id":1428,"href":"https:\/\/mukom.mondragon.edu\/mondragonfp\/wp-json\/wp\/v2\/posts\/1417\/revisions\/1428"}],"wp:featuredmedia":[{"embeddable":true,"href":"https:\/\/mukom.mondragon.edu\/mondragonfp\/wp-json\/"}],"wp:attachment":[{"href":"https:\/\/mukom.mondragon.edu\/mondragonfp\/wp-json\/wp\/v2\/media?parent=1417"}],"wp:term":[{"taxonomy":"category","embeddable":true,"href":"https:\/\/mukom.mondragon.edu\/mondragonfp\/wp-json\/wp\/v2\/categories?post=1417"},{"taxonomy":"post_tag","embeddable":true,"href":"https:\/\/mukom.mondragon.edu\/mondragonfp\/wp-json\/wp\/v2\/tags?post=1417"}],"curies":[{"name":"wp","href":"https:\/\/api.w.org\/{rel}","templated":true}]}}