{"id":1462,"date":"2019-01-30T22:06:55","date_gmt":"2019-01-30T21:06:55","guid":{"rendered":"http:\/\/mukom.mondragon.edu\/mondragonfp\/?p=1462"},"modified":"2019-01-30T22:06:55","modified_gmt":"2019-01-30T21:06:55","slug":"ciclo-formativo-de-grado-superior-mecatronica-mgep-practicas-laibe","status":"publish","type":"post","link":"https:\/\/mukom.mondragon.edu\/mondragonfp\/es\/2019\/01\/30\/ciclo-formativo-de-grado-superior-mecatronica-mgep-practicas-laibe\/","title":{"rendered":"alumno de ciclo formativo de grado superior de mecatr\u00f3nica MGEP  de pr\u00e1cticas FCT en LAIBE"},"content":{"rendered":"<p>La semana que viene, 24 de enero, el alumno deciclo formativo de grado superior de MGEP de\u00a0<a href=\"https:\/\/www.mondragon.edu\/es\/formacion-profesional-mecatronica-industrial\">mecatr\u00f3nica industrial<\/a> Liher Canturiense, acaba los estudios y <a href=\"https:\/\/www.mondragon.edu\/es\/formacion-profesional-mecatronica-industrial\/formacion-dual-regimen-alternancia\">pr\u00e1cticas DUAL<\/a> en la empresa <a href=\"http:\/\/www.laibe-mh.com\/empresa.php\">Laibe<\/a>.<br \/>\nCon\u00a0objeto de conocer\u00a0su experiencia, le hemos hecho una entrevista:<\/p>\n<p><strong>1.- Dinos tu nombre y el ciclo que has hecho por favor.<\/strong><br \/>\nYo soy Liher Canturiense Amor y he cursado el <a href=\"https:\/\/www.mondragon.edu\/es\/formacion-profesional-mecatronica-industrial\">ciclo formativo de grado superior de mecatr\u00f3nica industrial de MGEP<\/a>.<\/p>\n<p><a href=\"https:\/\/www.flickr.com\/photos\/89015316@N02\/39142668084\/in\/dateposted-public\/\"><img loading=\"lazy\" src=\"https:\/\/farm5.staticflickr.com\/4649\/39142668084_0625a1f1b3.jpg\" alt=\"IMG_20180125_DUALmekatronika2\" width=\"392\" height=\"500\" \/><\/a><\/p>\n<p><strong>2.- \u00bfCu\u00e1ndo empezaste las pr\u00e1cticas, y cu\u00e1ndo las acabaste?<\/strong><br \/>\nEmpec\u00e9 las pr\u00e1cticas el 24 de octubre de 2017 y las acab\u00e9 el 24 de enero de 2018.<\/p>\n<p><strong>3.- \u00bfQui\u00e9n ha sido tu instructor en la empresa <a href=\"http:\/\/www.laibe-mh.com\/empresa.php\">Laibe<\/a>?<\/strong><br \/>\nAunque mi instructor ha sido Luis Alberdi, he trabajado con otros trabajadores como Iban, Oier, Jon y Victor.<\/p>\n<p><strong>4.- \u00bfCu\u00e1l ha sido tu \u00e1mbito de trabajo en <a href=\"http:\/\/www.laibe-mh.com\/empresa.php\">Laibe<\/a>?<\/strong><br \/>\nUna de las tareas principales ha consistido en echar una mano al servicio t\u00e9cnico. Esto es, si hay alg\u00fan error en alguna empresa con alguna m\u00e1quina, la empresa <a href=\"http:\/\/www.laibe-mh.com\/empresa.php\">Laibe <\/a>se traslada all\u00ed para arreglar el problema. Aparte del servicio t\u00e9cnico, <a href=\"http:\/\/www.laibe-mh.com\/empresa.php\">Laibe<\/a> tambi\u00e9n tiene el servicio de Retrofitting. Dicho de otra manera, todas las m\u00e1quinas que est\u00e1n viejas se llevan al taller de <a href=\"http:\/\/www.laibe-mh.com\/empresa.php\">Laibe<\/a> para arreglar, renovar y\/o ponerlas en marcha.<\/p>\n<p><strong>5.- \u00bfQu\u00e9 tipo de trabajos has realizado durante este periodo?<\/strong><br \/>\nEn este periodo he realizado distintos tipos de trabajos. He montado armarios el\u00e9ctricos el\u00e9ctricos, he hecho piezas con el torno o fresadora, desmontado, arreglar y volver a montar motores el\u00e9ctricos, limpiar la f\u00e1brica, pintar las piezas. Un poco de todo.<\/p>\n<p><a href=\"https:\/\/www.flickr.com\/photos\/89015316@N02\/24982208357\/in\/dateposted-public\/\"><img loading=\"lazy\" src=\"https:\/\/farm5.staticflickr.com\/4678\/24982208357_5edd002eb6.jpg\" alt=\"IMG_20180125_DUALmekatronika1\" width=\"426\" height=\"500\" \/><\/a><\/p>\n<p><strong>6.- Para terminar, \u00bfqu\u00e9 te ha aportado hacer las pr\u00e1cticas en <a href=\"http:\/\/www.laibe-mh.com\/empresa.php\">LAIBE<\/a> en lo personal como en lo profesional?<\/strong><\/p>\n<p>Esta experiencia me ha aportado varias cosas. Por la parte personal mencionar\u00eda el conocer a gente nueva. Aunque haya pasado poco tiempo con ellos siempre han estado dispuestos a\u00a0 ayudarme. A parte de esto, me han\u00a0ayudado mucho\u00a0 y\u00a0aconsejado cara al futuro. Esa ayuda y cercan\u00eda es realmente de agradecer.<\/p>\n<p>Subrayar\u00eda el conocimiento de la realidad. He podido aprender cosas que en clase por falta de tiempo o de material no he podido. Gracias a\u00a0la teor\u00eda he podido llevar los inputs aprendidos a la pr\u00e1ctica.<\/p>\n<p>Resumiendo, gracias a <strong>esta experiencia creo que he desarrollado competencias que ser\u00e1n esenciales para mi futuro laboral, y eso me alegra<\/strong>.<\/p>\n<p>&nbsp;<\/p>\n<p>&nbsp;<\/p>\n","protected":false},"excerpt":{"rendered":"<p>La semana que viene, 24 de enero, el alumno deciclo formativo de grado superior de MGEP de\u00a0mecatr\u00f3nica industrial Liher Canturiense, acaba los estudios y pr\u00e1cticas DUAL en la empresa Laibe. Con\u00a0objeto de conocer\u00a0su experiencia, le hemos hecho una entrevista: 1.- Dinos tu nombre y el ciclo que has hecho por favor. Yo soy Liher Canturiense Amor y he cursado el ciclo formativo de grado superior de mecatr\u00f3nica industrial de MGEP. 2.- \u00bfCu\u00e1ndo empezaste las pr\u00e1cticas, y cu\u00e1ndo las acabaste? Empec\u00e9 las pr\u00e1cticas el 24 de octubre de 2017 y las acab\u00e9 el 24 de enero de 2018. 3.- \u00bfQui\u00e9n ha sido tu instructor en la empresa Laibe? Aunque mi instructor ha sido Luis Alberdi, he trabajado con otros trabajadores como Iban, Oier, Jon y Victor. 4.- \u00bfCu\u00e1l ha sido tu \u00e1mbito de trabajo en Laibe? Una de las tareas principales&#8230;<\/p>\n","protected":false},"author":289,"featured_media":-1,"comment_status":"open","ping_status":"open","sticky":false,"template":"","format":"standard","meta":[],"categories":[144,223,114],"tags":[],"amp_enabled":true,"_links":{"self":[{"href":"https:\/\/mukom.mondragon.edu\/mondragonfp\/wp-json\/wp\/v2\/posts\/1462"}],"collection":[{"href":"https:\/\/mukom.mondragon.edu\/mondragonfp\/wp-json\/wp\/v2\/posts"}],"about":[{"href":"https:\/\/mukom.mondragon.edu\/mondragonfp\/wp-json\/wp\/v2\/types\/post"}],"author":[{"embeddable":true,"href":"https:\/\/mukom.mondragon.edu\/mondragonfp\/wp-json\/wp\/v2\/users\/289"}],"replies":[{"embeddable":true,"href":"https:\/\/mukom.mondragon.edu\/mondragonfp\/wp-json\/wp\/v2\/comments?post=1462"}],"version-history":[{"count":6,"href":"https:\/\/mukom.mondragon.edu\/mondragonfp\/wp-json\/wp\/v2\/posts\/1462\/revisions"}],"predecessor-version":[{"id":1733,"href":"https:\/\/mukom.mondragon.edu\/mondragonfp\/wp-json\/wp\/v2\/posts\/1462\/revisions\/1733"}],"wp:featuredmedia":[{"embeddable":true,"href":"https:\/\/mukom.mondragon.edu\/mondragonfp\/wp-json\/"}],"wp:attachment":[{"href":"https:\/\/mukom.mondragon.edu\/mondragonfp\/wp-json\/wp\/v2\/media?parent=1462"}],"wp:term":[{"taxonomy":"category","embeddable":true,"href":"https:\/\/mukom.mondragon.edu\/mondragonfp\/wp-json\/wp\/v2\/categories?post=1462"},{"taxonomy":"post_tag","embeddable":true,"href":"https:\/\/mukom.mondragon.edu\/mondragonfp\/wp-json\/wp\/v2\/tags?post=1462"}],"curies":[{"name":"wp","href":"https:\/\/api.w.org\/{rel}","templated":true}]}}