{"id":1573,"date":"2019-03-01T14:05:06","date_gmt":"2019-03-01T13:05:06","guid":{"rendered":"http:\/\/mukom.mondragon.edu\/mondragonfp\/?p=1573"},"modified":"2019-03-01T14:41:45","modified_gmt":"2019-03-01T13:41:45","slug":"testimonio-asir-mgep-dual-athlon","status":"publish","type":"post","link":"https:\/\/mukom.mondragon.edu\/mondragonfp\/es\/2019\/03\/01\/testimonio-asir-mgep-dual-athlon\/","title":{"rendered":"Testimonio de alumno DUAL de ciclo superior de Inform\u00e1tica ASIR de MGEP en la empresa  ATHLON"},"content":{"rendered":"<p><strong>1.-Dinos tu nombre y que ciclo has cursado.<\/strong><\/p>\n<p>Soy I\u00f1aki Ayala y estoy estudiando el 2. curso de <a href=\"https:\/\/www.mondragon.edu\/es\/formacion-profesional-administracion-sistemas-informaticos-red\">ciclo formativo de grado superior en Administraci\u00f3n de Sistemas Inform\u00e1ticos en Red<\/a>. Despu\u00e9s de trabajar 10 a\u00f1os, quise estudiar un ciclo formativo de grado superior, sobre todo del mundo de la inform\u00e1tica, ya que siempre me ha gustado y por ello he elegido <a href=\"https:\/\/www.mondragon.edu\/es\/inicio\">Mondragon Goi Eskola Politeknikoa<\/a>.<\/p>\n<p><strong>2.-\u00bfC\u00f3mo ha sido volver a estudiar? \u00bfC\u00f3mo te has sentido como alumno? \u00bfHa cambiado algo?<\/strong><\/p>\n<p>La verdad es que lo he llevado mejor de lo que pensaba, puede ser porque ahora soy m\u00e1s responsable y por ello he llevado mejor los estudios. Por un lado, el mundo de la inform\u00e1tica cambia mucho a\u00f1o tras a\u00f1o, con lo cual imaginaros cu\u00e1nto ha podido cambiar en 10. Por otro lado el modelo educativo ahora es mucho mas pr\u00e1ctico y se aprende mucho m\u00e1s.<\/p>\n<p><strong>3.-\u00bfEst\u00e1s en <a href=\"https:\/\/www.mondragon.edu\/es\/formacion-profesional-administracion-sistemas-informaticos-red\/formacion-dual-regimen-alternancia\">DUAL <\/a>verdad?<\/strong><\/p>\n<p>Nada m\u00e1s terminar el primer curso, en junio del 2018 empec\u00e9 en la formaci\u00f3n <a href=\"https:\/\/www.mondragon.edu\/es\/formacion-profesional-administracion-sistemas-informaticos-red\/formacion-dual-regimen-alternancia\">DUAL<\/a>, en mi caso en la empresa <a href=\"http:\/\/www.athlon.eus\/index.html\">Athlon<\/a> donde estoy muy a gusto y hay muy buen ambiente.<\/p>\n<p>Mi instructora es Judith Era\u00f1a. Cuando entr\u00e9, los dos primeros d\u00edas un alumno de MGEP del curso anterior me transmiti\u00f3 ciertas \u00a0instrucciones.\u00a0 Y ahora \u00a0tengo a mis compa\u00f1ero\/as de la empresa, los compa\u00f1eros de la empresa que da soporte,\u00a0 la universidad y la documentaci\u00f3n para posibles dudas y consultas.<\/p>\n<p><strong>4.-H\u00e1blanos de tu EMPRESA <\/strong><\/p>\n<p>Su misi\u00f3n es impulsar costumbres saludables y garantizar el bienestar de las personas. Mejorar el bienestar de la sociedad, haciendo que las personas adecuen sus costumbres saludables y los puedan desarrollar.<\/p>\n<p><strong>5. -\u00bfY cu\u00e1l es tu \u00e1rea o sector en tu grupo de trabajo? \u00bfQu\u00e9 tipos de trabajo haces en esta \u00e9poca?<\/strong><\/p>\n<p>Hago un poco de todo, pongo en pr\u00e1ctica todo lo aprendido en el ciclo, sobre todo el mantenimiento del servidor, cambios en la p\u00e1gina web y mantenimiento de los equipos y de la base de datos. Aparte de eso, doy servicio a los usuarios, ahora mismo la empresa est\u00e1 creciendo y hay m\u00e1s de 60 trabajadores, cada uno con su equipo y eso crea diferentes problemas.<\/p>\n<p><strong>6.-\u00bfQu\u00e9 tal llevas estudiar y trabajar a la vez dejando a un lado el tiempo de ocio?<\/strong><\/p>\n<p>En un principio no sabes c\u00f3mo te vas a adaptar trabajando y estudiando, pero te acostumbras a todo y la verdad que lo he llevado muy bien. Con ganas y organizaci\u00f3n no hay ning\u00fan problema.<\/p>\n<div style=\"width: 490px\" class=\"wp-caption aligncenter\"><img loading=\"lazy\" class=\"\" src=\"https:\/\/farm8.staticflickr.com\/7827\/32302995057_fbd247c8ec_z.jpg\" width=\"480\" height=\"640\" \/><p class=\"wp-caption-text\">I\u00f1aki Ayala<\/p><\/div>\n<p><strong>7.-Dinos por favor qu\u00e9 te ha ofrecido la EMPRESA al hacer pr\u00e1cticas, en lo personal como en los estudios.<\/strong><\/p>\n<p>En mi caso ser el \u00fanico inform\u00e1tico en la empresa te pone algo nervioso, no sabes qu\u00e9 problemas pueden surgir y si ser\u00e1s capaz de solucionarlos, pero todo eso cogerlo como un reto me motiva mucho. En ese momento te das cuenta de que tienes la capacidad de resolver problemas y en lo personal, te da mucha alegr\u00eda. Como he dicho antes, pongo en pr\u00e1ctica la mayor\u00eda de lo estudiado y eso me da la opci\u00f3n de poner en pr\u00e1ctica lo que me han ense\u00f1ado en clase. Es muy recomendable estar en la formaci\u00f3n <a href=\"https:\/\/www.mondragon.edu\/es\/formacion-profesional-administracion-sistemas-informaticos-red\/formacion-dual-regimen-alternancia\">DUAL<\/a>, ya que te da opci\u00f3n a aprender durante todo el a\u00f1o.<\/p>\n<p><strong>8.-\u00bfY qu\u00e9 tal ahora? \u00bfHa aumentado la pasi\u00f3n sobre la <a href=\"https:\/\/www.mondragon.edu\/es\/formacion-profesional-administracion-sistemas-informaticos-red\">Inform\u00e1tica<\/a>?<\/strong><\/p>\n<p>La verdad es que siempre me ha gustado la inform\u00e1tica, pero estos dos a\u00f1os yo dir\u00eda que\u00a0 ha aumentado.\u00a0\u00a0Y estudiar y trabajar es una combinaci\u00f3n genial. El pr\u00f3ximo a\u00f1o, quiero\u00a0seguir estudiando, y esta vez\u00a0en ciberseguridad,\u00a0 considero que hoy en d\u00eda la seguridad a nivel de empresa es un tema cr\u00edtico, muy importante.<\/p>\n","protected":false},"excerpt":{"rendered":"<p>1.-Dinos tu nombre y que ciclo has cursado. Soy I\u00f1aki Ayala y estoy estudiando el 2. curso de ciclo formativo de grado superior en Administraci\u00f3n de Sistemas Inform\u00e1ticos en Red. Despu\u00e9s de trabajar 10 a\u00f1os, quise estudiar un ciclo formativo de grado superior, sobre todo del mundo de la inform\u00e1tica, ya que siempre me ha gustado y por ello he elegido Mondragon Goi Eskola Politeknikoa. 2.-\u00bfC\u00f3mo ha sido volver a estudiar? \u00bfC\u00f3mo te has sentido como alumno? \u00bfHa cambiado algo? La verdad es que lo he llevado mejor de lo que pensaba, puede ser porque ahora soy m\u00e1s responsable y por ello he llevado mejor los estudios. Por un lado, el mundo de la inform\u00e1tica cambia mucho a\u00f1o tras a\u00f1o, con lo cual imaginaros cu\u00e1nto ha podido cambiar en 10. Por otro lado el modelo educativo ahora es mucho mas&#8230;<\/p>\n","protected":false},"author":289,"featured_media":-1,"comment_status":"open","ping_status":"open","sticky":false,"template":"","format":"standard","meta":[],"categories":[142,144,114],"tags":[],"amp_enabled":true,"_links":{"self":[{"href":"https:\/\/mukom.mondragon.edu\/mondragonfp\/wp-json\/wp\/v2\/posts\/1573"}],"collection":[{"href":"https:\/\/mukom.mondragon.edu\/mondragonfp\/wp-json\/wp\/v2\/posts"}],"about":[{"href":"https:\/\/mukom.mondragon.edu\/mondragonfp\/wp-json\/wp\/v2\/types\/post"}],"author":[{"embeddable":true,"href":"https:\/\/mukom.mondragon.edu\/mondragonfp\/wp-json\/wp\/v2\/users\/289"}],"replies":[{"embeddable":true,"href":"https:\/\/mukom.mondragon.edu\/mondragonfp\/wp-json\/wp\/v2\/comments?post=1573"}],"version-history":[{"count":18,"href":"https:\/\/mukom.mondragon.edu\/mondragonfp\/wp-json\/wp\/v2\/posts\/1573\/revisions"}],"predecessor-version":[{"id":1628,"href":"https:\/\/mukom.mondragon.edu\/mondragonfp\/wp-json\/wp\/v2\/posts\/1573\/revisions\/1628"}],"wp:featuredmedia":[{"embeddable":true,"href":"https:\/\/mukom.mondragon.edu\/mondragonfp\/wp-json\/"}],"wp:attachment":[{"href":"https:\/\/mukom.mondragon.edu\/mondragonfp\/wp-json\/wp\/v2\/media?parent=1573"}],"wp:term":[{"taxonomy":"category","embeddable":true,"href":"https:\/\/mukom.mondragon.edu\/mondragonfp\/wp-json\/wp\/v2\/categories?post=1573"},{"taxonomy":"post_tag","embeddable":true,"href":"https:\/\/mukom.mondragon.edu\/mondragonfp\/wp-json\/wp\/v2\/tags?post=1573"}],"curies":[{"name":"wp","href":"https:\/\/api.w.org\/{rel}","templated":true}]}}