{"id":1687,"date":"2019-03-14T14:27:38","date_gmt":"2019-03-14T13:27:38","guid":{"rendered":"http:\/\/mukom.mondragon.edu\/mondragonfp\/?p=1687"},"modified":"2019-03-14T14:37:31","modified_gmt":"2019-03-14T13:37:31","slug":"ciclos-superiores-mgep-jpa-practicas-empresas","status":"publish","type":"post","link":"https:\/\/mukom.mondragon.edu\/mondragonfp\/es\/2019\/03\/14\/ciclos-superiores-mgep-jpa-practicas-empresas\/","title":{"rendered":"Los Ciclos Superiores de MGEP han organizado una jornada de puertas abiertas para empresas"},"content":{"rendered":"<p style=\"text-align: justify\">El 6 de febrero se celebr\u00f3 en\u00a0\u00a0<a href=\"https:\/\/www.mondragon.edu\/es\/inicio\">MGEP<\/a>\u00a0una jornada de puertas abiertas (JPA) de los <a href=\"https:\/\/www.mondragon.edu\/es\/ciclos-formativos-grado-superior\/oferta-formacion-profesional\">Ciclos formativos de grado superior de MGEP<\/a> para las empresas colaboradoras.\u00a0Es conocida ya la estrecha relaci\u00f3n que tiene <a href=\"https:\/\/www.mondragon.edu\/es\/inicio\">MGEP<\/a> con la red de empresas, pero se quer\u00eda dar\u00a0un paso\u00a0m\u00e1s y\u00a0estrechar a\u00fan m\u00e1s los lazos que unen\u00a0 el centro educativo\u00a0\u00a0y la empresa.\u00a0El objetivo fue dar a conocer el modelo educativo implantado en <a href=\"https:\/\/www.mondragon.edu\/es\/inicio\">MGEP<\/a>. Los alumnos fueron los verdaderos protagonistas del evento, ense\u00f1aron las instalaciones y equipamientos que utilizan y adem\u00e1s ense\u00f1aron y explicaron los retos y proyectos en los que hab\u00edan trabajado a lo largo del curso.<\/p>\n<p>Este fue el programa:<\/p>\n<p>Gorka Aretxaga, coordinador de <a href=\"https:\/\/www.mondragon.edu\/es\/ciclos-formativos-grado-superior\/oferta-formacion-profesional\">ciclos formativos de grado superior de MGEP<\/a>\u00a0 , hizo la entrada del evento. Explic\u00f3 la metodolog\u00eda \u201cAprender haciendo\u201d y present\u00f3 a los miembros del <a href=\"https:\/\/www.mondragon.edu\/es\/formacion-profesional-administracion-sistemas-informaticos-red\/formacion-dual-regimen-alternancia\"><strong>equipo de trabajo de DUAL<\/strong> <\/a>a los miembros de las empresas. Se\u00a0describieron\u00a0 los distintos perfiles profesionales de los t\u00edtulos\u00a0\u00a0<a href=\"https:\/\/www.mondragon.edu\/es\/ciclos-formativos-grado-superior\/oferta-formacion-profesional\">\u00a0ciclos formativos de grado superior de MGEP<\/a>\u00a0y los distintos programas para pr\u00e1cticas en empresa : <a href=\"https:\/\/www.mondragon.edu\/es\/formacion-profesional-administracion-sistemas-informaticos-red\/formacion-dual-regimen-alternancia\"><strong>Alternancia estudio-trabajo, FCT y DUAL.<\/strong><\/a><\/p>\n<div style=\"width: 510px\" class=\"wp-caption aligncenter\"><img loading=\"lazy\" class=\"\" src=\"https:\/\/farm8.staticflickr.com\/7879\/46573639794_c58ffd30ec.jpg\" width=\"500\" height=\"333\" \/><p class=\"wp-caption-text\"><em>Aqu\u00ed tenemos a Gorka Aretxaga (Coordinador de GMHZ de MGEP), Itsaso Buruaga (Administraci\u00f3n y finanzas), Be\u00f1at Azketa y Osane Lizarralde Coordinadores de Pr\u00e1cticas)<\/em><\/p><\/div>\n<p>A continuaci\u00f3n, Carlos Garc\u00eda, coordinador general de <a href=\"https:\/\/www.mondragon.edu\/es\/inicio\">MGEP<\/a>, hizo la presentaci\u00f3n de Don Nikolas Sagarzazu Alzua, director de planificaci\u00f3n y organizaci\u00f3n (educaci\u00f3n) del Gobierno Vasco.<\/p>\n<div style=\"width: 510px\" class=\"wp-caption aligncenter\"><img loading=\"lazy\" class=\"\" src=\"https:\/\/farm8.staticflickr.com\/7914\/32355108337_f40faf1757.jpg\" width=\"500\" height=\"333\" \/><p class=\"wp-caption-text\">Momento en el que Carlos Garc\u00eda (coordinador general de MGEP) presenta a Nikolas Sagarzazu (director de planificaci\u00f3n y organizaci\u00f3n (educaci\u00f3n) del Gobierno Vasco), junto aI\u00f1igo Larrea (representante de MONDRAGON en la EAIJ de 2019) y que present\u00f3 una buena pr\u00e1ctica<\/p><\/div>\n<p>Varios representantes de empresas y colaboradores internos presentaron las buenas pr\u00e1cticas. Para finalizar se le dio la palabra a Don Nikolas Sagarzazu.<\/p>\n<div style=\"width: 510px\" class=\"wp-caption aligncenter\"><img loading=\"lazy\" class=\"\" src=\"https:\/\/farm8.staticflickr.com\/7850\/46452137145_0e37621565.jpg\" width=\"500\" height=\"282\" \/><p class=\"wp-caption-text\">Representantes de las empresas MONDRAGON, ULMA Packaging, EKIDE GROUP, PMG POLMETASA y responsables de MGEP y GOBIERNO VASCO en\u00a0el momento en que particaparon\u00a0 en la presentaci\u00f3n<\/p><\/div>\n<p>Despu\u00e9s de un breve descanso, se visitaron los talleres y laboratorios de los <a href=\"https:\/\/www.mondragon.edu\/es\/ciclos-formativos-grado-superior\/oferta-formacion-profesional\">ciclos formativos de grado superior de MGEP<\/a>\u00a0. Los coordinadores de cada t\u00edtulo fueron los conductores de la visita, pero sobre todo los\u00a0 alumnos y las alumnas fueron los y las grandes protagonistas, ya que explicaron los retos en los que hab\u00edan trabajado con la metodolog\u00eda aprender haciendo.<\/p>\n<ul>\n<li>Osane Lizarralde. INFORM\u00c1TICA, <a href=\"https:\/\/www.mondragon.edu\/es\/formacion-profesional-administracion-sistemas-informaticos-red\">Administraci\u00f3n de Sistemas inform\u00e1ticos en red.<\/a><\/li>\n<li>Urko Sueiro. ROBOTICA, <a href=\"https:\/\/www.mondragon.edu\/es\/formacion-profesional-automatizacion-robotica-industrial\">Automatizaci\u00f3n y Rob\u00f3tica industrial.<\/a><\/li>\n<li>Haritz Arabaolaza. DISE\u00d1O, <a href=\"https:\/\/www.mondragon.edu\/es\/formacion-profesional-diseno-fabricacion-mecanica\">Dise\u00f1o en Fabricaci\u00f3n Mec\u00e1nica<\/a>.<\/li>\n<li>Haritz Barrutia. MECATR\u00d3NICA, <a href=\"https:\/\/www.mondragon.edu\/es\/formacion-profesional-mecatronica-industrial\">Mecatr\u00f3nica Industrial<\/a>.<\/li>\n<li>Javier Aperribay. MECANIZADO, <a href=\"https:\/\/www.mondragon.edu\/es\/formacion-profesional-programacion-produccion-fabricacion-mecanica\">Programaci\u00f3n de la Producci\u00f3n en Fabricaci\u00f3n Mec\u00e1nica<\/a><\/li>\n<\/ul>\n<p>Imagen resumen de la visita a los talleres y laboratorios de <a href=\"https:\/\/www.mondragon.edu\/es\/inicio\">MGEP<\/a>:<\/p>\n<p><img loading=\"lazy\" class=\"aligncenter\" src=\"https:\/\/farm8.staticflickr.com\/7859\/40401732683_e121784891.jpg\" width=\"500\" height=\"284\" \/><\/p>\n<p>Para finalizar, se muestra el siguiente v\u00eddeo del evento realizado en <a href=\"https:\/\/www.mondragon.edu\/es\/inicio\">MGEP<\/a>:<\/p>\n<p><a class=\"embedly-card\" href=\"https:\/\/youtu.be\/BO9XVHReMFM\">Enpresentzako ate irekiak Mondragon Goi Eskola Politeknikoko Goi Mailako Heziketa Zikloetan<\/a><\/p>\n<p>Finalmente, noticias sobre el evento en algunos medios de comunicaci\u00f3n:<\/p>\n<p><a href=\"https:\/\/www.tulankide.com\/es\/una-veintena-de-empresas-conocen-la-formacion-dual-de-los-ciclos-formativos-de-goi-eskola-politeknikoahttps:\/\/www.tulankide.com\/es\/una-veintena-de-empresas-conocen-la-formacion-dual-de-los-ciclos-formativos-de-goi-eskola-politeknikoa\">TU LANKIDE<\/a>,\u00a0<a href=\"http:\/\/mondraberri.com\/mondraberri\/contenidos.item.action?id=8734231&amp;menuId=3023725&amp;onlypath=true\">MONDRABERRI<\/a>,\u00a0<a href=\"https:\/\/www.mondragon.edu\/eu\/-\/los-ciclos-formativos-de-grado-superior-de-mondragon-goi-eskola-politeknikoa-abren-sus-puertas-a-las-empresas-del-alto-deba\">MUko webgunean<\/a>,\u00a0 \u00a0<a href=\"https:\/\/goiena.eus\/debagoiena\/1549473136211-prestakuntza-zikloak-hobeto-ezagutzeko-enpresendako-jardunaldia-egin-dute-mondragon-goi-eskola-politeknikoan-enpresand\">GOIENA<\/a>,\u00a0\u00a0<a href=\"https:\/\/www.diariovasco.com\/alto-deba\/arrasate\/eskola-politeknikoa-estrecha-20190208001814-ntvo.html\">DIARIO VASCO<\/a>,\u00a0 &#8230;<\/p>\n<p>Y aqu\u00ed el v\u00eddeo hecho por Goiena:<\/p>\n<p><a href=\"https:\/\/goienamedia.eus\/internet\/public\/bideo\/20041141\/embed-kodea\/show\">Enpresendako ate irekien jardunaldia Mondragon Goi Eskola Politeknikoan<\/a><\/p>\n<p>&nbsp;<\/p>\n","protected":false},"excerpt":{"rendered":"<p>El 6 de febrero se celebr\u00f3 en\u00a0\u00a0MGEP\u00a0una jornada de puertas abiertas (JPA) de los Ciclos formativos de grado superior de MGEP para las empresas colaboradoras.\u00a0Es conocida ya la estrecha relaci\u00f3n que tiene MGEP con la red de empresas, pero se quer\u00eda dar\u00a0un paso\u00a0m\u00e1s y\u00a0estrechar a\u00fan m\u00e1s los lazos que unen\u00a0 el centro educativo\u00a0\u00a0y la empresa.\u00a0El objetivo fue dar a conocer el modelo educativo implantado en MGEP. Los alumnos fueron los verdaderos protagonistas del evento, ense\u00f1aron las instalaciones y equipamientos que utilizan y adem\u00e1s ense\u00f1aron y explicaron los retos y proyectos en los que hab\u00edan trabajado a lo largo del curso. Este fue el programa: Gorka Aretxaga, coordinador de ciclos formativos de grado superior de MGEP\u00a0 , hizo la entrada del evento. Explic\u00f3 la metodolog\u00eda \u201cAprender haciendo\u201d y present\u00f3 a los miembros del equipo de trabajo de DUAL a los miembros&#8230;<\/p>\n","protected":false},"author":289,"featured_media":-1,"comment_status":"open","ping_status":"open","sticky":false,"template":"","format":"standard","meta":[],"categories":[171,144,126,114],"tags":[],"amp_enabled":true,"_links":{"self":[{"href":"https:\/\/mukom.mondragon.edu\/mondragonfp\/wp-json\/wp\/v2\/posts\/1687"}],"collection":[{"href":"https:\/\/mukom.mondragon.edu\/mondragonfp\/wp-json\/wp\/v2\/posts"}],"about":[{"href":"https:\/\/mukom.mondragon.edu\/mondragonfp\/wp-json\/wp\/v2\/types\/post"}],"author":[{"embeddable":true,"href":"https:\/\/mukom.mondragon.edu\/mondragonfp\/wp-json\/wp\/v2\/users\/289"}],"replies":[{"embeddable":true,"href":"https:\/\/mukom.mondragon.edu\/mondragonfp\/wp-json\/wp\/v2\/comments?post=1687"}],"version-history":[{"count":6,"href":"https:\/\/mukom.mondragon.edu\/mondragonfp\/wp-json\/wp\/v2\/posts\/1687\/revisions"}],"predecessor-version":[{"id":1708,"href":"https:\/\/mukom.mondragon.edu\/mondragonfp\/wp-json\/wp\/v2\/posts\/1687\/revisions\/1708"}],"wp:featuredmedia":[{"embeddable":true,"href":"https:\/\/mukom.mondragon.edu\/mondragonfp\/wp-json\/"}],"wp:attachment":[{"href":"https:\/\/mukom.mondragon.edu\/mondragonfp\/wp-json\/wp\/v2\/media?parent=1687"}],"wp:term":[{"taxonomy":"category","embeddable":true,"href":"https:\/\/mukom.mondragon.edu\/mondragonfp\/wp-json\/wp\/v2\/categories?post=1687"},{"taxonomy":"post_tag","embeddable":true,"href":"https:\/\/mukom.mondragon.edu\/mondragonfp\/wp-json\/wp\/v2\/tags?post=1687"}],"curies":[{"name":"wp","href":"https:\/\/api.w.org\/{rel}","templated":true}]}}