{"id":1782,"date":"2019-04-06T17:47:50","date_gmt":"2019-04-06T15:47:50","guid":{"rendered":"http:\/\/mukom.mondragon.edu\/mondragonfp\/?p=1782"},"modified":"2019-04-06T17:47:50","modified_gmt":"2019-04-06T15:47:50","slug":"el-coordinador-de-ciclos-formativos-de-grado-superior-de-mgep-gorka-aretxaga-en-el-i-congreso-de-centros-integrados-de-formacion-profesional-en-valencia","status":"publish","type":"post","link":"https:\/\/mukom.mondragon.edu\/mondragonfp\/es\/2019\/04\/06\/el-coordinador-de-ciclos-formativos-de-grado-superior-de-mgep-gorka-aretxaga-en-el-i-congreso-de-centros-integrados-de-formacion-profesional-en-valencia\/","title":{"rendered":"El coordinador de ciclos formativos de grado superior de MGEP Gorka Aretxaga en el I. Congreso de Centros Integrados de Formaci\u00f3n Profesional en Valencia"},"content":{"rendered":"<p>El pasado 21 y 22 de marzo tuvo lugar en el\u00a0<em>Palau de les Arts Reina Sof\u00eda<\/em>\u00a0(Valencia) el <strong>\u201cI. Encuentro de Centros Integrados de Formaci\u00f3n Profesional\u201d<\/strong>, encuentro al que asisti\u00f3, en representaci\u00f3n de <a href=\"https:\/\/www.mondragon.edu\/es\/escuela-politecnica-superior\">MGEP<\/a>, Gorka Aretxaga.\u00a0 <a href=\"https:\/\/www.mondragon.edu\/es\/ciclos-formativos-grado-superior\/oferta-formacion-profesional\">coordinador de ciclos formativos de grado superior.<\/a><\/p>\n<p><img loading=\"lazy\" class=\"aligncenter\" src=\"https:\/\/farm8.staticflickr.com\/7836\/47527614171_d7c792033c.jpg\" width=\"375\" height=\"500\" \/><\/p>\n<p>M\u00e1s de 600 profesores de Formaci\u00f3n Profesional han participado en el Primer Congreso Internacional de FP celebrado en Valencia. Se han reunido autoridades, centros educativos, empresas y j\u00f3venes para analizar<strong> los retos que la transformaci\u00f3n digital plantea al sistema educativo y concretamente a la Formaci\u00f3n Profesional.<\/strong><\/p>\n<p>El Congreso se dividi\u00f3 en dos jornadas t\u00e9cnicas de car\u00e1cter formativo dirigidas al profesorado, a los equipos directivos y a los centros integrados. Adem\u00e1s, han contado con la presencia de las administraciones educativas de todas las Comunidades Aut\u00f3nomas. Especial atenci\u00f3n a la Comunidad del Pa\u00eds Vasco, con la intervenci\u00f3n de Jorge Ar\u00e9valo, actual Viceconsejero de Formaci\u00f3n profesional en el Gobierno Vasco.<\/p>\n<p><img loading=\"lazy\" class=\"aligncenter\" src=\"https:\/\/farm8.staticflickr.com\/7825\/47474877492_e74101e382.jpg\" width=\"500\" height=\"375\" \/><\/p>\n<p>Este encuentro ha permitido intercambiar experiencias con diversos centros y conocer pr\u00e1cticas innovadoras aplicadas en los diferentes ciclos.<\/p>\n","protected":false},"excerpt":{"rendered":"<p>El pasado 21 y 22 de marzo tuvo lugar en el\u00a0Palau de les Arts Reina Sof\u00eda\u00a0(Valencia) el \u201cI. Encuentro de Centros Integrados de Formaci\u00f3n Profesional\u201d, encuentro al que asisti\u00f3, en representaci\u00f3n de MGEP, Gorka Aretxaga.\u00a0 coordinador de ciclos formativos de grado superior. M\u00e1s de 600 profesores de Formaci\u00f3n Profesional han participado en el Primer Congreso Internacional de FP celebrado en Valencia. Se han reunido autoridades, centros educativos, empresas y j\u00f3venes para analizar los retos que la transformaci\u00f3n digital plantea al sistema educativo y concretamente a la Formaci\u00f3n Profesional. El Congreso se dividi\u00f3 en dos jornadas t\u00e9cnicas de car\u00e1cter formativo dirigidas al profesorado, a los equipos directivos y a los centros integrados. Adem\u00e1s, han contado con la presencia de las administraciones educativas de todas las Comunidades Aut\u00f3nomas. Especial atenci\u00f3n a la Comunidad del Pa\u00eds Vasco, con la intervenci\u00f3n de Jorge Ar\u00e9valo,&#8230;<\/p>\n","protected":false},"author":289,"featured_media":-1,"comment_status":"open","ping_status":"open","sticky":false,"template":"","format":"standard","meta":[],"categories":[97],"tags":[],"amp_enabled":true,"_links":{"self":[{"href":"https:\/\/mukom.mondragon.edu\/mondragonfp\/wp-json\/wp\/v2\/posts\/1782"}],"collection":[{"href":"https:\/\/mukom.mondragon.edu\/mondragonfp\/wp-json\/wp\/v2\/posts"}],"about":[{"href":"https:\/\/mukom.mondragon.edu\/mondragonfp\/wp-json\/wp\/v2\/types\/post"}],"author":[{"embeddable":true,"href":"https:\/\/mukom.mondragon.edu\/mondragonfp\/wp-json\/wp\/v2\/users\/289"}],"replies":[{"embeddable":true,"href":"https:\/\/mukom.mondragon.edu\/mondragonfp\/wp-json\/wp\/v2\/comments?post=1782"}],"version-history":[{"count":4,"href":"https:\/\/mukom.mondragon.edu\/mondragonfp\/wp-json\/wp\/v2\/posts\/1782\/revisions"}],"predecessor-version":[{"id":1831,"href":"https:\/\/mukom.mondragon.edu\/mondragonfp\/wp-json\/wp\/v2\/posts\/1782\/revisions\/1831"}],"wp:featuredmedia":[{"embeddable":true,"href":"https:\/\/mukom.mondragon.edu\/mondragonfp\/wp-json\/"}],"wp:attachment":[{"href":"https:\/\/mukom.mondragon.edu\/mondragonfp\/wp-json\/wp\/v2\/media?parent=1782"}],"wp:term":[{"taxonomy":"category","embeddable":true,"href":"https:\/\/mukom.mondragon.edu\/mondragonfp\/wp-json\/wp\/v2\/categories?post=1782"},{"taxonomy":"post_tag","embeddable":true,"href":"https:\/\/mukom.mondragon.edu\/mondragonfp\/wp-json\/wp\/v2\/tags?post=1782"}],"curies":[{"name":"wp","href":"https:\/\/api.w.org\/{rel}","templated":true}]}}