{"id":1895,"date":"2019-05-06T08:23:59","date_gmt":"2019-05-06T06:23:59","guid":{"rendered":"http:\/\/mukom.mondragon.edu\/mondragonfp\/?p=1895"},"modified":"2023-03-13T12:10:17","modified_gmt":"2023-03-13T11:10:17","slug":"la-oferta-de-los-ciclos-formativos-de-grado-superior-de-mgep-en-los-autobuses-pesa","status":"publish","type":"post","link":"https:\/\/mukom.mondragon.edu\/mondragonfp\/es\/2019\/05\/06\/la-oferta-de-los-ciclos-formativos-de-grado-superior-de-mgep-en-los-autobuses-pesa\/","title":{"rendered":"La oferta de los  ciclos formativos de grado superior de MGEP en los autobuses PESA"},"content":{"rendered":"<p>Estamos de Captaci\u00f3n.<\/p>\n<p>&nbsp;<\/p>\n<p>La oferta de los\u00a0 <a href=\"https:\/\/www.mondragon.edu\/es\/ciclos-formativos-grado-superior\/oferta-formacion-profesional\">ciclos formativos de grado superior de MGEP <\/a>se anuncia en los autobuses PESA.<\/p>\n<div><a class=\"embedly-card\" href=\"https:\/\/www.youtube.com\/watch?v=wijY571Sd9s&amp;feature=youtu.be\">Heziketa Zikloak: Mondragon Goi Eskola Politeknikoa<\/a><\/div>\n<p>Se presentan todos los <a href=\"https:\/\/www.mondragon.edu\/es\/ciclos-formativos-grado-superior\/oferta-formacion-profesional\">t\u00edtulos ofertados en MGEP<\/a><\/p>\n<p style=\"text-align: center\"><img loading=\"lazy\" class=\"alignnone size-medium\" src=\"https:\/\/live.staticflickr.com\/65535\/46952081104_0a0d988cf4_b.jpg\" width=\"1024\" height=\"576\" \/><\/p>\n<p>as\u00ed como las fechas previstas para las jornadas de puertas abiertas.<\/p>\n<div style=\"text-align: center\"><img loading=\"lazy\" class=\"alignnone size-medium\" src=\"https:\/\/live.staticflickr.com\/65535\/46824841215_f836ba7f2a_b.jpg\" width=\"1024\" height=\"576\" \/><\/div>\n<div>\n<p>La fase de inscripci\u00f3n se abrir\u00e1 el 4 de junio (4-13 de junio) y la fase de matriculaci\u00f3n pre-visiblemente entre el 11 y 17 de julio.<\/p>\n<p>De momento hay una<strong>\u00a0Jornada de Puertas abiertas el 25 de mayo a las 11.00.<\/strong><\/p>\n<\/div>\n","protected":false},"excerpt":{"rendered":"<p>Estamos de Captaci\u00f3n. &nbsp; La oferta de los\u00a0 ciclos formativos de grado superior de MGEP se anuncia en los autobuses PESA. Heziketa Zikloak: Mondragon Goi Eskola Politeknikoa Se presentan todos los t\u00edtulos ofertados en MGEP as\u00ed como las fechas previstas para las jornadas de puertas abiertas. La fase de inscripci\u00f3n se abrir\u00e1 el 4 de junio (4-13 de junio) y la fase de matriculaci\u00f3n pre-visiblemente entre el 11 y 17 de julio. De momento hay una\u00a0Jornada de Puertas abiertas el 25 de mayo a las 11.00.<\/p>\n","protected":false},"author":141,"featured_media":-1,"comment_status":"open","ping_status":"open","sticky":false,"template":"","format":"standard","meta":[],"categories":[171,126,114],"tags":[],"amp_enabled":true,"_links":{"self":[{"href":"https:\/\/mukom.mondragon.edu\/mondragonfp\/wp-json\/wp\/v2\/posts\/1895"}],"collection":[{"href":"https:\/\/mukom.mondragon.edu\/mondragonfp\/wp-json\/wp\/v2\/posts"}],"about":[{"href":"https:\/\/mukom.mondragon.edu\/mondragonfp\/wp-json\/wp\/v2\/types\/post"}],"author":[{"embeddable":true,"href":"https:\/\/mukom.mondragon.edu\/mondragonfp\/wp-json\/wp\/v2\/users\/141"}],"replies":[{"embeddable":true,"href":"https:\/\/mukom.mondragon.edu\/mondragonfp\/wp-json\/wp\/v2\/comments?post=1895"}],"version-history":[{"count":6,"href":"https:\/\/mukom.mondragon.edu\/mondragonfp\/wp-json\/wp\/v2\/posts\/1895\/revisions"}],"predecessor-version":[{"id":6773,"href":"https:\/\/mukom.mondragon.edu\/mondragonfp\/wp-json\/wp\/v2\/posts\/1895\/revisions\/6773"}],"wp:featuredmedia":[{"embeddable":true,"href":"https:\/\/mukom.mondragon.edu\/mondragonfp\/wp-json\/"}],"wp:attachment":[{"href":"https:\/\/mukom.mondragon.edu\/mondragonfp\/wp-json\/wp\/v2\/media?parent=1895"}],"wp:term":[{"taxonomy":"category","embeddable":true,"href":"https:\/\/mukom.mondragon.edu\/mondragonfp\/wp-json\/wp\/v2\/categories?post=1895"},{"taxonomy":"post_tag","embeddable":true,"href":"https:\/\/mukom.mondragon.edu\/mondragonfp\/wp-json\/wp\/v2\/tags?post=1895"}],"curies":[{"name":"wp","href":"https:\/\/api.w.org\/{rel}","templated":true}]}}