{"id":1898,"date":"2019-07-10T11:16:54","date_gmt":"2019-07-10T09:16:54","guid":{"rendered":"http:\/\/mukom.mondragon.edu\/mondragonfp\/?p=1898"},"modified":"2019-07-10T11:16:54","modified_gmt":"2019-07-10T09:16:54","slug":"entrevista-a-alumno-de-formacion-profesional-de-mecatronica-industrial-en-fagor-arrasate","status":"publish","type":"post","link":"https:\/\/mukom.mondragon.edu\/mondragonfp\/es\/2019\/07\/10\/entrevista-a-alumno-de-formacion-profesional-de-mecatronica-industrial-en-fagor-arrasate\/","title":{"rendered":"Entrevista a alumno de formaci\u00f3n profesional de mecatr\u00f3nica industrial en Fagor Arrasate"},"content":{"rendered":"<p>Hola Mikel,<\/p>\n<p>Estas estudiando un ciclo formativo en la universidad superior polit\u00e9cnica de Mondrag\u00f3n (MGEP).<\/p>\n<p><strong>\u00bfNos podr\u00edas contar por qu\u00e9 elegiste estudiar el ciclo de Mecatr\u00f3nica industrial? \u00bfY por qu\u00e9 has elegido la universidad superior polit\u00e9cnica de Mondrag\u00f3n (MGEP)?<\/strong><\/p>\n<p>Eleg\u00ed el ciclo de Mecatr\u00f3nica Industrial porque tiene una buena recepci\u00f3n en cuanto al trabajo, y eleg\u00ed MGEP por la cercan\u00eda, por la opci\u00f3n que tienen de la formaci\u00f3n\u00a0DUAL\u00a0 y por la cantidad de opciones que tienen en el mundo empresarial.<\/p>\n<p><strong>Has optado por la formaci\u00f3n DUAL, \u00bfen qu\u00e9 empresa est\u00e1s trabajando? \u00bfCu\u00e1ndo empezaste ?<\/strong><\/p>\n<p>Estoy trabajando en Fagor Arrasate, empec\u00e9 el DUAL el 22 de junio de 2018 y he estado trabajando durante todo un a\u00f1o completo.<\/p>\n<p><strong>\u00bfCu\u00e1l es tu \u00e1mbito laboral y qu\u00e9 tipo de trabajos haces?<\/strong><\/p>\n<p>La empresa centra su negocio en el montaje de distintas m\u00e1quinas. Yo trabajo en el departamento de calidad de la siderurgia.<\/p>\n<p>Resumiendo, les tomo medidas a distintas m\u00e1quinas y compruebo con el plano a ver si est\u00e1 todo\u00a0 bien. Despu\u00e9s estas piezas van a montaje.<\/p>\n<p><strong>Para terminar, \u00bfqu\u00e9 te ha ofrecido personalmente\u00a0 hacer la formaci\u00f3n Dual?<\/strong><\/p>\n<p>En cuanto a los estudios o formaci\u00f3n, un gran acercamiento al mundo laboral y conocer la empresa desde dentro.<\/p>\n<p>Personalmente, una inmejorable manera de coger experiencia en el mundo laboral y hacer un seguimiento de lo estudiado.<\/p>\n<p><img loading=\"lazy\" class=\"aligncenter\" src=\"https:\/\/live.staticflickr.com\/65535\/32796050127_2572df3d62.jpg\" width=\"500\" height=\"303\" \/><\/p>\n<p>&nbsp;<\/p>\n","protected":false},"excerpt":{"rendered":"<p>Hola Mikel, Estas estudiando un ciclo formativo en la universidad superior polit\u00e9cnica de Mondrag\u00f3n (MGEP). \u00bfNos podr\u00edas contar por qu\u00e9 elegiste estudiar el ciclo de Mecatr\u00f3nica industrial? \u00bfY por qu\u00e9 has elegido la universidad superior polit\u00e9cnica de Mondrag\u00f3n (MGEP)? Eleg\u00ed el ciclo de Mecatr\u00f3nica Industrial porque tiene una buena recepci\u00f3n en cuanto al trabajo, y eleg\u00ed MGEP por la cercan\u00eda, por la opci\u00f3n que tienen de la formaci\u00f3n\u00a0DUAL\u00a0 y por la cantidad de opciones que tienen en el mundo empresarial. Has optado por la formaci\u00f3n DUAL, \u00bfen qu\u00e9 empresa est\u00e1s trabajando? \u00bfCu\u00e1ndo empezaste ? Estoy trabajando en Fagor Arrasate, empec\u00e9 el DUAL el 22 de junio de 2018 y he estado trabajando durante todo un a\u00f1o completo. \u00bfCu\u00e1l es tu \u00e1mbito laboral y qu\u00e9 tipo de trabajos haces? La empresa centra su negocio en el montaje de distintas m\u00e1quinas. Yo&#8230;<\/p>\n","protected":false},"author":289,"featured_media":-1,"comment_status":"open","ping_status":"open","sticky":false,"template":"","format":"standard","meta":[],"categories":[171,144,223],"tags":[],"amp_enabled":true,"_links":{"self":[{"href":"https:\/\/mukom.mondragon.edu\/mondragonfp\/wp-json\/wp\/v2\/posts\/1898"}],"collection":[{"href":"https:\/\/mukom.mondragon.edu\/mondragonfp\/wp-json\/wp\/v2\/posts"}],"about":[{"href":"https:\/\/mukom.mondragon.edu\/mondragonfp\/wp-json\/wp\/v2\/types\/post"}],"author":[{"embeddable":true,"href":"https:\/\/mukom.mondragon.edu\/mondragonfp\/wp-json\/wp\/v2\/users\/289"}],"replies":[{"embeddable":true,"href":"https:\/\/mukom.mondragon.edu\/mondragonfp\/wp-json\/wp\/v2\/comments?post=1898"}],"version-history":[{"count":4,"href":"https:\/\/mukom.mondragon.edu\/mondragonfp\/wp-json\/wp\/v2\/posts\/1898\/revisions"}],"predecessor-version":[{"id":2263,"href":"https:\/\/mukom.mondragon.edu\/mondragonfp\/wp-json\/wp\/v2\/posts\/1898\/revisions\/2263"}],"wp:featuredmedia":[{"embeddable":true,"href":"https:\/\/mukom.mondragon.edu\/mondragonfp\/wp-json\/"}],"wp:attachment":[{"href":"https:\/\/mukom.mondragon.edu\/mondragonfp\/wp-json\/wp\/v2\/media?parent=1898"}],"wp:term":[{"taxonomy":"category","embeddable":true,"href":"https:\/\/mukom.mondragon.edu\/mondragonfp\/wp-json\/wp\/v2\/categories?post=1898"},{"taxonomy":"post_tag","embeddable":true,"href":"https:\/\/mukom.mondragon.edu\/mondragonfp\/wp-json\/wp\/v2\/tags?post=1898"}],"curies":[{"name":"wp","href":"https:\/\/api.w.org\/{rel}","templated":true}]}}