{"id":2106,"date":"2019-06-26T13:28:19","date_gmt":"2019-06-26T11:28:19","guid":{"rendered":"http:\/\/mukom.mondragon.edu\/mondragonfp\/?p=2106"},"modified":"2023-03-13T11:57:36","modified_gmt":"2023-03-13T10:57:36","slug":"evento-de-formacion-profesional-de-ciclo-superior-de-mgep-practicas-en-empresa-junto-a-biele-y-ulma-packaging","status":"publish","type":"post","link":"https:\/\/mukom.mondragon.edu\/mondragonfp\/es\/2019\/06\/26\/evento-de-formacion-profesional-de-ciclo-superior-de-mgep-practicas-en-empresa-junto-a-biele-y-ulma-packaging\/","title":{"rendered":"Evento de Formaci\u00f3n Profesional de Ciclo Superior de MGEP, Pr\u00e1cticas en Empresa junto a BIELE y ULMA PACKAGING"},"content":{"rendered":"<p>El 29 de marzo,\u00a0\u00a0la <a href=\"https:\/\/www.mondragon.edu\/es\/ciclos-formativos-grado-superior\/oferta-formacion-profesional\">Formaci\u00f3n Profesional de Ciclo Superior<\/a> de <a href=\"https:\/\/www.mondragon.edu\/es\/ciclos-formativos-grado-superior\/oferta-formacion-profesional\">MGEP<\/a> celebramos el evento <a href=\"https:\/\/www.mondragon.edu\/es\/formacion-profesional-automatizacion-robotica-industrial\/practicas-empresa\">Pr\u00e1cticas en Empresa<\/a> junto a varios representantes de Biele y Ulma Packaging. Renunimos al rededor de 100 alumnos de 1. curso de <a href=\"https:\/\/www.mondragon.edu\/es\/ciclos-formativos-grado-superior\/oferta-formacion-profesional\">Formaci\u00f3n Profesional de Ciclo Superior<\/a> para este evento. Concretamente, alumnos de los siguientes grupos:<\/p>\n<p><strong>ROB\u00d3TICA<\/strong>, <a href=\"https:\/\/www.mondragon.edu\/es\/formacion-profesional-automatizacion-robotica-industrial\">Automatizaci\u00f3n y Rob\u00f3tica Industrial<\/a>.<\/p>\n<p><strong>DISE\u00d1O<\/strong>, <a href=\"https:\/\/www.mondragon.edu\/es\/formacion-profesional-diseno-fabricacion-mecanica\">Dise\u00f1o en Fabricaci\u00f3n Mec\u00e1nica<\/a>.<\/p>\n<p><strong>MECATR\u00d3NICA<\/strong>, <a href=\"https:\/\/www.mondragon.edu\/es\/formacion-profesional-mecatronica-industrial\">Mecatr\u00f3nica Industrial.<\/a><\/p>\n<p><strong>MECANIZADO<\/strong>, <a href=\"https:\/\/www.mondragon.edu\/es\/formacion-profesional-programacion-produccion-fabricacion-mecanica\">Programaci\u00f3n de la Producci\u00f3n en Fabricaci\u00f3n Mec\u00e1nica<\/a>.<\/p>\n<p>Por parte de las empresas, acudieron los siguientes representantes:<\/p>\n<ul>\n<li><strong>Mikel Bereziartua<\/strong> desde BIELE, encargado de la producci\u00f3n de BIELE, y Aitzol Galarraga, alumno del Ciclo Formativo de Rob\u00f3tica\u00a0 de <a href=\"https:\/\/www.mondragon.edu\/es\/ciclos-formativos-grado-superior\/oferta-formacion-profesional\">MGEP <\/a>y que realiza el <a href=\"https:\/\/www.mondragon.edu\/eu\/heziketa-zikloa-mekatronika-industriala\/formakuntza-duala-erregimen-partekatuan\">DUAL<\/a> en BIELE. (<a href=\"https:\/\/mukom.mondragon.edu\/mondragonfp\/es\/2019\/03\/05\/testimonio-de-aitzol-galarraga-alumno-del-ciclo-superior-de-formacion-profesional-de-robotica-de-mgep\/?preview=true\">Aqu\u00ed su testimonio<\/a>).<\/li>\n<li><strong>Esther Ugaldea<\/strong> de ULMA PACKAGING, t\u00e9cnico de recursos humanos, Edurne Vicu\u00f1a, responsable de producci\u00f3n de un negocio y la instructora de Marta V\u00e1zquez, alumna de <a href=\"https:\/\/www.mondragon.edu\/eu\/heziketa-zikloa-mekatronika-industriala\/formakuntza-duala-erregimen-partekatuan\">DUA<\/a><a href=\"https:\/\/www.mondragon.edu\/eu\/heziketa-zikloa-mekatronika-industriala\/formakuntza-duala-erregimen-partekatuan\">L<\/a>.<\/li>\n<\/ul>\n<p>Los representantes de Pr\u00e1cticas de <a href=\"https:\/\/www.mondragon.edu\/es\/ciclos-formativos-grado-superior\/oferta-formacion-profesional\">Ciclo Formativo de Grado Superior<\/a> de <a href=\"https:\/\/www.mondragon.edu\/es\/ciclos-formativos-grado-superior\/oferta-formacion-profesional\">MGEP<\/a> dieron comienzo al evento:<\/p>\n<p><strong>Be\u00f1at Azketa y Osane Lizarralde<\/strong> iniciaron, explicando la estructura de las practicas y sus condiciones.<\/p>\n<p>A continuaci\u00f3n los representantes de BIELE tomaron la palabra.<\/p>\n<div style=\"text-align: center\"><img loading=\"lazy\" class=\"alignnone size-medium\" src=\"https:\/\/live.staticflickr.com\/7805\/40596033873_a47d5500c7_b.jpg\" width=\"1024\" height=\"680\" \/><\/div>\n<div><\/div>\n<p>Aqu\u00ed se puede ver el <a href=\"https:\/\/www.youtube.com\/watch?v=yOazVWH9kPA\">v\u00eddeo<\/a> que se mostr\u00f3 con los comentarios y explicaciones de Mikel Bereziartua.<\/p>\n<div style=\"text-align: center\"><img loading=\"lazy\" class=\"alignnone size-medium\" src=\"https:\/\/live.staticflickr.com\/7830\/47549461371_d92aa16f70_b.jpg\" width=\"1024\" height=\"576\" \/><\/div>\n<p>Mikel describi\u00f3 el recorrido de la empresa, sus caracter\u00edsticas y sus productos. Y para terminar, transmiti\u00f3 a los alumnos que tipos de trabajadores necesita BIELE, y qu\u00e9 de importantes son las <a href=\"https:\/\/www.mondragon.edu\/es\/formacion-profesional-automatizacion-robotica-industrial\/practicas-empresa\">pr\u00e1cticas<\/a> para poder encontrar trabajo en un futuro.<\/p>\n<p>En el caso de ULMA PACKAGING, tanto<strong> Esther Ugalde<\/strong> como <strong>Edurne Vicu\u00f1a<\/strong>, mostraron su acuerdo a las recomendaciones recibidas y fortalecieron \u00e9stas con mas ejemplos, con la realidad de Ulma Packaging. Pidieron a los alumnos actitud, ganas de aprender y buen nivel en idiomas, ya que es frecuente salir fuera o atender clientes extranjeros.<\/p>\n<div style=\"text-align: center\"><img loading=\"lazy\" class=\"alignnone size-medium\" src=\"https:\/\/live.staticflickr.com\/7815\/40596033793_4895981de1_b.jpg\" width=\"1024\" height=\"574\" \/><\/div>\n<p>Tuvimos la oportunidad de ver el siguiente <a href=\"https:\/\/youtu.be\/-Y5hQnVSalI\">v\u00eddeo<\/a>.<\/p>\n<div style=\"text-align: center\"><img loading=\"lazy\" class=\"alignnone size-medium\" src=\"https:\/\/i-cdn.embed.ly\/1\/display?key=fd92ebbc52fc43fb98f69e50e7893c13&amp;url=https%3A%2F%2Flive.staticflickr.com%2F7810%2F47549461331_e767375f62_b.jpg\" width=\"1024\" height=\"576\" \/><\/div>\n<p><strong>Aitzol Galarraga<\/strong> y <strong>Marta Vazquez<\/strong>, contaron su experiencia en la <a href=\"https:\/\/www.mondragon.edu\/eu\/heziketa-zikloa-mekatronika-industriala\/formakuntza-duala-erregimen-partekatuan\">DUAL<\/a>, y por supuesto, animaron a la gente a esta experiencia.<\/p>\n<div style=\"text-align: center\"><img loading=\"lazy\" class=\"alignnone size-medium\" src=\"https:\/\/live.staticflickr.com\/7851\/33672920088_f88ae5c519_b.jpg\" width=\"1024\" height=\"576\" \/><\/div>\n<div style=\"text-align: center\"><em>Edurne Vicu\u00f1a y Marta V\u00e1zquez trabajando en Ulma Packaging\u00a0<\/em><\/div>\n<p>&nbsp;<\/p>\n<p>Los alumnos estuvieron animados durante el evento y mediante preguntas resolvieron sus dudas.<\/p>\n<p><strong>Mikel, Aitzol, Esther, Edurne y Marta<\/strong> dieron a los alumnos recomendaciones inmejorables, es un buen momento para que los alumnos dise\u00f1en su futuro profesional. Muchas gracias a los 5. \u00a1Ha sido un placer teneros en <a href=\"https:\/\/www.mondragon.edu\/es\/ciclos-formativos-grado-superior\/oferta-formacion-profesional\">MGEP<\/a>!<\/p>\n<div style=\"text-align: center\"><img loading=\"lazy\" class=\"alignnone size-medium\" src=\"https:\/\/i-cdn.embed.ly\/1\/display?key=fd92ebbc52fc43fb98f69e50e7893c13&amp;url=https%3A%2F%2Flive.staticflickr.com%2F7820%2F32619530737_6a9c32b273_b.jpg\" width=\"1023\" height=\"527\" \/><\/div>\n","protected":false},"excerpt":{"rendered":"<p>El 29 de marzo,\u00a0\u00a0la Formaci\u00f3n Profesional de Ciclo Superior de MGEP celebramos el evento Pr\u00e1cticas en Empresa junto a varios representantes de Biele y Ulma Packaging. Renunimos al rededor de 100 alumnos de 1. curso de Formaci\u00f3n Profesional de Ciclo Superior para este evento. Concretamente, alumnos de los siguientes grupos: ROB\u00d3TICA, Automatizaci\u00f3n y Rob\u00f3tica Industrial. DISE\u00d1O, Dise\u00f1o en Fabricaci\u00f3n Mec\u00e1nica. MECATR\u00d3NICA, Mecatr\u00f3nica Industrial. MECANIZADO, Programaci\u00f3n de la Producci\u00f3n en Fabricaci\u00f3n Mec\u00e1nica. Por parte de las empresas, acudieron los siguientes representantes: Mikel Bereziartua desde BIELE, encargado de la producci\u00f3n de BIELE, y Aitzol Galarraga, alumno del Ciclo Formativo de Rob\u00f3tica\u00a0 de MGEP y que realiza el DUAL en BIELE. (Aqu\u00ed su testimonio). Esther Ugaldea de ULMA PACKAGING, t\u00e9cnico de recursos humanos, Edurne Vicu\u00f1a, responsable de producci\u00f3n de un negocio y la instructora de Marta V\u00e1zquez, alumna de DUAL. Los representantes de&#8230;<\/p>\n","protected":false},"author":289,"featured_media":-1,"comment_status":"open","ping_status":"open","sticky":false,"template":"","format":"standard","meta":[],"categories":[144,114],"tags":[],"amp_enabled":true,"_links":{"self":[{"href":"https:\/\/mukom.mondragon.edu\/mondragonfp\/wp-json\/wp\/v2\/posts\/2106"}],"collection":[{"href":"https:\/\/mukom.mondragon.edu\/mondragonfp\/wp-json\/wp\/v2\/posts"}],"about":[{"href":"https:\/\/mukom.mondragon.edu\/mondragonfp\/wp-json\/wp\/v2\/types\/post"}],"author":[{"embeddable":true,"href":"https:\/\/mukom.mondragon.edu\/mondragonfp\/wp-json\/wp\/v2\/users\/289"}],"replies":[{"embeddable":true,"href":"https:\/\/mukom.mondragon.edu\/mondragonfp\/wp-json\/wp\/v2\/comments?post=2106"}],"version-history":[{"count":29,"href":"https:\/\/mukom.mondragon.edu\/mondragonfp\/wp-json\/wp\/v2\/posts\/2106\/revisions"}],"predecessor-version":[{"id":6767,"href":"https:\/\/mukom.mondragon.edu\/mondragonfp\/wp-json\/wp\/v2\/posts\/2106\/revisions\/6767"}],"wp:featuredmedia":[{"embeddable":true,"href":"https:\/\/mukom.mondragon.edu\/mondragonfp\/wp-json\/"}],"wp:attachment":[{"href":"https:\/\/mukom.mondragon.edu\/mondragonfp\/wp-json\/wp\/v2\/media?parent=2106"}],"wp:term":[{"taxonomy":"category","embeddable":true,"href":"https:\/\/mukom.mondragon.edu\/mondragonfp\/wp-json\/wp\/v2\/categories?post=2106"},{"taxonomy":"post_tag","embeddable":true,"href":"https:\/\/mukom.mondragon.edu\/mondragonfp\/wp-json\/wp\/v2\/tags?post=2106"}],"curies":[{"name":"wp","href":"https:\/\/api.w.org\/{rel}","templated":true}]}}