{"id":2208,"date":"2019-07-02T15:20:28","date_gmt":"2019-07-02T13:20:28","guid":{"rendered":"http:\/\/mukom.mondragon.edu\/mondragonfp\/?p=2208"},"modified":"2023-03-13T11:40:26","modified_gmt":"2023-03-13T10:40:26","slug":"el-alumno-de-diseno-de-mgep-mikel-arambarri-ha-realizado-dual-y-erasmus-en-la-empresa-ulma-packaging","status":"publish","type":"post","link":"https:\/\/mukom.mondragon.edu\/mondragonfp\/es\/2019\/07\/02\/el-alumno-de-diseno-de-mgep-mikel-arambarri-ha-realizado-dual-y-erasmus-en-la-empresa-ulma-packaging\/","title":{"rendered":"El alumno de Dise\u00f1o de MGEP, Mikel Arambarri, ha realizado DUAL y ERASMUS en la empresa Ulma Packaging"},"content":{"rendered":"<p><strong>Mikel Arambarri<\/strong> (alumno de <a href=\"https:\/\/www.mondragon.edu\/es\/formacion-profesional-diseno-fabricacion-mecanica\">CFGS de Dise\u00f1o en Fabricaci\u00f3n Mec\u00e1nica de MGEP<\/a>), ha realizado DUAL y <a href=\"https:\/\/www.mondragon.edu\/es\/formacion-profesional-diseno-fabricacion-mecanica\/practicas-extranjero\">ERASMUS<\/a>\u00a0en el mismo a\u00f1o escolar,\u00a0gracias a la oportunidad que le ha brindado\u00a0 la empresa Ulma Packaging. Entr\u00f3 en Ulma Packaging en junio del 2018 mediante el programa <a href=\"https:\/\/www.mondragon.edu\/es\/formacion-profesional-diseno-fabricacion-mecanica\/formacion-dual-regimen-alternancia\">DUAL<\/a> y desde febrero del 2019 a junio, \u00a0ha terminado sus pr\u00e1cticas de <a href=\"https:\/\/www.mondragon.edu\/es\/formacion-profesional-diseno-fabricacion-mecanica\/formacion-dual-regimen-alternancia\">DUAL<\/a> en la planta de Ruman\u00eda de Ulma Packaging, en el marco del programa\u00a0<a href=\"https:\/\/www.mondragon.edu\/es\/formacion-profesional-diseno-fabricacion-mecanica\/practicas-extranjero\">Erasmus<\/a>.<\/p>\n<p>A continuaci\u00f3n los testimonios de Mikel Aranbarri, alumno de<a href=\"https:\/\/www.mondragon.edu\/es\/formacion-profesional-diseno-fabricacion-mecanica\"> Dise\u00f1o en Fabricaci\u00f3n Mec\u00e1nica de MGEP<\/a>, su tutor de Ulma Packaging Mikel Esnaola y su tutora de MGEP Idoia Urain:<\/p>\n<div style=\"text-align: center\"><img loading=\"lazy\" class=\"alignnone size-medium\" src=\"https:\/\/live.staticflickr.com\/65535\/47991983372_f3c9b407f0_k.jpg\" width=\"2048\" height=\"1536\" \/><\/div>\n<p><strong>1- \u00bfPor qu\u00e9 elegiste hacer el programa <a href=\"https:\/\/www.mondragon.edu\/es\/formacion-profesional-diseno-fabricacion-mecanica\/formacion-dual-regimen-alternancia\">DUAL<\/a>?\u00bfY por qu\u00e9 Erasmus?<\/strong><\/p>\n<p><a href=\"https:\/\/www.mondragon.edu\/es\/formacion-profesional-diseno-fabricacion-mecanica\/formacion-dual-regimen-alternancia\">DUAL<\/a>: Quer\u00eda ver y entender c\u00f3mo es el mundo laboral y saber cu\u00e1l ser\u00eda mi puesto de trabajo al terminar los estudios. Por \u00faltimo c\u00f3mo no, para ganar algo de dinero jajajaja.<\/p>\n<p><a href=\"https:\/\/www.mondragon.edu\/es\/formacion-profesional-diseno-fabricacion-mecanica\/practicas-extranjero\">ERASMUS<\/a>: Sobre todo para salir de casa. Para vivir una nueva experiencia y crecer personalmente.<\/p>\n<p><strong>2-\u00bfC\u00f3mo ha sido y est\u00e1 siendo tu experiencia laboral en Ulma Packaging?<\/strong><\/p>\n<p>En todo este tiempo he aprendido muchas cosas, utilizar nuevos equipos, aplicar lo aprendido en clase en el mundo laboral, etc. Ha sido una experiencia bonita, ahora entiendo lo que es el mundo laboral y las responsabilidades que puedes tener en \u00e9l.<\/p>\n<p><strong>3-\u00bfTe ha sido sencillo alternar el estudio y el trabajo (5 horas en la universidad y 3 en empresa)?<\/strong><\/p>\n<p>No he tenido problema, las cargas de trabajo han sido llevaderas. Desde el a\u00f1o pasado he llevado muy bien los estudios, por lo tanto todo bien. Tambi\u00e9n tiene un punto de sacrificio ya que es f\u00e1cil tener clase a las ma\u00f1anas y las tardes tenerlas libre, pero, la experiencia vale la pena. Lo m\u00e1s dif\u00edcil, son las 8 horas en el momento que empiezas, y por supuesto, el verano del primer a\u00f1o lo tienes que pasar trabajando.<\/p>\n<p><strong>4-\u00bfRecomendar\u00edas a futuros alumnos de MGEP a participar en el programa <a href=\"https:\/\/www.mondragon.edu\/es\/formacion-profesional-diseno-fabricacion-mecanica\/formacion-dual-regimen-alternancia\">DUAL<\/a>? \u00bfY en el caso de tener la opci\u00f3n, hacer <a href=\"https:\/\/www.mondragon.edu\/es\/formacion-profesional-diseno-fabricacion-mecanica\/practicas-extranjero\">ERASMUS<\/a>?<\/strong><\/p>\n<p>Si lo recomendar\u00eda, sin duda. Es una manera de aprender mucho. Todo no es bueno, hay que hacer un esfuerzo, pero merece la pena. En el caso de tener la opci\u00f3n de ir de Erasmus tambi\u00e9n lo recomendar\u00eda, se aprende mucho.<\/p>\n<p><strong>5-\u00bfQu\u00e9 prop\u00f3sitos o planes tienes para el a\u00f1o que viene?<\/strong><\/p>\n<p>Para el a\u00f1o que viene la empresa me ha hecho una oferta , pero\u00a0he decidido seguir estudiando. Antes de empezar con el <a href=\"https:\/\/www.mondragon.edu\/es\/ciclos-formativos-grado-superior\/oferta-formacion-profesional\">ciclo<\/a>, empec\u00e9 con el <a href=\"https:\/\/www.mondragon.edu\/es\/grado-ingenieria-diseno-industrial-desarrollo-producto\">Grado en Dise\u00f1o<\/a> y quiero seguir con esos estudios.<\/p>\n<p>MIKEL ESNAOLA (Tutor de la empresa Ulma Packaging)<\/p>\n<p><strong>1-\u00bfComo empresa, c\u00f3mo se vive tener un alumno en <a href=\"https:\/\/www.mondragon.edu\/es\/formacion-profesional-diseno-fabricacion-mecanica\/formacion-dual-regimen-alternancia\">DUAL<\/a>?<\/strong><\/p>\n<p>Es una buena experiencia, te da la opci\u00f3n de conocer gente y dar soluci\u00f3n a uno de los problemas de hoy en d\u00eda, encontrar gente con formaci\u00f3n, y\u00a0este programa <a href=\"https:\/\/www.mondragon.edu\/es\/formacion-profesional-diseno-fabricacion-mecanica\/formacion-dual-regimen-alternancia\">DUAL<\/a> da la opci\u00f3n de conocer a alumnos. Por otro lado, para ellos es gratificante, ya que ven las necesidades que hay en el mundo laboral y seg\u00fan esto siguen trabajando o se animan a seguir estudiando.<\/p>\n<p>Creo que es algo positivo como empresa poder formar parte\u00a0de los procesos de\u00a0formaci\u00f3n de los alumnos.<\/p>\n<div style=\"text-align: center\"><img loading=\"lazy\" class=\"alignnone size-medium\" src=\"https:\/\/live.staticflickr.com\/65535\/47991990502_256798a319_k.jpg\" width=\"1536\" height=\"2048\" \/><\/div>\n<p><em>Mikel Esnaola, Tutor de Mikel Aranbarri en la empresa Ulma Packaging<\/em><\/p>\n<p><strong>2-\u00bfSe han cumplido las expectativas que ten\u00edas antes de empezar?<\/strong><\/p>\n<p>Normalmente,\u00a0 las expectativas siempre se cumplen. En el caso de Mikel se ve\u00eda que estaba bien encaminado, se ha adaptado bien al trabajo en equipo desde el principio y siempre ha estado dispuesto a llevar a cabo trabajos y proyectos.<\/p>\n<p><strong>3-\u00bfC\u00f3mo has visto el alumno?\u00bfSalen bien preparados para acceder al mundo laboral?<\/strong><\/p>\n<p>Los alumnos salen preparados para empezar en el mundo laboral, se adaptan a nuestras necesidades y con los conocimientos que ellos tienen, mas los cursos que les ofrece la empresa, desarrollan la capacidad suficiente y aprenden m\u00e1s, adapt\u00e1ndose as\u00ed a la empresa.<\/p>\n<p><strong>4-\u00bfComo empresa, repetir\u00edas el programa <a href=\"https:\/\/www.mondragon.edu\/es\/formacion-profesional-diseno-fabricacion-mecanica\/formacion-dual-regimen-alternancia\">DUAL<\/a>?<\/strong><\/p>\n<p>Llevamos a\u00f1os cogiendo alumnos de <a href=\"https:\/\/www.mondragon.edu\/es\/formacion-profesional-diseno-fabricacion-mecanica\/formacion-dual-regimen-alternancia\">DUAL<\/a> y para el a\u00f1o que viene tambi\u00e9n hemos pedido alumnos para trabajos de oficina t\u00e9cnica. Est\u00e1n muy a gusto.<\/p>\n<p>&nbsp;<\/p>\n<p>Muchas gracias Mikel Aranbarri y Mikel Esnaola por compartir vuestros testimonios.<\/p>\n<div style=\"text-align: center\"><img loading=\"lazy\" class=\"alignnone size-medium\" src=\"https:\/\/live.staticflickr.com\/65535\/49830538177_aa5639216f.jpg\" width=\"352\" height=\"500\" \/><\/div>\n","protected":false},"excerpt":{"rendered":"<p>Mikel Arambarri (alumno de CFGS de Dise\u00f1o en Fabricaci\u00f3n Mec\u00e1nica de MGEP), ha realizado DUAL y ERASMUS\u00a0en el mismo a\u00f1o escolar,\u00a0gracias a la oportunidad que le ha brindado\u00a0 la empresa Ulma Packaging. Entr\u00f3 en Ulma Packaging en junio del 2018 mediante el programa DUAL y desde febrero del 2019 a junio, \u00a0ha terminado sus pr\u00e1cticas de DUAL en la planta de Ruman\u00eda de Ulma Packaging, en el marco del programa\u00a0Erasmus. A continuaci\u00f3n los testimonios de Mikel Aranbarri, alumno de Dise\u00f1o en Fabricaci\u00f3n Mec\u00e1nica de MGEP, su tutor de Ulma Packaging Mikel Esnaola y su tutora de MGEP Idoia Urain: 1- \u00bfPor qu\u00e9 elegiste hacer el programa DUAL?\u00bfY por qu\u00e9 Erasmus? DUAL: Quer\u00eda ver y entender c\u00f3mo es el mundo laboral y saber cu\u00e1l ser\u00eda mi puesto de trabajo al terminar los estudios. Por \u00faltimo c\u00f3mo no, para ganar algo de&#8230;<\/p>\n","protected":false},"author":289,"featured_media":-1,"comment_status":"open","ping_status":"open","sticky":false,"template":"","format":"standard","meta":[],"categories":[219,144,114,229],"tags":[],"amp_enabled":true,"_links":{"self":[{"href":"https:\/\/mukom.mondragon.edu\/mondragonfp\/wp-json\/wp\/v2\/posts\/2208"}],"collection":[{"href":"https:\/\/mukom.mondragon.edu\/mondragonfp\/wp-json\/wp\/v2\/posts"}],"about":[{"href":"https:\/\/mukom.mondragon.edu\/mondragonfp\/wp-json\/wp\/v2\/types\/post"}],"author":[{"embeddable":true,"href":"https:\/\/mukom.mondragon.edu\/mondragonfp\/wp-json\/wp\/v2\/users\/289"}],"replies":[{"embeddable":true,"href":"https:\/\/mukom.mondragon.edu\/mondragonfp\/wp-json\/wp\/v2\/comments?post=2208"}],"version-history":[{"count":27,"href":"https:\/\/mukom.mondragon.edu\/mondragonfp\/wp-json\/wp\/v2\/posts\/2208\/revisions"}],"predecessor-version":[{"id":6758,"href":"https:\/\/mukom.mondragon.edu\/mondragonfp\/wp-json\/wp\/v2\/posts\/2208\/revisions\/6758"}],"wp:featuredmedia":[{"embeddable":true,"href":"https:\/\/mukom.mondragon.edu\/mondragonfp\/wp-json\/"}],"wp:attachment":[{"href":"https:\/\/mukom.mondragon.edu\/mondragonfp\/wp-json\/wp\/v2\/media?parent=2208"}],"wp:term":[{"taxonomy":"category","embeddable":true,"href":"https:\/\/mukom.mondragon.edu\/mondragonfp\/wp-json\/wp\/v2\/categories?post=2208"},{"taxonomy":"post_tag","embeddable":true,"href":"https:\/\/mukom.mondragon.edu\/mondragonfp\/wp-json\/wp\/v2\/tags?post=2208"}],"curies":[{"name":"wp","href":"https:\/\/api.w.org\/{rel}","templated":true}]}}