{"id":233,"date":"2016-01-26T14:26:24","date_gmt":"2016-01-26T13:26:24","guid":{"rendered":"http:\/\/mukom.mondragon.edu\/mondragonfp\/?p=233"},"modified":"2016-01-27T12:00:05","modified_gmt":"2016-01-27T11:00:05","slug":"preparando-prototipo-para-la-feria-de-ikasenpresa","status":"publish","type":"post","link":"https:\/\/mukom.mondragon.edu\/mondragonfp\/2016\/01\/26\/preparando-prototipo-para-la-feria-de-ikasenpresa\/","title":{"rendered":"Preparando prototipo para la feria de Ikasenpresa"},"content":{"rendered":"<p>Alumnado de los <a href=\"http:\/\/www.mondragon.edu\/es\/eps\/estudios\/ciclos-formativos-de-grado-superior\" target=\"_blank\">CFGS<\/a> de <a href=\"http:\/\/www.mondragon.edu\/es\/eps\/estudios\/ciclos-formativos-de-grado-superior\/tecnico-superior-en-sistemas-electrotecnicos-y-automatizados\/\" target=\"_blank\">Sistemas Electrot\u00e9cnicos y Automatizados<\/a> y <a href=\"http:\/\/www.mondragon.edu\/es\/eps\/estudios\/ciclos-formativos-de-grado-superior\/tecnico-superior-en-automatizacion-y-robotica-industrial\/\" target=\"_blank\">Automatizaci\u00f3n y Rob\u00f3tica Industrial <\/a>prepara el prototipo de parag\u00fcero+secador+ambientador para la feria de Ikasenpresa que tendr\u00e1 lugar el martes 4 de febrero en Eibar. Se trata de una idea que est\u00e1n llevando a cabo en el m\u00f3dulo profesional de EIE, donde, adem\u00e1s, han dado forma a la empresa Urlehor.<\/p>\n<div id=\"attachment_240\" style=\"width: 310px\" class=\"wp-caption aligncenter\"><a href=\"http:\/\/mukom.mondragon.edu\/mondragonfp\/files\/2016\/01\/8-Ikasenpresa-feriarako-prototipoa-prestatzen.jpg\"><img aria-describedby=\"caption-attachment-240\" loading=\"lazy\" class=\"size-medium wp-image-240\" src=\"http:\/\/mukom.mondragon.edu\/mondragonfp\/files\/2016\/01\/8-Ikasenpresa-feriarako-prototipoa-prestatzen-300x225.jpg\" alt=\"Preparando el prototipo para la feria Ikasenpresa\" width=\"300\" height=\"225\" srcset=\"https:\/\/mukom.mondragon.edu\/mondragonfp\/files\/2016\/01\/8-Ikasenpresa-feriarako-prototipoa-prestatzen-300x225.jpg 300w, https:\/\/mukom.mondragon.edu\/mondragonfp\/files\/2016\/01\/8-Ikasenpresa-feriarako-prototipoa-prestatzen.jpg 400w\" sizes=\"(max-width: 300px) 100vw, 300px\" \/><\/a><p id=\"caption-attachment-240\" class=\"wp-caption-text\">Preparando el prototipo para la feria Ikasenpresa<\/p><\/div>\n","protected":false},"excerpt":{"rendered":"<p>Alumnado de los CFGS de Sistemas Electrot\u00e9cnicos y Automatizados y Automatizaci\u00f3n y Rob\u00f3tica Industrial prepara el prototipo de parag\u00fcero+secador+ambientador para la feria de Ikasenpresa que tendr\u00e1 lugar el martes 4 de febrero en Eibar. Se trata de una idea que est\u00e1n llevando a cabo en el m\u00f3dulo profesional de EIE, donde, adem\u00e1s, han dado forma a la empresa Urlehor.<\/p>\n","protected":false},"author":276,"featured_media":0,"comment_status":"open","ping_status":"open","sticky":false,"template":"","format":"standard","meta":[],"categories":[1],"tags":[],"amp_enabled":true,"_links":{"self":[{"href":"https:\/\/mukom.mondragon.edu\/mondragonfp\/wp-json\/wp\/v2\/posts\/233"}],"collection":[{"href":"https:\/\/mukom.mondragon.edu\/mondragonfp\/wp-json\/wp\/v2\/posts"}],"about":[{"href":"https:\/\/mukom.mondragon.edu\/mondragonfp\/wp-json\/wp\/v2\/types\/post"}],"author":[{"embeddable":true,"href":"https:\/\/mukom.mondragon.edu\/mondragonfp\/wp-json\/wp\/v2\/users\/276"}],"replies":[{"embeddable":true,"href":"https:\/\/mukom.mondragon.edu\/mondragonfp\/wp-json\/wp\/v2\/comments?post=233"}],"version-history":[{"count":4,"href":"https:\/\/mukom.mondragon.edu\/mondragonfp\/wp-json\/wp\/v2\/posts\/233\/revisions"}],"predecessor-version":[{"id":241,"href":"https:\/\/mukom.mondragon.edu\/mondragonfp\/wp-json\/wp\/v2\/posts\/233\/revisions\/241"}],"wp:attachment":[{"href":"https:\/\/mukom.mondragon.edu\/mondragonfp\/wp-json\/wp\/v2\/media?parent=233"}],"wp:term":[{"taxonomy":"category","embeddable":true,"href":"https:\/\/mukom.mondragon.edu\/mondragonfp\/wp-json\/wp\/v2\/categories?post=233"},{"taxonomy":"post_tag","embeddable":true,"href":"https:\/\/mukom.mondragon.edu\/mondragonfp\/wp-json\/wp\/v2\/tags?post=233"}],"curies":[{"name":"wp","href":"https:\/\/api.w.org\/{rel}","templated":true}]}}