{"id":2436,"date":"2019-10-11T10:29:37","date_gmt":"2019-10-11T08:29:37","guid":{"rendered":"http:\/\/mukom.mondragon.edu\/mondragonfp\/?p=2436"},"modified":"2023-03-13T08:52:21","modified_gmt":"2023-03-13T07:52:21","slug":"testimonio-de-miren-gomez-alumna-del-ciclo-formativo-de-grado-superior-de-diseno-en-fabricacion-mecanica-de-mgep","status":"publish","type":"post","link":"https:\/\/mukom.mondragon.edu\/mondragonfp\/es\/2019\/10\/11\/testimonio-de-miren-gomez-alumna-del-ciclo-formativo-de-grado-superior-de-diseno-en-fabricacion-mecanica-de-mgep\/","title":{"rendered":"Testimonio de Miren G\u00f3mez, alumna del Ciclo Formativo de Grado Superior de Dise\u00f1o en Fabricaci\u00f3n Mec\u00e1nica de MGEP"},"content":{"rendered":"<p>Miren Gomez, es alumna del <a href=\"https:\/\/www.mondragon.edu\/es\/formacion-profesional-programacion-produccion-fabricacion-mecanica\">Ciclo Formativo de Grado Superior de Dise\u00f1o en Fabricaci\u00f3n Mec\u00e1nica<\/a> en <a href=\"https:\/\/www.mondragon.edu\/es\/ciclos-formativos-grado-superior\/oferta-formacion-profesional\">MGEP.<\/a>\u00a0Acaba de terminar el primer curso y nos ha compartido su testimonio\u00a0en este v\u00eddeo.<\/p>\n<div style=\"text-align: center\"><img loading=\"lazy\" class=\"alignnone size-medium\" src=\"https:\/\/live.staticflickr.com\/65535\/48741930391_f97c460fa6_o.png\" width=\"1259\" height=\"717\" \/><\/div>\n<div>Como Miren G\u00f3mez\u00a0\u00a0nos describe en el v\u00eddeo, el <a href=\"https:\/\/www.mondragon.edu\/es\/formacion-profesional-programacion-produccion-fabricacion-mecanica\">Ciclo Formativo de Grado Superior de Dise\u00f1o en fabricaci\u00f3n mec\u00e1nica<\/a>\u00a0utiliza una metodolog\u00eda<strong> basada en retos,<\/strong> una forma muy atractiva de trabajar\u00a0de forma pr\u00e1ctica las competencias espec\u00edficas y transversales\u00a0requeridas para el perfil profesional del ciclo. En el v\u00eddeo\u00a0vemos el detalle de los desarrollos\u00a0realizados.<\/div>\n<div><\/div>\n<div>Desde junio\u00a0est\u00e1 inmersa en el <a href=\"https:\/\/www.mondragon.edu\/es\/formacion-profesional-diseno-fabricacion-mecanica\/practicas-empresa\"><strong>programa DUAL,<\/strong> alternando estudio y trabajo,<\/a> mientras cursa el segundo curso del\u00a0<a href=\"https:\/\/www.mondragon.edu\/es\/formacion-profesional-programacion-produccion-fabricacion-mecanica\">Ciclo Formativo de Grado Superior de Dise\u00f1o en fabricaci\u00f3n mec\u00e1nica<\/a><\/div>\n<div>De la<a href=\"https:\/\/www.mondragon.edu\/es\/formacion-profesional-diseno-fabricacion-mecanica\/practicas-empresa\"> oferta de pr\u00e1cticas <\/a>que ofrece Mondragon Goi Eskola Politeknikoa\u00a0, tales como\u00a0\u00a0<a href=\"https:\/\/www.mondragon.edu\/es\/formacion-profesional-diseno-fabricacion-mecanica\/formacion-dual-regimen-alternancia\">DUAL<\/a>, <a href=\"https:\/\/www.mondragon.edu\/es\/formacion-profesional-diseno-fabricacion-mecanica\/practicas-empresa\">FCT<\/a> o <a href=\"https:\/\/www.mondragon.edu\/es\/formacion-profesional-diseno-fabricacion-mecanica\/practicas-extranjero\">ERASMUS+<\/a> (opci\u00f3n para hacer las pr\u00e1cticas en el extranjero) ella ha optado por la opci\u00f3n DUAL de un a\u00f1o de duraci\u00f3n.<\/div>\n<div><\/div>\n<div>Os animamos a ver su\u00a0\u00a0testimonio:<\/div>\n<div>\n<div><a class=\"embedly-card\" href=\"https:\/\/www.youtube.com\/watch?v=tIYv22bafA8&amp;feature=youtu.be\">Miren Gomezen testigantza<\/a><\/div>\n<\/div>\n","protected":false},"excerpt":{"rendered":"<p>Miren Gomez, es alumna del Ciclo Formativo de Grado Superior de Dise\u00f1o en Fabricaci\u00f3n Mec\u00e1nica en MGEP.\u00a0Acaba de terminar el primer curso y nos ha compartido su testimonio\u00a0en este v\u00eddeo. Como Miren G\u00f3mez\u00a0\u00a0nos describe en el v\u00eddeo, el Ciclo Formativo de Grado Superior de Dise\u00f1o en fabricaci\u00f3n mec\u00e1nica\u00a0utiliza una metodolog\u00eda basada en retos, una forma muy atractiva de trabajar\u00a0de forma pr\u00e1ctica las competencias espec\u00edficas y transversales\u00a0requeridas para el perfil profesional del ciclo. En el v\u00eddeo\u00a0vemos el detalle de los desarrollos\u00a0realizados. Desde junio\u00a0est\u00e1 inmersa en el programa DUAL, alternando estudio y trabajo, mientras cursa el segundo curso del\u00a0Ciclo Formativo de Grado Superior de Dise\u00f1o en fabricaci\u00f3n mec\u00e1nica De la oferta de pr\u00e1cticas que ofrece Mondragon Goi Eskola Politeknikoa\u00a0, tales como\u00a0\u00a0DUAL, FCT o ERASMUS+ (opci\u00f3n para hacer las pr\u00e1cticas en el extranjero) ella ha optado por la opci\u00f3n DUAL de un a\u00f1o&#8230;<\/p>\n","protected":false},"author":289,"featured_media":-1,"comment_status":"open","ping_status":"open","sticky":false,"template":"","format":"standard","meta":[],"categories":[237,219,114,225],"tags":[],"amp_enabled":true,"_links":{"self":[{"href":"https:\/\/mukom.mondragon.edu\/mondragonfp\/wp-json\/wp\/v2\/posts\/2436"}],"collection":[{"href":"https:\/\/mukom.mondragon.edu\/mondragonfp\/wp-json\/wp\/v2\/posts"}],"about":[{"href":"https:\/\/mukom.mondragon.edu\/mondragonfp\/wp-json\/wp\/v2\/types\/post"}],"author":[{"embeddable":true,"href":"https:\/\/mukom.mondragon.edu\/mondragonfp\/wp-json\/wp\/v2\/users\/289"}],"replies":[{"embeddable":true,"href":"https:\/\/mukom.mondragon.edu\/mondragonfp\/wp-json\/wp\/v2\/comments?post=2436"}],"version-history":[{"count":13,"href":"https:\/\/mukom.mondragon.edu\/mondragonfp\/wp-json\/wp\/v2\/posts\/2436\/revisions"}],"predecessor-version":[{"id":6752,"href":"https:\/\/mukom.mondragon.edu\/mondragonfp\/wp-json\/wp\/v2\/posts\/2436\/revisions\/6752"}],"wp:featuredmedia":[{"embeddable":true,"href":"https:\/\/mukom.mondragon.edu\/mondragonfp\/wp-json\/"}],"wp:attachment":[{"href":"https:\/\/mukom.mondragon.edu\/mondragonfp\/wp-json\/wp\/v2\/media?parent=2436"}],"wp:term":[{"taxonomy":"category","embeddable":true,"href":"https:\/\/mukom.mondragon.edu\/mondragonfp\/wp-json\/wp\/v2\/categories?post=2436"},{"taxonomy":"post_tag","embeddable":true,"href":"https:\/\/mukom.mondragon.edu\/mondragonfp\/wp-json\/wp\/v2\/tags?post=2436"}],"curies":[{"name":"wp","href":"https:\/\/api.w.org\/{rel}","templated":true}]}}