{"id":2517,"date":"2019-10-11T10:32:01","date_gmt":"2019-10-11T08:32:01","guid":{"rendered":"http:\/\/mukom.mondragon.edu\/mondragonfp\/?p=2517"},"modified":"2023-03-13T08:47:02","modified_gmt":"2023-03-13T07:47:02","slug":"testimonio-de-iker-zubizarreta-alumno-del-ciclo-formativo-de-grado-superior-fp-de-mecatronica-industrial-en-mgep","status":"publish","type":"post","link":"https:\/\/mukom.mondragon.edu\/mondragonfp\/es\/2019\/10\/11\/testimonio-de-iker-zubizarreta-alumno-del-ciclo-formativo-de-grado-superior-fp-de-mecatronica-industrial-en-mgep\/","title":{"rendered":"Testimonio de Iker Zubizarreta, alumno del Ciclo Formativo de Grado Superior FP de Mecatr\u00f3nica industrial en MGEP"},"content":{"rendered":"<p>A continuaci\u00f3n presentamos el\u00a0Testimonio de Iker Zubizarreta, alumno del Ciclo Formativo de Grado Superior FP de <a href=\"https:\/\/www.mondragon.edu\/es\/formacion-profesional-mecatronica-industrial\">Mecatr\u00f3nica industrial<\/a> en MGEP.<\/p>\n<p><strong>Iker, \u00bfQu\u00e9 estudios has realizado antes de\u00a0apuntarte al ciclo formativo de grado superior\u00a0 de\u00a0<a href=\"https:\/\/www.mondragon.edu\/es\/formacion-profesional-mecatronica-industrial\">Mecatr\u00f3nica<\/a>?<\/strong><br \/>\nNada\u00a0m\u00e1s finalizar el bachillerato, empec\u00e9 el ciclo de mecatr\u00f3nica. A parte de esto obtuve el t\u00edtulo de monitor para trabajar con ni\u00f1os en mi tiempo libre y mi intenci\u00f3n era dedicarme a la educaci\u00f3n, pero finalmente\u00a0 prefer\u00ed estudiar\u00a0<a href=\"https:\/\/www.mondragon.edu\/es\/formacion-profesional-mecatronica-industrial\">Mecatr\u00f3nica,<\/a>\u00a0viendo la dificultad que tiene ser un buen profesor.<\/p>\n<div style=\"text-align: center\"><a class=\"embedly-card\" href=\"https:\/\/live.staticflickr.com\/65535\/48819364241_86b9b40400_o.png\"><img loading=\"lazy\" class=\"alignnone size-medium\" src=\"https:\/\/live.staticflickr.com\/65535\/48819364241_86b9b40400_o.png\" width=\"592\" height=\"259\" \/><\/a><\/div>\n<div><\/div>\n<div><strong>Ya llevas m\u00e1s de un a\u00f1o en MGEP \u00bfC\u00f3mo te ves ahora como alumno?<\/strong><\/div>\n<div>\u00a0Al ser estudio de mi elecci\u00f3n, creo que\u00a0 aprovecho mejor el tiempo y trabajo mucho m\u00e1s, me siento a gusto y motivado,\u00a0 y eso claro, tiene sus consecuencias. Adem\u00e1s, veo el final de la formaci\u00f3n reglada cada vez m\u00e1s cerca y eso me\u00a0 motiva .<\/div>\n<div><\/div>\n<p>&nbsp;<\/p>\n<div><strong>\u00bfQu\u00e9 opinas sobre la metodolog\u00eda pr\u00e1ctica que se aplica en <a href=\"https:\/\/www.mondragon.edu\/es\/escuela-politecnica-superior\">Mondragon Goi Eskola Politeknikoa<\/a>?<\/strong><\/div>\n<div><\/div>\n<div>Los retos ayudan mucho a la hora de estudiar, puedo decir que simulan el ambiente en el trabajo. En el equipo, cada miembro aporta sus conocimientos y habilidades, y se consigue sacar el trabajo adelante como en una empresa.\u00a0 Adem\u00e1s los proyectos los organizamos nosotros mismos, c\u00f3mo realizar y repartir el trabajo, asignamos peque\u00f1os plazos de tiempo para poder entregar el trabajo en el plazo exacto. Al fin y al cabo eso es una empresa,\u00a0y esto nos ayuda a simular proyecto profesionales, reales.<\/div>\n<div><\/div>\n<p>&nbsp;<\/p>\n<div><strong> Este 2.curso has optado tambi\u00e9n por el programa\u00a0<a href=\"https:\/\/www.mondragon.edu\/es\/formacion-profesional-mecatronica-industrial\/formacion-dual-regimen-alternancia\">DUAL<\/a>\u00a0y ahora est\u00e1s trabajando en Ulma Packaging \u00bfverdad?<\/strong><\/div>\n<div><\/div>\n<div>\u00a0S\u00ed, hacer el <a href=\"https:\/\/www.mondragon.edu\/es\/formacion-profesional-mecatronica-industrial\/formacion-dual-regimen-alternancia\">DUAL<\/a> te aporta ventajas, no s\u00f3lo econ\u00f3micas. Empezar a trabajar te da otra perspectiva para ver la teor\u00eda de las clases y adem\u00e1s te hace ver la realidad en el trabajo. Por eso y por el a\u00f1o de experiencia que se obtiene, creo que este m\u00f3dulo es apropiado tanto para la empresa como para el alumno.<\/div>\n<div><\/div>\n<p>&nbsp;<\/p>\n<div><strong>\u00bfY para terminar, qu\u00e9 has pensado para el futuro? \u00bfTienes la intenci\u00f3n de seguir estudiando?<\/strong><\/div>\n<div>\u00a0Creo que los estudios que he cursado hasta ahora no son suficientes, la tecnolog\u00eda sigue adelante y cada vez m\u00e1s r\u00e1pido. Si no es para mejorar en calidad, ser\u00e1 para mejorar la relaci\u00f3n con la naturaleza, y si no, alguna otra cosa, pero los trabajadores debemos mantenernos en formaci\u00f3n constante para agarrarnos a los nuevos tiempos y no quedarnos atr\u00e1s.<\/div>\n<div><\/div>\n","protected":false},"excerpt":{"rendered":"<p>A continuaci\u00f3n presentamos el\u00a0Testimonio de Iker Zubizarreta, alumno del Ciclo Formativo de Grado Superior FP de Mecatr\u00f3nica industrial en MGEP. Iker, \u00bfQu\u00e9 estudios has realizado antes de\u00a0apuntarte al ciclo formativo de grado superior\u00a0 de\u00a0Mecatr\u00f3nica? Nada\u00a0m\u00e1s finalizar el bachillerato, empec\u00e9 el ciclo de mecatr\u00f3nica. A parte de esto obtuve el t\u00edtulo de monitor para trabajar con ni\u00f1os en mi tiempo libre y mi intenci\u00f3n era dedicarme a la educaci\u00f3n, pero finalmente\u00a0 prefer\u00ed estudiar\u00a0Mecatr\u00f3nica,\u00a0viendo la dificultad que tiene ser un buen profesor. Ya llevas m\u00e1s de un a\u00f1o en MGEP \u00bfC\u00f3mo te ves ahora como alumno? \u00a0Al ser estudio de mi elecci\u00f3n, creo que\u00a0 aprovecho mejor el tiempo y trabajo mucho m\u00e1s, me siento a gusto y motivado,\u00a0 y eso claro, tiene sus consecuencias. Adem\u00e1s, veo el final de la formaci\u00f3n reglada cada vez m\u00e1s cerca y eso me\u00a0 motiva . &nbsp;&#8230;<\/p>\n","protected":false},"author":289,"featured_media":-1,"comment_status":"open","ping_status":"open","sticky":false,"template":"","format":"standard","meta":[],"categories":[223,114],"tags":[],"amp_enabled":true,"_links":{"self":[{"href":"https:\/\/mukom.mondragon.edu\/mondragonfp\/wp-json\/wp\/v2\/posts\/2517"}],"collection":[{"href":"https:\/\/mukom.mondragon.edu\/mondragonfp\/wp-json\/wp\/v2\/posts"}],"about":[{"href":"https:\/\/mukom.mondragon.edu\/mondragonfp\/wp-json\/wp\/v2\/types\/post"}],"author":[{"embeddable":true,"href":"https:\/\/mukom.mondragon.edu\/mondragonfp\/wp-json\/wp\/v2\/users\/289"}],"replies":[{"embeddable":true,"href":"https:\/\/mukom.mondragon.edu\/mondragonfp\/wp-json\/wp\/v2\/comments?post=2517"}],"version-history":[{"count":23,"href":"https:\/\/mukom.mondragon.edu\/mondragonfp\/wp-json\/wp\/v2\/posts\/2517\/revisions"}],"predecessor-version":[{"id":6748,"href":"https:\/\/mukom.mondragon.edu\/mondragonfp\/wp-json\/wp\/v2\/posts\/2517\/revisions\/6748"}],"wp:featuredmedia":[{"embeddable":true,"href":"https:\/\/mukom.mondragon.edu\/mondragonfp\/wp-json\/"}],"wp:attachment":[{"href":"https:\/\/mukom.mondragon.edu\/mondragonfp\/wp-json\/wp\/v2\/media?parent=2517"}],"wp:term":[{"taxonomy":"category","embeddable":true,"href":"https:\/\/mukom.mondragon.edu\/mondragonfp\/wp-json\/wp\/v2\/categories?post=2517"},{"taxonomy":"post_tag","embeddable":true,"href":"https:\/\/mukom.mondragon.edu\/mondragonfp\/wp-json\/wp\/v2\/tags?post=2517"}],"curies":[{"name":"wp","href":"https:\/\/api.w.org\/{rel}","templated":true}]}}