{"id":2676,"date":"2019-12-23T11:00:40","date_gmt":"2019-12-23T10:00:40","guid":{"rendered":"http:\/\/mukom.mondragon.edu\/mondragonfp\/?p=2676"},"modified":"2023-03-13T08:26:35","modified_gmt":"2023-03-13T07:26:35","slug":"testimonio-de-iker-zubizarreta-mecatronico-fp-de-mgep-en-practicas-dual","status":"publish","type":"post","link":"https:\/\/mukom.mondragon.edu\/mondragonfp\/es\/2019\/12\/23\/testimonio-de-iker-zubizarreta-mecatronico-fp-de-mgep-en-practicas-dual\/","title":{"rendered":"Testimonio de Iker Zubizarreta Mecatr\u00f3nico FP de MGEP en pr\u00e1cticas DUAL"},"content":{"rendered":"<p>Iker Zubizarreta es alumno del <a href=\"https:\/\/www.mondragon.edu\/es\/formacion-profesional-mecatronica-industrial\">ciclo formativo de grado superior de Mecatr\u00f3nica Industrial<\/a>\u00a0y en junio se adhiri\u00f3 al\u00a0\u00a0programa <a href=\"https:\/\/www.mondragon.edu\/es\/formacion-profesional-mecatronica-industrial\/formacion-dual-regimen-alternancia\">DUAL<\/a>. \u00c9ste es su\u00a0testimonio:<\/p>\n<p><strong>1. Danos tu nombre por favor y que ciclo has estudiado:<\/strong><\/p>\n<p>Soy Iker Zubizarreta Ugarte y estoy estudiando <a href=\"https:\/\/www.mondragon.edu\/es\/formacion-profesional-mecatronica-industrial\">Mecatr\u00f3nica Industrial<\/a>. Este a\u00f1o estoy en 2. curso y estoy en el programa <a href=\"https:\/\/www.mondragon.edu\/es\/formacion-profesional-mecatronica-industrial\/formacion-dual-regimen-alternancia\">DUAL<\/a>.<\/p>\n<div style=\"text-align: center\"><img loading=\"lazy\" class=\"alignnone size-medium\" src=\"https:\/\/live.staticflickr.com\/65535\/49032539721_b36b390bb0_o.jpg\" width=\"2048\" height=\"1536\" \/><\/div>\n<div><\/div>\n<div><strong>2.\u00bfPor qu\u00e9 decidiste estudiar el <a href=\"https:\/\/www.mondragon.edu\/es\/formacion-profesional-mecatronica-industrial\">ciclo de Mecatr\u00f3nica<\/a>? \u00bfY por qu\u00e9 en <a href=\"https:\/\/www.mondragon.edu\/es\/escuela-politecnica-superior\">Mondragon Goi Eskola Politeknikoa<\/a>?<\/strong><\/div>\n<div><\/div>\n<div>\u00a0Eleg\u00ed estudiar Mecatr\u00f3nica Industrial\u00a0 principalmente por su amplitud.\u00a0 Me atrajo la posibilidad de formarme en diferentes dimensiones dentro de lo que es el \u00e1mbito t\u00e9cnico industrial. Y MGEP lo\u00a0eleg\u00ed porque es una escuela que se sit\u00faa relativamente cerca de O\u00f1ati, que es donde vivo, y tras hablar con gente de la zona es la mejor referencia que me han dado y adem\u00e1s tiene una buena relaci\u00f3n con las empresas del entorno para el mundo laboral.<\/div>\n<div>\n<p><strong>3. En este ciclo formativo trabaj\u00e1is con la metodolog\u00eda activa <a href=\"https:\/\/www.mondragon.edu\/es\/formacion-profesional-mecatronica-industrial\/aprender-haciendo\">ETHAZI<\/a>, es decir, haciendo retos en el trabajo en equipo, trabaj\u00e1is profesionalmente. \u00bfQu\u00e9 retos hab\u00e9is realizado?<\/strong><\/p>\n<p>Los retos que hemos realizado han sido aquellos que han respondido a un problema o a una necesidad real de la empresa. Por eso ha sido la puesta en marcha de una m\u00e1quina o sistema principalmente. As\u00ed, hemos trabajado con alg\u00fan centro de mecanizado, una m\u00e1quina de plegar chapas o una m\u00e1quina que se comunique con su pantalla de control (incluida este panel de control).<\/p>\n<p><strong>4. \u00bfC\u00f3mo valorar\u00edas esta experiencia?<\/strong><\/p>\n<p>Ha sido una experiencia muy enriquecedora, creo que me ha ayudado mucho\u00a0sobre todo\u00a0cara al mundo laboral y para un futuro, tanto para trabajar en equipo como con las competencias\u00a0personales.<\/p>\n<p><strong>5. \u00bfCu\u00e1ndo comenzaste en las pr\u00e1cticas de <a href=\"https:\/\/www.mondragon.edu\/es\/formacion-profesional-mecatronica-industrial\/formacion-dual-regimen-alternancia\">Dual<\/a>?<\/strong><\/p>\n<p>Empec\u00e9 el 10 de junio de 2019 con este modelo de aprendizaje.<\/p>\n<p><strong>6.\u00bfEn qu\u00e9 empresa est\u00e1s trabajando? \u00bfCu\u00e1l es su \u00e1mbito laboral? \u00bfY cu\u00e1l es el \u00e1mbito de trabajo de tu departamento o grupo de trabajo?<\/strong><\/p>\n<p>Estoy desarrollando el proceso <a href=\"https:\/\/www.mondragon.edu\/es\/formacion-profesional-mecatronica-industrial\/formacion-dual-regimen-alternancia\">Dual<\/a> en ULMA Packaging. El \u00e1mbito laboral de esta empresa consiste en la producci\u00f3n de m\u00e1quinas de embalaje\/envasado. En realidad no estoy en un puesto fijo, realizo carros para llevar productos a las m\u00e1quinas, subconjuntos de tipo variado, rodillos, etc. La verdad es que estoy muy gusto trabajando en una variedad de tareas.<\/p>\n<p><strong>7. \u00bfQu\u00e9 tipo de trabajos has realizado en este periodo?<\/strong><\/p>\n<p>He estado principalmente trabajando en el montaje, pero como he dicho antes no s\u00f3lo ha sido \u00e9ste mi funci\u00f3n, he estado trabajando en deferentes\u00a0 \u00e1reas dentro de la misma empresa.<\/p>\n<p><strong>8.Para terminar, \u00bfqu\u00e9 te ha aportado realizar las <a href=\"https:\/\/www.mondragon.edu\/es\/formacion-profesional-mecatronica-industrial\/practicas-empresa\">pr\u00e1cticas en la empresa<\/a> tanto personalmente como en el aprendizaje?<\/strong><\/p>\n<p>Personalmente me ha ofrecido un magn\u00edfico acceso al mundo laboral, ya que nunca antes hab\u00eda estado trabajando en una empresa de esta dimensi\u00f3n, con un horario de ocho horas, fichando, y conocer\u00a0 esto me ha resuelto muchas de las dudas que ten\u00eda inicialmente. Adem\u00e1s, he tenido la oportunidad de poner en pr\u00e1ctica lo aprendido y de ver si realmente me gusta este trabajo.<\/p>\n<p>Desde el punto de vista acad\u00e9mico, el hecho de poner en pr\u00e1ctica la formaci\u00f3n recibida anteriormente me ha ayudado a asimilar mejor los contenidos ofrecidos en clase, lo que ha acelerado mi proceso de aprendizaje, profundizando en estas materias.<\/p>\n<\/div>\n<div>\n<div style=\"text-align: center\"><img loading=\"lazy\" class=\"alignnone size-medium\" src=\"https:\/\/live.staticflickr.com\/65535\/49830536747_da81921de0.jpg\" width=\"500\" height=\"336\" \/><\/div>\n<\/div>\n","protected":false},"excerpt":{"rendered":"<p>Iker Zubizarreta es alumno del ciclo formativo de grado superior de Mecatr\u00f3nica Industrial\u00a0y en junio se adhiri\u00f3 al\u00a0\u00a0programa DUAL. \u00c9ste es su\u00a0testimonio: 1. Danos tu nombre por favor y que ciclo has estudiado: Soy Iker Zubizarreta Ugarte y estoy estudiando Mecatr\u00f3nica Industrial. Este a\u00f1o estoy en 2. curso y estoy en el programa DUAL. 2.\u00bfPor qu\u00e9 decidiste estudiar el ciclo de Mecatr\u00f3nica? \u00bfY por qu\u00e9 en Mondragon Goi Eskola Politeknikoa? \u00a0Eleg\u00ed estudiar Mecatr\u00f3nica Industrial\u00a0 principalmente por su amplitud.\u00a0 Me atrajo la posibilidad de formarme en diferentes dimensiones dentro de lo que es el \u00e1mbito t\u00e9cnico industrial. Y MGEP lo\u00a0eleg\u00ed porque es una escuela que se sit\u00faa relativamente cerca de O\u00f1ati, que es donde vivo, y tras hablar con gente de la zona es la mejor referencia que me han dado y adem\u00e1s tiene una buena relaci\u00f3n con las empresas del&#8230;<\/p>\n","protected":false},"author":289,"featured_media":-1,"comment_status":"open","ping_status":"open","sticky":false,"template":"","format":"standard","meta":[],"categories":[144,164,114],"tags":[],"amp_enabled":true,"_links":{"self":[{"href":"https:\/\/mukom.mondragon.edu\/mondragonfp\/wp-json\/wp\/v2\/posts\/2676"}],"collection":[{"href":"https:\/\/mukom.mondragon.edu\/mondragonfp\/wp-json\/wp\/v2\/posts"}],"about":[{"href":"https:\/\/mukom.mondragon.edu\/mondragonfp\/wp-json\/wp\/v2\/types\/post"}],"author":[{"embeddable":true,"href":"https:\/\/mukom.mondragon.edu\/mondragonfp\/wp-json\/wp\/v2\/users\/289"}],"replies":[{"embeddable":true,"href":"https:\/\/mukom.mondragon.edu\/mondragonfp\/wp-json\/wp\/v2\/comments?post=2676"}],"version-history":[{"count":22,"href":"https:\/\/mukom.mondragon.edu\/mondragonfp\/wp-json\/wp\/v2\/posts\/2676\/revisions"}],"predecessor-version":[{"id":6738,"href":"https:\/\/mukom.mondragon.edu\/mondragonfp\/wp-json\/wp\/v2\/posts\/2676\/revisions\/6738"}],"wp:featuredmedia":[{"embeddable":true,"href":"https:\/\/mukom.mondragon.edu\/mondragonfp\/wp-json\/"}],"wp:attachment":[{"href":"https:\/\/mukom.mondragon.edu\/mondragonfp\/wp-json\/wp\/v2\/media?parent=2676"}],"wp:term":[{"taxonomy":"category","embeddable":true,"href":"https:\/\/mukom.mondragon.edu\/mondragonfp\/wp-json\/wp\/v2\/categories?post=2676"},{"taxonomy":"post_tag","embeddable":true,"href":"https:\/\/mukom.mondragon.edu\/mondragonfp\/wp-json\/wp\/v2\/tags?post=2676"}],"curies":[{"name":"wp","href":"https:\/\/api.w.org\/{rel}","templated":true}]}}