{"id":2697,"date":"2019-11-25T09:19:33","date_gmt":"2019-11-25T08:19:33","guid":{"rendered":"http:\/\/mukom.mondragon.edu\/mondragonfp\/?p=2697"},"modified":"2023-03-13T08:32:27","modified_gmt":"2023-03-13T07:32:27","slug":"asir-administracion-de-sistemas-informaticos-en-red-ciclo-de-fp-de-grado-superior-de-mgep","status":"publish","type":"post","link":"https:\/\/mukom.mondragon.edu\/mondragonfp\/es\/2019\/11\/25\/asir-administracion-de-sistemas-informaticos-en-red-ciclo-de-fp-de-grado-superior-de-mgep\/","title":{"rendered":"ASIR Administraci\u00f3n de Sistemas Inform\u00e1ticos en Red, Ciclo de FP de grado superior de MGEP"},"content":{"rendered":"<p><a href=\"https:\/\/www.mondragon.edu\/es\/formacion-profesional-administracion-sistemas-informaticos-red\">ASIR<\/a>, ciclo formativo de grado superior o fp en <a href=\"https:\/\/www.mondragon.edu\/es\/formacion-profesional-administracion-sistemas-informaticos-red\">Administraci\u00f3n de Sistemas Inform\u00e1ticos en Red<\/a>, est\u00e1 dirigido a la Inform\u00e1tica. El objetivo de este ciclo es proporcionar capacitaci\u00f3n tecnol\u00f3gica en el campo de la inform\u00e1tica aplicada a la gesti\u00f3n de sistemas de informaci\u00f3n en la empresa.<\/p>\n<div>\n<div style=\"text-align: center\"><img loading=\"lazy\" class=\"alignnone size-medium\" src=\"https:\/\/live.staticflickr.com\/65535\/48858688822_9ce3d6d660_o.png\" width=\"1275\" height=\"713\" \/><\/div>\n<\/div>\n<p>Se aprende a configurar, administrar y cuidar sistemas inform\u00e1ticos,\u00a0garantizando la funcionalidad, integridad y seguridad de los recursos y servicios del sistema, con la calidad requerida y de conformidad con la legislaci\u00f3n vigente.<\/p>\n<p>La metodolog\u00eda que se utiliza est\u00e1 basada en proyectos, y se combinan la ense\u00f1anza te\u00f3rica y pr\u00e1ctica. Es la combinaci\u00f3n del trabajo de clase y la experiencia laboral en el modelo de aprendizaje de\u00a0 <a href=\"https:\/\/www.mondragon.edu\/es\/escuela-politecnica-superior\">Mondragon Goi Eskola Politeknikoa<\/a>: <a href=\"https:\/\/www.mondragon.edu\/eu\/heziketa-zikloa-sareko-informatika-sistemen-administrazioa\/eginez-ikasi\">ETHAZI-DUAL<\/a>.<\/p>\n<p>Adem\u00e1s, <a href=\"https:\/\/www.mondragon.edu\/es\/escuela-politecnica-superior\">MGEP<\/a> da la oportunidad a los alumnos de trabajar entorno a una formaci\u00f3n <a href=\"https:\/\/www.mondragon.edu\/es\/formacion-profesional-administracion-sistemas-informaticos-red\/formacion-dual-regimen-alternancia\">DUAL<\/a>. Mediante el programa formaci\u00f3n <a href=\"https:\/\/www.mondragon.edu\/es\/formacion-profesional-administracion-sistemas-informaticos-red\/formacion-dual-regimen-alternancia\">DUAL<\/a> lo alumnos obtienen competencias t\u00e9cnicas a nivel profesional y\u00a0se desarrollan indirectamente combinando estudios y trabajo. Para poder llevar a cabo este proceso de aprendizace de alternancia, se trabajan diferentes competencias en la empresa, haciendo que \u00e9sta se combierta en un agente importante en el aprendizaje del alumno.<\/p>\n<p>En el siguiente v\u00eddeo, Osane Lizarralde (coordinadora del t\u00edtulo <a href=\"https:\/\/www.mondragon.edu\/es\/formacion-profesional-administracion-sistemas-informaticos-red\/formacion-dual-regimen-alternancia\">ASIR<\/a>), explica las caracteristicas del t\u00edtulo:\u00a0<a class=\"embedly-card\" href=\"https:\/\/www.youtube.com\/watch?time_continue=1&amp;v=aW9RkXizLAA\">Sareko Informatika Sistemen Administrazioa Heziketa Zikloa<\/a><\/p>\n","protected":false},"excerpt":{"rendered":"<p>ASIR, ciclo formativo de grado superior o fp en Administraci\u00f3n de Sistemas Inform\u00e1ticos en Red, est\u00e1 dirigido a la Inform\u00e1tica. El objetivo de este ciclo es proporcionar capacitaci\u00f3n tecnol\u00f3gica en el campo de la inform\u00e1tica aplicada a la gesti\u00f3n de sistemas de informaci\u00f3n en la empresa. Se aprende a configurar, administrar y cuidar sistemas inform\u00e1ticos,\u00a0garantizando la funcionalidad, integridad y seguridad de los recursos y servicios del sistema, con la calidad requerida y de conformidad con la legislaci\u00f3n vigente. La metodolog\u00eda que se utiliza est\u00e1 basada en proyectos, y se combinan la ense\u00f1anza te\u00f3rica y pr\u00e1ctica. Es la combinaci\u00f3n del trabajo de clase y la experiencia laboral en el modelo de aprendizaje de\u00a0 Mondragon Goi Eskola Politeknikoa: ETHAZI-DUAL. Adem\u00e1s, MGEP da la oportunidad a los alumnos de trabajar entorno a una formaci\u00f3n DUAL. Mediante el programa formaci\u00f3n DUAL lo alumnos obtienen&#8230;<\/p>\n","protected":false},"author":141,"featured_media":-1,"comment_status":"open","ping_status":"open","sticky":false,"template":"","format":"standard","meta":[],"categories":[142,237,144,227],"tags":[],"amp_enabled":true,"_links":{"self":[{"href":"https:\/\/mukom.mondragon.edu\/mondragonfp\/wp-json\/wp\/v2\/posts\/2697"}],"collection":[{"href":"https:\/\/mukom.mondragon.edu\/mondragonfp\/wp-json\/wp\/v2\/posts"}],"about":[{"href":"https:\/\/mukom.mondragon.edu\/mondragonfp\/wp-json\/wp\/v2\/types\/post"}],"author":[{"embeddable":true,"href":"https:\/\/mukom.mondragon.edu\/mondragonfp\/wp-json\/wp\/v2\/users\/141"}],"replies":[{"embeddable":true,"href":"https:\/\/mukom.mondragon.edu\/mondragonfp\/wp-json\/wp\/v2\/comments?post=2697"}],"version-history":[{"count":12,"href":"https:\/\/mukom.mondragon.edu\/mondragonfp\/wp-json\/wp\/v2\/posts\/2697\/revisions"}],"predecessor-version":[{"id":6742,"href":"https:\/\/mukom.mondragon.edu\/mondragonfp\/wp-json\/wp\/v2\/posts\/2697\/revisions\/6742"}],"wp:featuredmedia":[{"embeddable":true,"href":"https:\/\/mukom.mondragon.edu\/mondragonfp\/wp-json\/"}],"wp:attachment":[{"href":"https:\/\/mukom.mondragon.edu\/mondragonfp\/wp-json\/wp\/v2\/media?parent=2697"}],"wp:term":[{"taxonomy":"category","embeddable":true,"href":"https:\/\/mukom.mondragon.edu\/mondragonfp\/wp-json\/wp\/v2\/categories?post=2697"},{"taxonomy":"post_tag","embeddable":true,"href":"https:\/\/mukom.mondragon.edu\/mondragonfp\/wp-json\/wp\/v2\/tags?post=2697"}],"curies":[{"name":"wp","href":"https:\/\/api.w.org\/{rel}","templated":true}]}}