{"id":2875,"date":"2020-01-03T12:00:47","date_gmt":"2020-01-03T11:00:47","guid":{"rendered":"http:\/\/mukom.mondragon.edu\/mondragonfp\/?p=2875"},"modified":"2023-03-13T08:17:07","modified_gmt":"2023-03-13T07:17:07","slug":"confebask-gala-empresafp-y-premio-para-antiguos-alumnos-de-eskola","status":"publish","type":"post","link":"https:\/\/mukom.mondragon.edu\/mondragonfp\/es\/2020\/01\/03\/confebask-gala-empresafp-y-premio-para-antiguos-alumnos-de-eskola\/","title":{"rendered":"Confebask: gala Empresa&amp;FP y premio para antiguos alumnos de FP de MGEP"},"content":{"rendered":"<p>&nbsp;<\/p>\n<p style=\"font-weight: 400\">El 4 de diciembre se celebr\u00f3 en el Euskalduna de Bilbao\u00a0la gala anual Empresa&amp;FP que organiza Confebask, donde tambi\u00e9n acudi\u00f3 la Consejera de Educaci\u00f3n, Cristina Uriarte. Este a\u00f1o se le ha dado importancia, sobre todo, al trabajo que las empresas realizan en la formaci\u00f3n\u00a0de los alumnos, ofreciendo Pr\u00e1cticas en Empresa y ayudando en la formaci\u00f3n mediante el programa DUAL.<\/p>\n<p style=\"font-weight: 400\">Este a\u00f1o se ha premiado a 3 empresas en esta \u00e1rea: Alsatec (Araba), CMZ (Bizkaia) y Talleres Bidegain (Gipuzkoa). Adem\u00e1s, se ha destacado la labor de tres personas, Leopoldo Martinez, de la empresa IPM Rub\u00ed, Miriam de la Torre, de Residencia Las Laceras y Yoseba Mitxelena, de Lazpiur, por su labor como mentores de los alumnos en su aprendizaje en la empresa.<\/p>\n<p style=\"font-weight: 400\">Finalmente, se entregaron los diplomas de DUAL, Erasmus y FCT a alumnos de todo Euskadi. En la foto, los alumnos premiados de\u00a0<a href=\"https:\/\/www.mondragon.edu\/es\/ciclos-formativos-grado-superior\/oferta-formacion-profesional\">Formaci\u00f3n Profesional\u00a0<\/a>(<a href=\"https:\/\/www.mondragon.edu\/es\/ciclos-formativos-grado-superior\/oferta-formacion-profesional\">FP<\/a>)\u00a0 de\u00a0\u00a0<a href=\"https:\/\/www.mondragon.edu\/es\/escuela-politecnica-superior\">Mondragon Goi Eskola Politeknikoa<\/a>.<\/p>\n<div style=\"text-align: center\"><img loading=\"lazy\" class=\"alignnone size-medium\" src=\"https:\/\/live.staticflickr.com\/65535\/49192720441_97f1abd568_z.jpg\" width=\"640\" height=\"480\" \/><\/div>\n<div style=\"text-align: center\"><em>Mikel Aranbarri Zuatzubizkar,\u00a0 Unai Perez de Arriba Susperregui, Ander Pablos Iturralde, Aimar Telleria Asteasu,<\/em><\/div>\n<div style=\"text-align: center\"><em> Mikel Uribesalgo Arbulu,\u00a0<\/em><em>Uxue Bazterrika Arenaza e Izaskun Del Fresno Ega\u00f1a<\/em><\/div>\n","protected":false},"excerpt":{"rendered":"<p>&nbsp; El 4 de diciembre se celebr\u00f3 en el Euskalduna de Bilbao\u00a0la gala anual Empresa&amp;FP que organiza Confebask, donde tambi\u00e9n acudi\u00f3 la Consejera de Educaci\u00f3n, Cristina Uriarte. Este a\u00f1o se le ha dado importancia, sobre todo, al trabajo que las empresas realizan en la formaci\u00f3n\u00a0de los alumnos, ofreciendo Pr\u00e1cticas en Empresa y ayudando en la formaci\u00f3n mediante el programa DUAL. Este a\u00f1o se ha premiado a 3 empresas en esta \u00e1rea: Alsatec (Araba), CMZ (Bizkaia) y Talleres Bidegain (Gipuzkoa). Adem\u00e1s, se ha destacado la labor de tres personas, Leopoldo Martinez, de la empresa IPM Rub\u00ed, Miriam de la Torre, de Residencia Las Laceras y Yoseba Mitxelena, de Lazpiur, por su labor como mentores de los alumnos en su aprendizaje en la empresa. Finalmente, se entregaron los diplomas de DUAL, Erasmus y FCT a alumnos de todo Euskadi. En la foto,&#8230;<\/p>\n","protected":false},"author":289,"featured_media":-1,"comment_status":"open","ping_status":"open","sticky":false,"template":"","format":"standard","meta":[],"categories":[171,144,114],"tags":[],"amp_enabled":true,"_links":{"self":[{"href":"https:\/\/mukom.mondragon.edu\/mondragonfp\/wp-json\/wp\/v2\/posts\/2875"}],"collection":[{"href":"https:\/\/mukom.mondragon.edu\/mondragonfp\/wp-json\/wp\/v2\/posts"}],"about":[{"href":"https:\/\/mukom.mondragon.edu\/mondragonfp\/wp-json\/wp\/v2\/types\/post"}],"author":[{"embeddable":true,"href":"https:\/\/mukom.mondragon.edu\/mondragonfp\/wp-json\/wp\/v2\/users\/289"}],"replies":[{"embeddable":true,"href":"https:\/\/mukom.mondragon.edu\/mondragonfp\/wp-json\/wp\/v2\/comments?post=2875"}],"version-history":[{"count":14,"href":"https:\/\/mukom.mondragon.edu\/mondragonfp\/wp-json\/wp\/v2\/posts\/2875\/revisions"}],"predecessor-version":[{"id":6732,"href":"https:\/\/mukom.mondragon.edu\/mondragonfp\/wp-json\/wp\/v2\/posts\/2875\/revisions\/6732"}],"wp:featuredmedia":[{"embeddable":true,"href":"https:\/\/mukom.mondragon.edu\/mondragonfp\/wp-json\/"}],"wp:attachment":[{"href":"https:\/\/mukom.mondragon.edu\/mondragonfp\/wp-json\/wp\/v2\/media?parent=2875"}],"wp:term":[{"taxonomy":"category","embeddable":true,"href":"https:\/\/mukom.mondragon.edu\/mondragonfp\/wp-json\/wp\/v2\/categories?post=2875"},{"taxonomy":"post_tag","embeddable":true,"href":"https:\/\/mukom.mondragon.edu\/mondragonfp\/wp-json\/wp\/v2\/tags?post=2875"}],"curies":[{"name":"wp","href":"https:\/\/api.w.org\/{rel}","templated":true}]}}