{"id":297,"date":"2016-04-12T09:13:49","date_gmt":"2016-04-12T07:13:49","guid":{"rendered":"http:\/\/mukom.mondragon.edu\/mondragonfp\/?p=297"},"modified":"2016-04-12T09:13:49","modified_gmt":"2016-04-12T07:13:49","slug":"siempre-me-habia-llamado-la-atencion-la-experiencia-de-erasmus","status":"publish","type":"post","link":"https:\/\/mukom.mondragon.edu\/mondragonfp\/2016\/04\/12\/siempre-me-habia-llamado-la-atencion-la-experiencia-de-erasmus\/","title":{"rendered":"\u201cSiempre me hab\u00eda llamado la atenci\u00f3n la experiencia de Erasmus+\u201d"},"content":{"rendered":"<p>Ander Goikolea tiene 21 a\u00f1os y estudia un Ciclo Superior de Programaci\u00f3n de la Producci\u00f3n en la Fabricaci\u00f3n Mec\u00e1nica de Mondragon Goi Eskola Politeknikoa. Es de Arrasate y este a\u00f1o solicit\u00f3 una beca Erasmus+ para realizar las pr\u00e1cticas en el extranjero que se le ha concedido. El pasado 30 de marzo puso\u00a0rumbo a Eindhoven para 3 meses.<\/p>\n<p><a href=\"http:\/\/www.flickr.com\/photos\/140054371@N04\/25781512483\/in\/dateposted-public\/\"><img loading=\"lazy\" src=\"https:\/\/farm2.staticflickr.com\/1632\/25781512483_1eb6fd680e_b.jpg\" alt=\"MGEP - Programaci\u00f3nd de la producci\u00f3n - Ander Goikolea\" width=\"1024\" height=\"768\" \/><\/a><\/p>\n<p><strong>Por qu\u00e9 elegiste la experiencia ERASMUS+? <\/strong><\/p>\n<p>Siempre me ha llamado la atenci\u00f3n, desde que conoc\u00ed en qu\u00e9 consist\u00eda. Adem\u00e1s, el a\u00f1o pasado fue un amigo y me dio mucha envidia. Este a\u00f1o no dud\u00e9 en solicitar la plaza, tengo muchas ganas de salir fuera.<\/p>\n<p><strong>A d\u00f3nde vas con la beca Erasmus+?<\/strong><\/p>\n<p>El destino que me ha tocado es la ciudad holandesa de Eindhoven. No lo conozco por lo que va a ser una experiencia totalmente nueva.<\/p>\n<p><strong>D\u00f3nde vas a hacer las pr\u00e1cticas (empresa)?<\/strong><\/p>\n<p>Voy a la empresa Quality Products de la que, de momento, no he podido saber mucho. Se dedican al mecanizado.<\/p>\n<p><strong>\u00bfCu\u00e1ndo te vas? \u00bfPara cu\u00e1nto tiempo?<\/strong><\/p>\n<p>El pr\u00f3ximo 30 de marzo cojo un vuelo para 13 semanas, unos 3 meses.<\/p>\n<p><strong>\u00bfHa sido f\u00e1cil la gesti\u00f3n del \u201cpapeleo\u201d?<\/strong><\/p>\n<p>Los documentos necesarios no han sido ning\u00fan problema. Me han ofrecido ayuda en todo momento y no me ha resultado complicado. M\u00e1s dif\u00edcil ha sido encontrar el vuelo que m\u00e1s se ajustara.<\/p>\n<p><strong>\u00bfD\u00f3nde te vas a alojar? \u00bfConoces a alguien que est\u00e9 o vaya a estar en Eindhoven?<\/strong><\/p>\n<p>Cuando conoc\u00ed el destino tuve la suerte de poder ponerme en contacto con otros 7 j\u00f3venes que tambi\u00e9n van a ir a Eindhoven a la vez que yo. Nos hemos puesto de acuerdo y viviremos en un piso compartido. Adem\u00e1s, hay un chico que va a la misma empresa que yo a realizar las pr\u00e1cticas.<\/p>\n<p>&nbsp;<\/p>\n<p>Mucha suerte en tu viaje Ander!<\/p>\n","protected":false},"excerpt":{"rendered":"<p>Ander Goikolea tiene 21 a\u00f1os y estudia un Ciclo Superior de Programaci\u00f3n de la Producci\u00f3n en la Fabricaci\u00f3n Mec\u00e1nica de Mondragon Goi Eskola Politeknikoa. Es de Arrasate y este a\u00f1o solicit\u00f3 una beca Erasmus+ para realizar las pr\u00e1cticas en el extranjero que se le ha concedido. El pasado 30 de marzo puso\u00a0rumbo a Eindhoven para 3 meses. Por qu\u00e9 elegiste la experiencia ERASMUS+? Siempre me ha llamado la atenci\u00f3n, desde que conoc\u00ed en qu\u00e9 consist\u00eda. Adem\u00e1s, el a\u00f1o pasado fue un amigo y me dio mucha envidia. Este a\u00f1o no dud\u00e9 en solicitar la plaza, tengo muchas ganas de salir fuera. A d\u00f3nde vas con la beca Erasmus+? El destino que me ha tocado es la ciudad holandesa de Eindhoven. No lo conozco por lo que va a ser una experiencia totalmente nueva. D\u00f3nde vas a hacer las pr\u00e1cticas (empresa)?&#8230;<\/p>\n","protected":false},"author":276,"featured_media":0,"comment_status":"open","ping_status":"open","sticky":false,"template":"","format":"standard","meta":[],"categories":[9,17],"tags":[8,36,22,20,24,4,19],"amp_enabled":true,"_links":{"self":[{"href":"https:\/\/mukom.mondragon.edu\/mondragonfp\/wp-json\/wp\/v2\/posts\/297"}],"collection":[{"href":"https:\/\/mukom.mondragon.edu\/mondragonfp\/wp-json\/wp\/v2\/posts"}],"about":[{"href":"https:\/\/mukom.mondragon.edu\/mondragonfp\/wp-json\/wp\/v2\/types\/post"}],"author":[{"embeddable":true,"href":"https:\/\/mukom.mondragon.edu\/mondragonfp\/wp-json\/wp\/v2\/users\/276"}],"replies":[{"embeddable":true,"href":"https:\/\/mukom.mondragon.edu\/mondragonfp\/wp-json\/wp\/v2\/comments?post=297"}],"version-history":[{"count":1,"href":"https:\/\/mukom.mondragon.edu\/mondragonfp\/wp-json\/wp\/v2\/posts\/297\/revisions"}],"predecessor-version":[{"id":298,"href":"https:\/\/mukom.mondragon.edu\/mondragonfp\/wp-json\/wp\/v2\/posts\/297\/revisions\/298"}],"wp:attachment":[{"href":"https:\/\/mukom.mondragon.edu\/mondragonfp\/wp-json\/wp\/v2\/media?parent=297"}],"wp:term":[{"taxonomy":"category","embeddable":true,"href":"https:\/\/mukom.mondragon.edu\/mondragonfp\/wp-json\/wp\/v2\/categories?post=297"},{"taxonomy":"post_tag","embeddable":true,"href":"https:\/\/mukom.mondragon.edu\/mondragonfp\/wp-json\/wp\/v2\/tags?post=297"}],"curies":[{"name":"wp","href":"https:\/\/api.w.org\/{rel}","templated":true}]}}