{"id":3037,"date":"2020-02-13T20:04:49","date_gmt":"2020-02-13T19:04:49","guid":{"rendered":"http:\/\/mukom.mondragon.edu\/mondragonfp\/?p=3037"},"modified":"2023-03-08T23:37:21","modified_gmt":"2023-03-08T22:37:21","slug":"testimonio-david-sajeras-alumno-asir","status":"publish","type":"post","link":"https:\/\/mukom.mondragon.edu\/mondragonfp\/es\/2020\/02\/13\/testimonio-david-sajeras-alumno-asir\/","title":{"rendered":"Testimonio de David Sajeras, alumno de ciclo formativo FP de Inform\u00e1tica ASIR en MGEP"},"content":{"rendered":"<p>David Sajeras es alumno de <a href=\"https:\/\/www.mondragon.edu\/es\/formacion-profesional-administracion-sistemas-informaticos-red\">ciclo formativo de grado superior en Administraci\u00f3n de Sistemas Inform\u00e1ticos en Red<\/a>\u00a0(ASIR)\u00a0y DUAL en <a href=\"https:\/\/www.mondragon.edu\/es\/escuela-politecnica-superior\">MGEP<\/a> y nos ha dejado su testimonio:<\/p>\n<div style=\"text-align: center\"><img loading=\"lazy\" class=\"alignnone size-medium\" src=\"https:\/\/live.staticflickr.com\/65535\/49388839342_3291112912_z.jpg\" width=\"640\" height=\"457\" \/><\/div>\n<div><\/div>\n<div><strong>1.- Dimos tu nombre y qu\u00e9 ciclo de grado superior has cursado.<\/strong><\/div>\n<div>\n<p>Soy David Sajeras Cuesta, estoy cursando el\u00a0<a href=\"https:\/\/www.mondragon.edu\/es\/formacion-profesional-administracion-sistemas-informaticos-red\">ciclo formativo de grado superior en Administraci\u00f3n de Sistemas Inform\u00e1ticos en Red<\/a>\u00a0(ASIR) en\u00a0<a href=\"https:\/\/www.mondragon.edu\/es\/escuela-politecnica-superior\">Mondragon Goi Eskola P<\/a><a href=\"https:\/\/www.mondragon.edu\/es\/escuela-politecnica-superior\">oliteknikoa<\/a>.<\/p>\n<\/div>\n<div>\n<p><strong>2.- \u00bfPor qu\u00e9 elegiste este ciclo?\u00a0<\/strong><\/p>\n<p>Despu\u00e9s de obtener el t\u00edtulo de t\u00e9cnico en sistemas microinform\u00e1ticos y redes, \u00a0me qued\u00e9 con ganas de saber m\u00e1s a\u00fan sobre inform\u00e1tica, tener m\u00e1s conocimiento ya que es un \u00e1mbito muy amplio, \u00a0por lo que decid\u00ed estudiar <a href=\"https:\/\/www.mondragon.edu\/es\/formacion-profesional-administracion-sistemas-informaticos-red\">ASIR<\/a>, ya que es la continuaci\u00f3n m\u00e1s natural del ciclo anteriormente cursado.<\/p>\n<p><strong>3.-Y, \u00bfpor qu\u00e9 <\/strong><a href=\"https:\/\/www.mondragon.edu\/eu\/goi-mailako-heziketa-zikloak\/heziketa-zikloetako-eskaintza\"><strong>Mondragon Goi Eskola Politeknikoan<\/strong><\/a><strong>\u00a0(MGEP)?<\/strong><\/p>\n<p>Despu\u00e9s de barajar diferentes centros y al ser de Arrasate, me decant\u00e9 por <a href=\"https:\/\/www.mondragon.edu\/eu\/goi-mailako-heziketa-zikloak\/heziketa-zikloetako-eskaintza\">MGEP<\/a> debido sobre todo a \u00a0la cercan\u00eda del centro.<\/p>\n<p><strong>4.-En \u00e9ste ciclo formativo, trabaj\u00e1is con la metodolog\u00eda activa <\/strong><a href=\"https:\/\/www.mondragon.edu\/eu\/heziketa-zikloa-mekatronika-industriala\/eginez-ikasi\"><strong>ETHAZI<\/strong><\/a><strong>, trabajar en funciones profesionales mediante grupos de trabajo. \u00bfQu\u00e9 nos puedes decir a cerca de esto?<\/strong><\/p>\n<p>Hemos realizado diferentes retos para poner en pr\u00e1ctica los conocimientos estudiados durante las evaluaciones.<\/p>\n<p>Estos retos han sido de diferente dificultad y nos han hecho <a href=\"https:\/\/www.mondragon.edu\/eu\/heziketa-zikloa-mekatronika-industriala\/eginez-ikasi\">aprender a trabajar<\/a> en equipo. Adem\u00e1s, se han simulado incidencias reales en las que hemos tenido que demostrar ser aut\u00f3nomos, y resolver los diferentes problemas t\u00e9cnicos y transversales\u00a0 a los que nos ten\u00edamos\u00a0 ir enfrentando.<\/p>\n<p><strong>5.- Por otro lado, \u00bfperteneces a la formaci\u00f3n DUAL? \u00bfCu\u00e1ndo empezaste?<\/strong><\/p>\n<p>A trav\u00e9s del programa <a href=\"https:\/\/www.mondragon.edu\/es\/formacion-profesional-administracion-sistemas-informaticos-red\/formacion-dual-regimen-alternancia\">DUAL<\/a>, empec\u00e9 en la empresa MVE el 27 de junio del 2019 y el contrato se terminar\u00e1 el d\u00eda 26 de junio del 2020, siendo Diego Andres Garcia mi instructor.<\/p>\n<\/div>\n<div><\/div>\n<div>\n<p><strong>6.- \u00bfCu\u00e1l es el \u00e1mbito laboral de la empresa? \u00bfY qu\u00e9 tipos de trabajos has realizado durante esta \u00e9poca?<\/strong><\/p>\n<p>MVE Presta servicios de valor a las PYMES en el \u00e1rea de las TIC (Tecnolog\u00edas de la Informaci\u00f3n y Comunicaci\u00f3n). Yo trabajo en el departamento de Sistemas.<\/p>\n<p>Gestiono los Tickets de incidencias en una base de datos almacenada en la nube. Utilizamos el programa de conexi\u00f3n remota Team Viewer para tener una relaci\u00f3n directa con el cliente. En el apartado <strong>Hardware <\/strong>he cambiado pantallas rotas por nuevas a los clientes, cambios de discos HDD a SSD para poder aumentar la memoria RAM, he realizado m\u00faltiples instalaciones de nuevos equipos, he solucionado varios problemas t\u00e9cnicos de drivers, etc.<\/p>\n<p>En el apartado de <strong>Redes<\/strong>, he configurado Switch-es, hacer VLAN\u00b4s, crear nuevas im\u00e1genes del sistema, colocar cables UTP por suelo t\u00e9cnico en la empresa, enumerar cables, instalar tel\u00e9fonos CISCO de tipo PoE a empresas. En el apartado de <strong>Sistemas, <\/strong>he trabajado en la instalaci\u00f3n y configuraci\u00f3n de software, instalaci\u00f3n de sistemas operativos en equipos, como por ejemplo Windows Server 2008. He clonado discos y he realizado copias de imagen, he configurado impresoras y esc\u00e1neres que contiene IP y acceso por usuario y contrase\u00f1a. He actualizado equipos con sistemas operativos desfasados a Windows 10. He hecho varios trabajos con Outlook, arreglando varios problemas que les surg\u00edan a los clientes, y he adaptado sus servicios para hacer un uso adecuado.<\/p>\n<p>En <strong>Seguridad inform\u00e1tica<\/strong>, he instalado programas antivirus, he realizado su actualizaci\u00f3n, en general he gestionado la seguridad de los equipos personales y de grupo. La verdad es que \u00a0me ha tocado llevar a cabo muchos tipos de trabajos.<\/p>\n<\/div>\n<p><strong>7.- \u00bfQu\u00e9 te ha aportado hacer las pr\u00e1cticas en la empresa, tanto en lo personal c\u00f3mo alumno?<\/strong><\/p>\n<p>He podido conocer el mundo laboral desde muy cerca y he podido poner en pr\u00e1ctica lo aprendido en clase, adem\u00e1s de aprender nuevas cosas.<\/p>\n<p><strong>8.- \u00bfMirando hacia el futuro, cu\u00e1l es tu intenci\u00f3n para el a\u00f1o que viene?<\/strong><\/p>\n<p>En el futuro me gustar\u00eda seguir form\u00e1ndome en la inform\u00e1tica y seguir consiguiendo experiencia y por eso fundamentalmente, he decidido estudiar una especializaci\u00f3n de ciberseguridad.<\/p>\n<p><strong>9.- Por \u00faltimo, \u00bfqu\u00e9 con consejos dar\u00edas a alguien que est\u00e1 valorando estudiar un ciclo?<\/strong><\/p>\n<p>En mi opini\u00f3n, la inform\u00e1tica es cada vez m\u00e1s demandada en las empresas. Por ello me parece muy recomendable estudiar un ciclo de grado superior como <a href=\"https:\/\/www.mondragon.edu\/es\/formacion-profesional-administracion-sistemas-informaticos-red\">ASIR<\/a>, para obtener conocimientos realizando pr\u00e1cticas cercanas.<\/p>\n<div>\n<div style=\"text-align: center\"><img loading=\"lazy\" class=\"alignnone size-medium\" src=\"https:\/\/live.staticflickr.com\/65535\/49830232331_1ed9777e5e.jpg\" width=\"362\" height=\"500\" \/><\/div>\n<\/div>\n<div><\/div>\n","protected":false},"excerpt":{"rendered":"<p>David Sajeras es alumno de ciclo formativo de grado superior en Administraci\u00f3n de Sistemas Inform\u00e1ticos en Red\u00a0(ASIR)\u00a0y DUAL en MGEP y nos ha dejado su testimonio: 1.- Dimos tu nombre y qu\u00e9 ciclo de grado superior has cursado. Soy David Sajeras Cuesta, estoy cursando el\u00a0ciclo formativo de grado superior en Administraci\u00f3n de Sistemas Inform\u00e1ticos en Red\u00a0(ASIR) en\u00a0Mondragon Goi Eskola Politeknikoa. 2.- \u00bfPor qu\u00e9 elegiste este ciclo?\u00a0 Despu\u00e9s de obtener el t\u00edtulo de t\u00e9cnico en sistemas microinform\u00e1ticos y redes, \u00a0me qued\u00e9 con ganas de saber m\u00e1s a\u00fan sobre inform\u00e1tica, tener m\u00e1s conocimiento ya que es un \u00e1mbito muy amplio, \u00a0por lo que decid\u00ed estudiar ASIR, ya que es la continuaci\u00f3n m\u00e1s natural del ciclo anteriormente cursado. 3.-Y, \u00bfpor qu\u00e9 Mondragon Goi Eskola Politeknikoan\u00a0(MGEP)? Despu\u00e9s de barajar diferentes centros y al ser de Arrasate, me decant\u00e9 por MGEP debido sobre todo a&#8230;<\/p>\n","protected":false},"author":289,"featured_media":-1,"comment_status":"open","ping_status":"open","sticky":false,"template":"","format":"standard","meta":[],"categories":[142,171,144,114],"tags":[],"amp_enabled":true,"_links":{"self":[{"href":"https:\/\/mukom.mondragon.edu\/mondragonfp\/wp-json\/wp\/v2\/posts\/3037"}],"collection":[{"href":"https:\/\/mukom.mondragon.edu\/mondragonfp\/wp-json\/wp\/v2\/posts"}],"about":[{"href":"https:\/\/mukom.mondragon.edu\/mondragonfp\/wp-json\/wp\/v2\/types\/post"}],"author":[{"embeddable":true,"href":"https:\/\/mukom.mondragon.edu\/mondragonfp\/wp-json\/wp\/v2\/users\/289"}],"replies":[{"embeddable":true,"href":"https:\/\/mukom.mondragon.edu\/mondragonfp\/wp-json\/wp\/v2\/comments?post=3037"}],"version-history":[{"count":17,"href":"https:\/\/mukom.mondragon.edu\/mondragonfp\/wp-json\/wp\/v2\/posts\/3037\/revisions"}],"predecessor-version":[{"id":6720,"href":"https:\/\/mukom.mondragon.edu\/mondragonfp\/wp-json\/wp\/v2\/posts\/3037\/revisions\/6720"}],"wp:featuredmedia":[{"embeddable":true,"href":"https:\/\/mukom.mondragon.edu\/mondragonfp\/wp-json\/"}],"wp:attachment":[{"href":"https:\/\/mukom.mondragon.edu\/mondragonfp\/wp-json\/wp\/v2\/media?parent=3037"}],"wp:term":[{"taxonomy":"category","embeddable":true,"href":"https:\/\/mukom.mondragon.edu\/mondragonfp\/wp-json\/wp\/v2\/categories?post=3037"},{"taxonomy":"post_tag","embeddable":true,"href":"https:\/\/mukom.mondragon.edu\/mondragonfp\/wp-json\/wp\/v2\/tags?post=3037"}],"curies":[{"name":"wp","href":"https:\/\/api.w.org\/{rel}","templated":true}]}}