{"id":3066,"date":"2020-03-04T07:34:17","date_gmt":"2020-03-04T06:34:17","guid":{"rendered":"http:\/\/mukom.mondragon.edu\/mondragonfp\/?p=3066"},"modified":"2023-03-08T23:14:49","modified_gmt":"2023-03-08T22:14:49","slug":"testimonio-de-mikel-elorza-alumno-de-informatica-asir-en-fp-mgep","status":"publish","type":"post","link":"https:\/\/mukom.mondragon.edu\/mondragonfp\/es\/2020\/03\/04\/testimonio-de-mikel-elorza-alumno-de-informatica-asir-en-fp-mgep\/","title":{"rendered":"Testimonio de Mikel Elorza, alumno de CFGS de Inform\u00e1tica ASIR en MGEP"},"content":{"rendered":"<p>Mikel Elorza es alumno del <a href=\"https:\/\/www.mondragon.edu\/es\/formacion-profesional-administracion-sistemas-informaticos-red\">ciclo de Administraci\u00f3n y Sistemas Inform\u00e1ticos en Red<\/a> en <a href=\"https:\/\/www.mondragon.edu\/es\/escuela-politecnica-superior\">MGEP<\/a>\u00a0y nos ha dejado su testimonio:<\/p>\n<p><strong>1.- Dinos tu nombre y qu\u00e9 ciclo est\u00e1s cursando\u00a0\u00a0por favor.<\/strong><\/p>\n<p>Soy Mikel Elorza Cobos y estoy estudiando el ciclo de grado superior de <a href=\"https:\/\/www.mondragon.edu\/es\/formacion-profesional-administracion-sistemas-informaticos-red\">Administraci\u00f3n de Sistemas Inform\u00e1ticos de Red (ASIR)<\/a> en la <a href=\"https:\/\/www.mondragon.edu\/es\/escuela-politecnica-superior\">Escuela polit\u00e9cnica superior de Mondragon<\/a>.<\/p>\n<div style=\"text-align: center\"><img loading=\"lazy\" class=\"alignnone size-medium\" src=\"https:\/\/live.staticflickr.com\/65535\/49413672302_9766b7a750_z.jpg\" width=\"640\" height=\"480\" \/><\/div>\n<div><\/div>\n<div><strong>2.-\u00bfPor qu\u00e9 decidiste\u00a0estudiar este\u00a0ciclo?<\/strong><\/div>\n<div><\/div>\n<div>En los dos a\u00f1os anteriores estuve estudiando el ciclo de grado medio en Sistemas Microinform\u00e1ticos y Redes en EHU de Eibar, y pensando en hacer un ciclo formativo de grado superior, decid\u00ed hacer <a href=\"https:\/\/www.mondragon.edu\/es\/formacion-profesional-administracion-sistemas-informaticos-red\">ASIR<\/a>, porque es el que m\u00e1s me ha gustado y porqueest\u00e1 muy directamente relacionado con el ciclo anterior que curs\u00e9.<\/div>\n<div><\/div>\n<div><strong>3.-\u00bfY, Por qu\u00e9\u00a0<\/strong><a href=\"https:\/\/www.mondragon.edu\/es\/escuela-politecnica-superior\"><strong>Mondragon Goi Eskola Politeknikoan<\/strong><\/a><strong>\u00a0(MGEP)?<\/strong><\/div>\n<div><\/div>\n<div>En un principio lo pens\u00e9\u00a0 sobre\u00a0todo\u00a0por cercan\u00eda,\u00a0\u00a0Despu\u00e9s vine a la jornada de puertas abiertas y\u00a0me gust\u00f3 mucho lo que me presentaron, las instalaciones y la metodolog\u00eda de trabajo,<\/div>\n<div><\/div>\n<div>\n<p><strong>4.-Precisamente relacionado con esto, aplic\u00e1is la metodolog\u00eda activa\u00a0<\/strong><a href=\"https:\/\/www.mondragon.edu\/es\/formacion-profesional-administracion-sistemas-informaticos-red\/aprender-haciendo\"><strong>ETHAZI<\/strong><\/a><strong>,\u00a0donde se llevan a cabo retos en grupos para trabajar funciones profesionales. \u00bfQu\u00e9 tipos de retos hab\u00e9is realizado? \u00bfQu\u00e9 nos puede decir sobre esto?\u00a0<\/strong><\/p>\n<p>Es una forma muy pr\u00e1ctica de estudiar. En el primer curso realizamos 3 retos grandes, todos en grupo y el objetivo era arreglar los problemas y las incidencias que tienen las empresas. En el segundo curso en cambio, ha habido m\u00e1s retos y han sido m\u00e1s cortos, y muchos\u00a0individuales. Es verdad que algunos han sido m\u00e1s complejos pero tanto los del primero curso como los del segundo me han gustado mucho.<\/p>\n<\/div>\n<p><strong>5.- \u00bfCu\u00e1ndo empezaste las practicas? \u00bfCu\u00e1ndo terminaras?\u00a0<\/strong><\/p>\n<p>Empec\u00e9 a trabajar el 17 de junio de 2019 en la empresa LKS dentro del programa <a href=\"https:\/\/www.mondragon.edu\/es\/formacion-profesional-administracion-sistemas-informaticos-red\/formacion-dual-regimen-alternancia\">DUAL<\/a> y el contrato termina el 16 de junio de 2020. Mi instructor o tutor de la empresa es Ignacio de la Fuente, administrador inform\u00e1tico en LKS.<\/p>\n<p><strong>6.- \u00bfCu\u00e1l es el \u00c1mbito laboral de la EMPRESA?<\/strong><\/p>\n<p>El grupo LKS es uno de los principales referentes de Espa\u00f1a en el sector de los servicios profesionales. Cuenta con cerca de 700 empleados y factura m\u00e1s de 50 millones de euros al a\u00f1o. Se encuentra dentro de la Divisi\u00f3n de Consultor\u00eda e Ingenier\u00eda del Grupo Mondrag\u00f3n. El grupo Mondrag\u00f3n es el primer grupo empresarial de Euskadi y el s\u00e9ptimo de Espa\u00f1a, que cuenta con 239 empresas, m\u00e1s de 75.000 trabajadores y 15 centros tecnol\u00f3gicos.<\/p>\n<p>LKS ofrece servicios profesionales en asesoramiento tecnol\u00f3gico y de gesti\u00f3n, asesoramiento jur\u00eddico, arquitectura e ingenier\u00eda de planeamiento urban\u00edstico, construcci\u00f3n e infraestructuras, promoci\u00f3n, asesoramiento inmobiliario y dise\u00f1o.<\/p>\n<p><strong>7.- \u00bfY cu\u00e1l es tu departamento o el \u00e1mbito laboral del equipo? \u00bfQu\u00e9 tipo de trabajos has realizado en este periodo?<\/strong><\/p>\n<p>En el \u00e1mbito de tecnolog\u00eda, trabajo en el departamento de sistemas.<\/p>\n<p>Hasta ahora, mi trabajo ha sido configurar los nuevos ordenadores y m\u00f3viles de los clientes con los programas y la informaci\u00f3n del cliente y arreglar algunas incidencias de la clientela. Pero ahora empiezo a trabajar en un nuevo proyecto y ahora estoy aprendiendo.<\/p>\n<p><strong>8.- Para terminar, \u00bfqu\u00e9 te ha ofrecido realizar\u00a0<a href=\"https:\/\/www.mondragon.edu\/es\/formacion-profesional-administracion-sistemas-informaticos-red\/practicas-empresa\">pr\u00e1cticas en la empresa<\/a> tanto desde el punto de vista personal como acad\u00e9mico?<\/strong><\/p>\n<p>Adquirir experiencia en el mundo laboral, poner en pr\u00e1ctica las cosas que hemos aprendido y aprender cosas nuevas. Anteriormente, hice un ciclo medio, y las pr\u00e1cticas\u00a0 las hice en el departamento de Sistemas de Informaci\u00f3n de <a href=\"https:\/\/www.mondragon.edu\/es\/escuela-politecnica-superior\">Mondragon Unibertsitatea<\/a>. El contexto de los trabajos actuales es diferente y me permite conocer mejor los campos de trabajo de mi perfil profesional, en empresas de tipos diferentes.<\/p>\n<p><strong>9.- Mirando hacia el futuro, cu\u00e1l es tu intenci\u00f3n para el a\u00f1o que viene?<\/strong><\/p>\n<p>En principio quiero seguir estudiando, tengo pensado hacer un curso de un a\u00f1o en Seguridad Inform\u00e1tica o Ciberseguridad. Y si tengo la oportunidad de trabajar, me gustar\u00eda\u00a0poder hacer las dos cosas: estudiar y trabajar, eso ser\u00eda lo ideal.<\/p>\n<p><strong>10<\/strong><strong>.- Por \u00faltimo, \u00bfqu\u00e9 recomendar\u00edas a un alumno o alumna que est\u00e1 valorando estudiar un ciclo formativo?<\/strong><\/p>\n<p>Le dir\u00eda que es una muy buena\u00a0 oportunidad , sobre todo si quiere apostar por lo pr\u00e1ctico y prepararse\u00a0 para trabajar en en el mundo laboral.<\/p>\n","protected":false},"excerpt":{"rendered":"<p>Mikel Elorza es alumno del ciclo de Administraci\u00f3n y Sistemas Inform\u00e1ticos en Red en MGEP\u00a0y nos ha dejado su testimonio: 1.- Dinos tu nombre y qu\u00e9 ciclo est\u00e1s cursando\u00a0\u00a0por favor. Soy Mikel Elorza Cobos y estoy estudiando el ciclo de grado superior de Administraci\u00f3n de Sistemas Inform\u00e1ticos de Red (ASIR) en la Escuela polit\u00e9cnica superior de Mondragon. 2.-\u00bfPor qu\u00e9 decidiste\u00a0estudiar este\u00a0ciclo? En los dos a\u00f1os anteriores estuve estudiando el ciclo de grado medio en Sistemas Microinform\u00e1ticos y Redes en EHU de Eibar, y pensando en hacer un ciclo formativo de grado superior, decid\u00ed hacer ASIR, porque es el que m\u00e1s me ha gustado y porqueest\u00e1 muy directamente relacionado con el ciclo anterior que curs\u00e9. 3.-\u00bfY, Por qu\u00e9\u00a0Mondragon Goi Eskola Politeknikoan\u00a0(MGEP)? En un principio lo pens\u00e9\u00a0 sobre\u00a0todo\u00a0por cercan\u00eda,\u00a0\u00a0Despu\u00e9s vine a la jornada de puertas abiertas y\u00a0me gust\u00f3 mucho lo que me&#8230;<\/p>\n","protected":false},"author":289,"featured_media":-1,"comment_status":"open","ping_status":"open","sticky":false,"template":"","format":"standard","meta":[],"categories":[142,237,144,114],"tags":[],"amp_enabled":true,"_links":{"self":[{"href":"https:\/\/mukom.mondragon.edu\/mondragonfp\/wp-json\/wp\/v2\/posts\/3066"}],"collection":[{"href":"https:\/\/mukom.mondragon.edu\/mondragonfp\/wp-json\/wp\/v2\/posts"}],"about":[{"href":"https:\/\/mukom.mondragon.edu\/mondragonfp\/wp-json\/wp\/v2\/types\/post"}],"author":[{"embeddable":true,"href":"https:\/\/mukom.mondragon.edu\/mondragonfp\/wp-json\/wp\/v2\/users\/289"}],"replies":[{"embeddable":true,"href":"https:\/\/mukom.mondragon.edu\/mondragonfp\/wp-json\/wp\/v2\/comments?post=3066"}],"version-history":[{"count":11,"href":"https:\/\/mukom.mondragon.edu\/mondragonfp\/wp-json\/wp\/v2\/posts\/3066\/revisions"}],"predecessor-version":[{"id":6715,"href":"https:\/\/mukom.mondragon.edu\/mondragonfp\/wp-json\/wp\/v2\/posts\/3066\/revisions\/6715"}],"wp:featuredmedia":[{"embeddable":true,"href":"https:\/\/mukom.mondragon.edu\/mondragonfp\/wp-json\/"}],"wp:attachment":[{"href":"https:\/\/mukom.mondragon.edu\/mondragonfp\/wp-json\/wp\/v2\/media?parent=3066"}],"wp:term":[{"taxonomy":"category","embeddable":true,"href":"https:\/\/mukom.mondragon.edu\/mondragonfp\/wp-json\/wp\/v2\/categories?post=3066"},{"taxonomy":"post_tag","embeddable":true,"href":"https:\/\/mukom.mondragon.edu\/mondragonfp\/wp-json\/wp\/v2\/tags?post=3066"}],"curies":[{"name":"wp","href":"https:\/\/api.w.org\/{rel}","templated":true}]}}