{"id":3094,"date":"2020-02-24T07:00:39","date_gmt":"2020-02-24T06:00:39","guid":{"rendered":"http:\/\/mukom.mondragon.edu\/mondragonfp\/?p=3094"},"modified":"2023-03-13T08:09:40","modified_gmt":"2023-03-13T07:09:40","slug":"testimonio-ander-palacios-alumno-informatica-asir-mgep","status":"publish","type":"post","link":"https:\/\/mukom.mondragon.edu\/mondragonfp\/es\/2020\/02\/24\/testimonio-ander-palacios-alumno-informatica-asir-mgep\/","title":{"rendered":"El testimonio de Ander Palacios, alumno de Inform\u00e1tica ASIR en MGEP"},"content":{"rendered":"<p>Ander Palacios es alumno de <a href=\"https:\/\/www.mondragon.edu\/es\/formacion-profesional-administracion-sistemas-informaticos-red\">Administraci\u00f3n en Sistemas Inform\u00e1ticos en Red<\/a> en <a href=\"https:\/\/www.mondragon.edu\/eu\/goi-eskola-politeknikoa\">MGEP<\/a> y nos ha dejado su testimonio:<\/p>\n<p><strong>1.- Dinos tu nombre y que ciclo formativo has cursado:<\/strong><\/p>\n<p>Mi nombre es Ander Palacios Rivas y estoy estudiando el <a href=\"https:\/\/www.mondragon.edu\/es\/formacion-profesional-administracion-sistemas-informaticos-red\">ciclo formativo de grado superior en Administraci\u00f3n y Sistemas Inform\u00e1ticos en Red<\/a> en<a href=\"https:\/\/www.mondragon.edu\/eu\/goi-eskola-politeknikoa\"> Mondragon Goi Eskola Politeknikoa (MGEP)<\/a>.<\/p>\n<div style=\"text-align: center\"><img loading=\"lazy\" class=\"alignnone size-medium\" src=\"https:\/\/live.staticflickr.com\/65535\/49422901953_2cf5d7fee2.jpg\" width=\"500\" height=\"375\" \/><\/div>\n<div style=\"text-align: center\"><em>Ander Palacios en las instalaciones de MGEP<\/em><\/div>\n<div><\/div>\n<div><strong>2.- \u00bfCu\u00e1ndo empezaste las pr\u00e1cticas? \u00bfCu\u00e1ndo las terminar\u00e1s?<\/strong><\/div>\n<div><\/div>\n<div>Las pr\u00e1cticas las comenc\u00e9 el 17 de junio de este a\u00f1o y las terminar\u00e9 el 16 de junio del pr\u00f3ximo.<\/div>\n<div><\/div>\n<div><strong>3.- \u00bfQui\u00e9n es tu instructor en la empresa?<\/strong><\/div>\n<div><\/div>\n<div>Mi instructor en esos momentos es Juan Ramon Barreal, es el responsable de la documentaci\u00f3n de formaci\u00f3n.<\/div>\n<div><\/div>\n<div style=\"text-align: center\"><img loading=\"lazy\" class=\"alignnone size-medium\" src=\"https:\/\/live.staticflickr.com\/65535\/49689944558_a37c1f7c84.jpg\" width=\"500\" height=\"368\" \/><\/div>\n<div style=\"text-align: center\"><em>Ander Palacios rodeado de los tutores de la empresa, Juan Carlos Valde\u00f3n (izquierda) y Juan Ram\u00f3n Barreal (derecha), en los talleres de SMC, al lado del nuevo producto FAS\u00a0<\/em><\/div>\n<div><\/div>\n<div><strong>4.- \u00bfCu\u00e1l es el \u00e1mbito de trabajo de SMC?<\/strong><\/div>\n<div><\/div>\n<div>\u00a0La empresa SCM desarrolla piezas y m\u00e1quinas de diferentes tipos dentro de la industria automatizada. Yo concretamente estoy haciendo el <a href=\"https:\/\/www.mondragon.edu\/es\/formacion-profesional-administracion-sistemas-informaticos-red\/formacion-dual-regimen-alternancia\">DUAL<\/a> en el negocio de training international. Este negocio desarrolla m\u00e1quinas que est\u00e1n encaminadas a la tecnolog\u00eda y automatizaci\u00f3n.<\/div>\n<div><\/div>\n<div><strong>5.- \u00bfQu\u00e9 tipos de trabajo has realizado en todo este tiempo?<\/strong><\/div>\n<div><\/div>\n<div>En estos momentos estamos trabajando en una aplicaci\u00f3n de &#8220;Realidad aumentada&#8221; y estoy trabajando en la actualizaci\u00f3n de la interface. A\u00f1adir estas funcionalidades a la m\u00e1quinas, incrementa su valor, sobre todo en el proceso de la educaci\u00f3n. Al acercarse un alumno mediante el m\u00f3vil o una tablet a diferentes piezas de la m\u00e1quina, podr\u00e1 visualizar en la pantalla cu\u00e1l es su uso. Tambi\u00e9n he estado haciendo otros trabajos. Aqu\u00ed menciono las diferentes m\u00e1quinas que he utilizado:<\/div>\n<div><\/div>\n<div>&#8211; Pneumate\u00a0200: estuve realizando un CD interactivo para la formaci\u00f3n, una aplicaci\u00f3n AR.<\/div>\n<div><\/div>\n<div>-LOG 200: estuve adaptando la p\u00e1gina web.<\/div>\n<div><\/div>\n<div>-FAS 200:\u00a0aqu\u00ed mi trabajo fue desarrollar la aplicaci\u00f3n AR.<\/div>\n<div><\/div>\n<div>-HAS 200: actualizar y arreglar la interface EdMES.<\/div>\n<div><\/div>\n<div><strong>6.- \u00bfPara terminar, qu\u00e9 te ha aportado hacer las <a href=\"https:\/\/www.mondragon.edu\/es\/formacion-profesional-administracion-sistemas-informaticos-red\/practicas-empresa\">pr\u00e1cticas en la empresa<\/a>, tanto en lo personal como estudiante?<\/strong><\/div>\n<div><\/div>\n<div>Personalmente me ha dado la oportunidad de conocer gente nueva con la que me llevo muy bien mediante el trabajo en equipo. Por la parte de los estudios, me ha ense\u00f1ado c\u00f3mo implementar proyectos, dar importancia a cada secci\u00f3n y agregar valor a la gesti\u00f3n de mantenimiento.<\/div>\n<div><\/div>\n<div><strong>\u00a07.- \u00bfCu\u00e1l es tu valoraci\u00f3n y que intenci\u00f3n tienes tras terminar los estudios?<\/strong><\/div>\n<div><\/div>\n<div>Me ha gustado mucho el ciclo de <a href=\"https:\/\/www.mondragon.edu\/es\/formacion-profesional-administracion-sistemas-informaticos-red\">ASIR<\/a> que he hecho en <a href=\"https:\/\/www.mondragon.edu\/eu\/goi-eskola-politeknikoa\">MGEP<\/a>, me ha parecido un ciclo muy pr\u00e1ctico donde se aprenden cosas muy interesantes, muy orientadas al trabajo\u00a0necesario en las empresas.<\/div>\n<div><\/div>\n<div>Tras terminar estos estudios, me gustar\u00eda acabar con el grado, he cogido fuerza estos dos a\u00f1os y me veo preparado para el <a href=\"https:\/\/www.mondragon.edu\/es\/grado-ingenieria-informatica\">Grado en Ingenier\u00eda Inform\u00e1tica<\/a>.<\/div>\n<div><\/div>\n","protected":false},"excerpt":{"rendered":"<p>Ander Palacios es alumno de Administraci\u00f3n en Sistemas Inform\u00e1ticos en Red en MGEP y nos ha dejado su testimonio: 1.- Dinos tu nombre y que ciclo formativo has cursado: Mi nombre es Ander Palacios Rivas y estoy estudiando el ciclo formativo de grado superior en Administraci\u00f3n y Sistemas Inform\u00e1ticos en Red en Mondragon Goi Eskola Politeknikoa (MGEP). Ander Palacios en las instalaciones de MGEP 2.- \u00bfCu\u00e1ndo empezaste las pr\u00e1cticas? \u00bfCu\u00e1ndo las terminar\u00e1s? Las pr\u00e1cticas las comenc\u00e9 el 17 de junio de este a\u00f1o y las terminar\u00e9 el 16 de junio del pr\u00f3ximo. 3.- \u00bfQui\u00e9n es tu instructor en la empresa? Mi instructor en esos momentos es Juan Ramon Barreal, es el responsable de la documentaci\u00f3n de formaci\u00f3n. Ander Palacios rodeado de los tutores de la empresa, Juan Carlos Valde\u00f3n (izquierda) y Juan Ram\u00f3n Barreal (derecha), en los talleres de SMC,&#8230;<\/p>\n","protected":false},"author":289,"featured_media":-1,"comment_status":"open","ping_status":"open","sticky":false,"template":"","format":"standard","meta":[],"categories":[142,144,114],"tags":[],"amp_enabled":true,"_links":{"self":[{"href":"https:\/\/mukom.mondragon.edu\/mondragonfp\/wp-json\/wp\/v2\/posts\/3094"}],"collection":[{"href":"https:\/\/mukom.mondragon.edu\/mondragonfp\/wp-json\/wp\/v2\/posts"}],"about":[{"href":"https:\/\/mukom.mondragon.edu\/mondragonfp\/wp-json\/wp\/v2\/types\/post"}],"author":[{"embeddable":true,"href":"https:\/\/mukom.mondragon.edu\/mondragonfp\/wp-json\/wp\/v2\/users\/289"}],"replies":[{"embeddable":true,"href":"https:\/\/mukom.mondragon.edu\/mondragonfp\/wp-json\/wp\/v2\/comments?post=3094"}],"version-history":[{"count":26,"href":"https:\/\/mukom.mondragon.edu\/mondragonfp\/wp-json\/wp\/v2\/posts\/3094\/revisions"}],"predecessor-version":[{"id":6724,"href":"https:\/\/mukom.mondragon.edu\/mondragonfp\/wp-json\/wp\/v2\/posts\/3094\/revisions\/6724"}],"wp:featuredmedia":[{"embeddable":true,"href":"https:\/\/mukom.mondragon.edu\/mondragonfp\/wp-json\/"}],"wp:attachment":[{"href":"https:\/\/mukom.mondragon.edu\/mondragonfp\/wp-json\/wp\/v2\/media?parent=3094"}],"wp:term":[{"taxonomy":"category","embeddable":true,"href":"https:\/\/mukom.mondragon.edu\/mondragonfp\/wp-json\/wp\/v2\/categories?post=3094"},{"taxonomy":"post_tag","embeddable":true,"href":"https:\/\/mukom.mondragon.edu\/mondragonfp\/wp-json\/wp\/v2\/tags?post=3094"}],"curies":[{"name":"wp","href":"https:\/\/api.w.org\/{rel}","templated":true}]}}