{"id":3138,"date":"2020-02-24T07:30:29","date_gmt":"2020-02-24T06:30:29","guid":{"rendered":"http:\/\/mukom.mondragon.edu\/mondragonfp\/?p=3138"},"modified":"2023-03-08T23:19:48","modified_gmt":"2023-03-08T22:19:48","slug":"testimonio-kepa-zeziaga-ex-alumno-fp-diseno-en-fabricacion-mecanica-hoy-dia-estudiante-de-grado-mecatronica","status":"publish","type":"post","link":"https:\/\/mukom.mondragon.edu\/mondragonfp\/es\/2020\/02\/24\/testimonio-kepa-zeziaga-ex-alumno-fp-diseno-en-fabricacion-mecanica-hoy-dia-estudiante-de-grado-mecatronica\/","title":{"rendered":"Testimonio de Kepa Zeziaga, ex alumno de  FP Dise\u00f1o en Fabricaci\u00f3n Mec\u00e1nica, hoy d\u00eda estudiante de Grado mecatr\u00f3nica"},"content":{"rendered":"<p>Kepa Zeziaga es ex alumno del ciclo formativo de grado superior en <a href=\"https:\/\/www.mondragon.edu\/es\/formacion-profesional-diseno-fabricacion-mecanica\">Dise\u00f1o en Fabricaci\u00f3n Mec\u00e1nica<\/a>, y hoy en d\u00eda cursa <a href=\"https:\/\/www.mondragon.edu\/es\/grado-ingenieria-mecatronica\">4. grado de Mecatr\u00f3nica Industrial<\/a> en <a href=\"https:\/\/www.mondragon.edu\/es\/escuela-politecnica-superior\">MGEP<\/a>, conozcamos de cerca su itinerario formativo:<\/p>\n<p><strong>1.- \u00bfQu\u00e9 estudiaste antes de hacer el <a href=\"https:\/\/www.mondragon.edu\/es\/formacion-profesional-diseno-fabricacion-mecanica\">ciclo de Dise\u00f1o<\/a>?<\/strong><\/p>\n<p>Estudi\u00e9 el ciclo de grado medio de Mecanizado, continu\u00e9 con el ciclo de grado superior en <a href=\"https:\/\/www.mondragon.edu\/es\/formacion-profesional-programacion-produccion-fabricacion-mecanica\">Programaci\u00f3n de la Producci\u00f3n<\/a> y finalmente decid\u00ed estudiar el <a href=\"https:\/\/www.mondragon.edu\/es\/formacion-profesional-diseno-fabricacion-mecanica\">ciclo superior de Dise\u00f1o<\/a>.<\/p>\n<div style=\"text-align: center\"><img loading=\"lazy\" class=\"alignnone size-medium\" src=\"https:\/\/live.staticflickr.com\/65535\/49449100451_5a1963a8a2_z.jpg\" width=\"552\" height=\"640\" \/><\/div>\n<div><\/div>\n<div><strong>2.- \u00bfPor qu\u00e9 decidiste hacer un ciclo? \u00bfPor qu\u00e9 el de <a href=\"https:\/\/www.mondragon.edu\/es\/formacion-profesional-diseno-fabricacion-mecanica\">Dise\u00f1o<\/a>?<\/strong><\/div>\n<div><\/div>\n<div>La verdad, es que siempre me ha gusto el dibujo y el dise\u00f1o y por ello me decid\u00ed.<\/div>\n<div><\/div>\n<div><strong>3.- \u00bfQu\u00e9 recuerdas de tus estudios?<\/strong><\/div>\n<div><\/div>\n<div>\u00a0Recuerdo que se trabajaban temas que me gustaban, sobre todo la m\u00e1quina que dise\u00f1amos y construimos a finales del primer curso. Era una clasificadora de latas y envases, trabajamos en \u00e9l un mes sin clases. Clasificaba el acero, aluminio y pl\u00e1stico, funcionaba bien.<\/div>\n<div><\/div>\n<div>\n<div style=\"text-align: center\"><img loading=\"lazy\" class=\"alignnone size-medium\" src=\"https:\/\/live.staticflickr.com\/65535\/49448625343_635e4e130e_z.jpg\" width=\"640\" height=\"482\" \/><\/div>\n<\/div>\n<div><\/div>\n<div>\n<div style=\"text-align: center\"><img loading=\"lazy\" class=\"alignnone size-medium\" src=\"https:\/\/live.staticflickr.com\/65535\/49449331857_4e5f709dd6_z.jpg\" width=\"640\" height=\"422\" \/><\/div>\n<\/div>\n<div><\/div>\n<div><strong>4.- \u00bfTuviste relaci\u00f3n con la industria mientras estudiabas?<\/strong><\/div>\n<div><\/div>\n<div>S\u00ed, estuve en <a href=\"https:\/\/www.mondragon.edu\/es\/formacion-profesional-diseno-fabricacion-mecanica\/formacion-dual-regimen-alternancia\">DUAL<\/a> en la empresa Ulma Packaging. Me dedicaba a hacer planos y despu\u00e9s me qued\u00e9.<\/div>\n<div><\/div>\n<div><strong>5.- \u00bfEst\u00e1s haciendo el <a href=\"https:\/\/www.mondragon.edu\/es\/grados-universitarios\">Grado en Ingenier\u00eda<\/a> teniendo trabajo?<\/strong><\/div>\n<div><\/div>\n<div>Ten\u00eda el reto de seguir estudiando; hasta ahora he trabajado la parte mec\u00e1nica y quer\u00eda conocer tambi\u00e9n la parte Electr\u00f3nica.<\/div>\n<div><\/div>\n<div>Eleg\u00ed el <a href=\"https:\/\/www.mondragon.edu\/es\/grado-ingenieria-mecatronica\">Grado en Mecatr\u00f3nica<\/a>, en <a href=\"https:\/\/www.mondragon.edu\/es\/inicio\">Mondragon Unibertsitatea<\/a>, ya que viniendo del ciclo puedes hacer la carrera en 3 a\u00f1os. Adem\u00e1s estoy haciendo <a href=\"https:\/\/www.mondragon.edu\/es\/formacion-profesional-diseno-fabricacion-mecanica\/formacion-dual-regimen-alternancia\">DUAL<\/a> a media jornada en Ulma.<\/div>\n<div><\/div>\n<div><strong>6.- \u00bfC\u00f3mo has visto trabajar y estudiar el <a href=\"https:\/\/www.mondragon.edu\/es\/grado-ingenieria-mecatronica\">Grado<\/a>?<\/strong><\/div>\n<div><\/div>\n<div>Me he arreglado bien. Eso s\u00ed, hay que estudiar mucho, y eso hay que tenerlo siempre presente.<\/div>\n<div><\/div>\n<div><strong>7.- Para terminar, bas\u00e1ndote en tu experiencia, \u00bfqu\u00e9 recomendar\u00edas hacer a alguien que est\u00e1 dudando?<\/strong><\/div>\n<div><\/div>\n<div>Primero recomendar\u00eda hacer el ciclo, me parece una buena opci\u00f3n, hacer lo que yo hice, sobre todo para saber si te gustar\u00e1 el tema o no y despu\u00e9s hacer el Grado.<\/div>\n<div><\/div>\n<div><\/div>\n<div><\/div>\n","protected":false},"excerpt":{"rendered":"<p>Kepa Zeziaga es ex alumno del ciclo formativo de grado superior en Dise\u00f1o en Fabricaci\u00f3n Mec\u00e1nica, y hoy en d\u00eda cursa 4. grado de Mecatr\u00f3nica Industrial en MGEP, conozcamos de cerca su itinerario formativo: 1.- \u00bfQu\u00e9 estudiaste antes de hacer el ciclo de Dise\u00f1o? Estudi\u00e9 el ciclo de grado medio de Mecanizado, continu\u00e9 con el ciclo de grado superior en Programaci\u00f3n de la Producci\u00f3n y finalmente decid\u00ed estudiar el ciclo superior de Dise\u00f1o. 2.- \u00bfPor qu\u00e9 decidiste hacer un ciclo? \u00bfPor qu\u00e9 el de Dise\u00f1o? La verdad, es que siempre me ha gusto el dibujo y el dise\u00f1o y por ello me decid\u00ed. 3.- \u00bfQu\u00e9 recuerdas de tus estudios? \u00a0Recuerdo que se trabajaban temas que me gustaban, sobre todo la m\u00e1quina que dise\u00f1amos y construimos a finales del primer curso. Era una clasificadora de latas y envases, trabajamos en \u00e9l&#8230;<\/p>\n","protected":false},"author":289,"featured_media":-1,"comment_status":"open","ping_status":"open","sticky":false,"template":"","format":"standard","meta":[],"categories":[237,171,114],"tags":[],"amp_enabled":true,"_links":{"self":[{"href":"https:\/\/mukom.mondragon.edu\/mondragonfp\/wp-json\/wp\/v2\/posts\/3138"}],"collection":[{"href":"https:\/\/mukom.mondragon.edu\/mondragonfp\/wp-json\/wp\/v2\/posts"}],"about":[{"href":"https:\/\/mukom.mondragon.edu\/mondragonfp\/wp-json\/wp\/v2\/types\/post"}],"author":[{"embeddable":true,"href":"https:\/\/mukom.mondragon.edu\/mondragonfp\/wp-json\/wp\/v2\/users\/289"}],"replies":[{"embeddable":true,"href":"https:\/\/mukom.mondragon.edu\/mondragonfp\/wp-json\/wp\/v2\/comments?post=3138"}],"version-history":[{"count":19,"href":"https:\/\/mukom.mondragon.edu\/mondragonfp\/wp-json\/wp\/v2\/posts\/3138\/revisions"}],"predecessor-version":[{"id":6719,"href":"https:\/\/mukom.mondragon.edu\/mondragonfp\/wp-json\/wp\/v2\/posts\/3138\/revisions\/6719"}],"wp:featuredmedia":[{"embeddable":true,"href":"https:\/\/mukom.mondragon.edu\/mondragonfp\/wp-json\/"}],"wp:attachment":[{"href":"https:\/\/mukom.mondragon.edu\/mondragonfp\/wp-json\/wp\/v2\/media?parent=3138"}],"wp:term":[{"taxonomy":"category","embeddable":true,"href":"https:\/\/mukom.mondragon.edu\/mondragonfp\/wp-json\/wp\/v2\/categories?post=3138"},{"taxonomy":"post_tag","embeddable":true,"href":"https:\/\/mukom.mondragon.edu\/mondragonfp\/wp-json\/wp\/v2\/tags?post=3138"}],"curies":[{"name":"wp","href":"https:\/\/api.w.org\/{rel}","templated":true}]}}