{"id":3174,"date":"2020-03-02T09:00:34","date_gmt":"2020-03-02T08:00:34","guid":{"rendered":"http:\/\/mukom.mondragon.edu\/mondragonfp\/?p=3174"},"modified":"2023-03-08T23:16:22","modified_gmt":"2023-03-08T22:16:22","slug":"testimonio-de-julen-maskariano-ex-alumno-de-diseno-en-mgep","status":"publish","type":"post","link":"https:\/\/mukom.mondragon.edu\/mondragonfp\/es\/2020\/03\/02\/testimonio-de-julen-maskariano-ex-alumno-de-diseno-en-mgep\/","title":{"rendered":"Testimonio de Julen Maskariano, Profesional de Dise\u00f1o industrial en el laboratorio de MGEP"},"content":{"rendered":"<p>Julen Maskariano, actual profesional en el Laboratorio de dise\u00f1o industrial de Mondragon Goi Eskola Politeknikoa, estudi\u00f3 anteriormente el ciclo formativo de grado superior de <a href=\"https:\/\/www.mondragon.edu\/es\/formacion-profesional-diseno-fabricacion-mecanica\">Dise\u00f1o en Fabricaci\u00f3n Mec\u00e1nica<\/a> en <a href=\"https:\/\/www.mondragon.edu\/es\/escuela-politecnica-superior\">MGEP<\/a>\u00a0y estos d\u00edas ha presentado en clase al alumnado de este t\u00edtulo cu\u00e1l es el perfil profesional de \u00e9ste y ha explicado\u00a0una muestra importante de actividades tipo que llevan a cabo en dicho laboratorio.<\/p>\n<p>Aprovechando su buena disponibilidad incluimos a qu\u00ed su testimonio.<\/p>\n<p><strong>1.- \u00bfPor qu\u00e9 elegiste estudiar un ciclo formativo de grado superior en <a href=\"https:\/\/www.mondragon.edu\/es\/formacion-profesional-diseno-fabricacion-mecanica\">Dise\u00f1o en Fabricaci\u00f3n Mec\u00e1nica<\/a>?<\/strong><\/p>\n<p>No vi claro estudiar Ingenier\u00eda, y decid\u00ed hacer el ciclo formativo de grado superior. Adem\u00e1s me gustaba mucho el dibujo t\u00e9cnico y este ciclo me parec\u00eda el m\u00e1s completo.<\/p>\n<p><strong>2.- \u00bfPor qu\u00e9 en <a href=\"https:\/\/www.mondragon.edu\/es\/escuela-politecnica-superior\">Mondragon Goi Eskola Politeknikoa<\/a>?<\/strong><\/p>\n<p>Los de la cuadrilla tambi\u00e9n estudiaban aqu\u00ed y estaban muy a gusto. Estuve en jornadas de puertas abiertas en diferentes centros, y viendo el ambiente y los recursos que hab\u00eda, me result\u00f3 muy atractivo. En la jornada de puerta abiertas\u00a0agradec\u00ed la atenci\u00f3n del profesorado all\u00ed rpresente, que me aclararon mis dudas y me dieron todo tipo de explicaciones.<\/p>\n<div style=\"text-align: center\"><img loading=\"lazy\" class=\"alignnone size-medium\" src=\"https:\/\/live.staticflickr.com\/65535\/49467725912_36f7abb30a.jpg\" width=\"500\" height=\"334\" \/><\/div>\n<div><\/div>\n<div><strong>3.-\u00a0 En el proceso de formaci\u00f3n apostaste por el programa DUAL \u00bfQu\u00e9 tal fue tu experiencia trabajando y estudiando?<\/strong><\/div>\n<div><\/div>\n<div>Muy bien, genial, era una opci\u00f3n que me parec\u00eda muy interesante y as\u00ed fue. Adem\u00e1s estuve trabajando a lo largo de todo el 2. curso.<\/div>\n<div>En el laboratorio trabajaba en proyectos para las empresas cliente del equipo de investigaci\u00f3n y me parec\u00eda muy din\u00e1mico, nada mon\u00f3tono, siempre haciendo cosas diferentes. Mi\u00a0trabajo actual es as\u00ed \u00a0y es parte de su atractivo, al menos yo agradezco mucho esa variedad de tareas y ese servicio personalizado, seg\u00fan la necesidad.<\/div>\n<div><\/div>\n<div><strong>4.- \u00bfY ahora en qu\u00e9 trabajas?<\/strong><\/div>\n<div><\/div>\n<div>Actualmente trabajo\u00a0en el mismo laboratorio, realizando tareas vinculadas al dise\u00f1o propiamente, dise\u00f1o de herramientas y m\u00e1quinas.<\/div>\n<div>Me toca corregir, perfeccionar y simplificar unos\u00a0 dise\u00f1os\u00a0previamente desarrollados.<\/div>\n<div>De vez en cuando tambi\u00e9n me toca mecanizar alguna cosa, o hacer reparaciones y ajustes necesarios para el montaje.<\/div>\n<div>Tambi\u00e9n puedo hacer testeos, controles, realizar mediciones de las caracter\u00edsticas de los materiales<\/div>\n<div>Y no s\u00f3lo eso, hasta ahora he trabajado mucho los metales, pero ahora, con la fabricaci\u00f3n de los aditivos e impresoras 3D, dise\u00f1o tambi\u00e9n en diferentes pl\u00e1sticos.<\/div>\n<div><\/div>\n<div><strong>5.- \u00bfUtilizas en el trabajo lo que has estudiado?<\/strong><\/div>\n<div><\/div>\n<div>S\u00ed, sin duda,\u00a0en mi trabajo me toca aplicar continuamente\u00a0lo que he estudiado, tambi\u00e9n me ha tocado dise\u00f1ar moldes, tanto para metales, pl\u00e1sticos, otros materiales. De vez en cuando tambi\u00e9n tengo que realizar c\u00e1lculos r\u00e1pidos para dimensionar, alg\u00fan elemento, eje, viga.<\/div>\n<div><\/div>\n<div><strong>6.- \u00bfte gustar\u00eda hacer una recomendaci\u00f3n?<\/strong><\/div>\n<div><\/div>\n<div>\u00a0Si por supuesto. Mi experiencia en\u00a0\u00a0<a href=\"https:\/\/www.mondragon.edu\/es\/escuela-politecnica-superior\">MGEP<\/a>\u00a0ha sido muy satisfactoria. Animar\u00eda a quien este dudando en realizar este ciclo, que se animen y vean las instalaciones. Hay muchos medios y muy buenos, peque\u00f1os grupos y el profesorado adem\u00e1s de ser profesional, es\u00a0accesible, muy cercano\u00a0. La metodolog\u00eda del proceso de formaci\u00f3n, con proyectos dise\u00f1ados en base a retos es una opci\u00f3n clave, aprendes mucho y pones en pr\u00e1ctica de una forma real lo\u00a0aprendido en clase. Es una forma clave para adquirir \u00a0conocimientos. Y por\u00a0 \u00faltimo, animar\u00eda sin duda a entrar en\u00a0\u00a0<a href=\"https:\/\/www.mondragon.edu\/es\/formacion-profesional-diseno-fabricacion-mecanica\/formacion-dual-regimen-alternancia\">DUAL<\/a>\u00a0creo que te abre\u00a0a\u00fan m\u00e1s oportunidades.<\/div>\n<div><\/div>\n<div>Gracias Julen, testimonios como el tuyo contribuyen a entender mejor el trabajo de un profesional en dise\u00f1o industrial.<\/div>\n<div><\/div>\n<div><\/div>\n<div><\/div>\n","protected":false},"excerpt":{"rendered":"<p>Julen Maskariano, actual profesional en el Laboratorio de dise\u00f1o industrial de Mondragon Goi Eskola Politeknikoa, estudi\u00f3 anteriormente el ciclo formativo de grado superior de Dise\u00f1o en Fabricaci\u00f3n Mec\u00e1nica en MGEP\u00a0y estos d\u00edas ha presentado en clase al alumnado de este t\u00edtulo cu\u00e1l es el perfil profesional de \u00e9ste y ha explicado\u00a0una muestra importante de actividades tipo que llevan a cabo en dicho laboratorio. Aprovechando su buena disponibilidad incluimos a qu\u00ed su testimonio. 1.- \u00bfPor qu\u00e9 elegiste estudiar un ciclo formativo de grado superior en Dise\u00f1o en Fabricaci\u00f3n Mec\u00e1nica? No vi claro estudiar Ingenier\u00eda, y decid\u00ed hacer el ciclo formativo de grado superior. Adem\u00e1s me gustaba mucho el dibujo t\u00e9cnico y este ciclo me parec\u00eda el m\u00e1s completo. 2.- \u00bfPor qu\u00e9 en Mondragon Goi Eskola Politeknikoa? Los de la cuadrilla tambi\u00e9n estudiaban aqu\u00ed y estaban muy a gusto. Estuve en jornadas&#8230;<\/p>\n","protected":false},"author":289,"featured_media":-1,"comment_status":"open","ping_status":"open","sticky":false,"template":"","format":"standard","meta":[],"categories":[171,219,144,114],"tags":[],"amp_enabled":true,"_links":{"self":[{"href":"https:\/\/mukom.mondragon.edu\/mondragonfp\/wp-json\/wp\/v2\/posts\/3174"}],"collection":[{"href":"https:\/\/mukom.mondragon.edu\/mondragonfp\/wp-json\/wp\/v2\/posts"}],"about":[{"href":"https:\/\/mukom.mondragon.edu\/mondragonfp\/wp-json\/wp\/v2\/types\/post"}],"author":[{"embeddable":true,"href":"https:\/\/mukom.mondragon.edu\/mondragonfp\/wp-json\/wp\/v2\/users\/289"}],"replies":[{"embeddable":true,"href":"https:\/\/mukom.mondragon.edu\/mondragonfp\/wp-json\/wp\/v2\/comments?post=3174"}],"version-history":[{"count":12,"href":"https:\/\/mukom.mondragon.edu\/mondragonfp\/wp-json\/wp\/v2\/posts\/3174\/revisions"}],"predecessor-version":[{"id":6717,"href":"https:\/\/mukom.mondragon.edu\/mondragonfp\/wp-json\/wp\/v2\/posts\/3174\/revisions\/6717"}],"wp:featuredmedia":[{"embeddable":true,"href":"https:\/\/mukom.mondragon.edu\/mondragonfp\/wp-json\/"}],"wp:attachment":[{"href":"https:\/\/mukom.mondragon.edu\/mondragonfp\/wp-json\/wp\/v2\/media?parent=3174"}],"wp:term":[{"taxonomy":"category","embeddable":true,"href":"https:\/\/mukom.mondragon.edu\/mondragonfp\/wp-json\/wp\/v2\/categories?post=3174"},{"taxonomy":"post_tag","embeddable":true,"href":"https:\/\/mukom.mondragon.edu\/mondragonfp\/wp-json\/wp\/v2\/tags?post=3174"}],"curies":[{"name":"wp","href":"https:\/\/api.w.org\/{rel}","templated":true}]}}