{"id":3299,"date":"2020-04-22T14:21:41","date_gmt":"2020-04-22T12:21:41","guid":{"rendered":"http:\/\/mukom.mondragon.edu\/mondragonfp\/?p=3299"},"modified":"2023-03-08T10:41:15","modified_gmt":"2023-03-08T09:41:15","slug":"arranque-de-acciones-de-orientacion-para-el-programa-dual-empresa-con-fagor-ederlan-en-primero-ciclos-fp-de-mgep","status":"publish","type":"post","link":"https:\/\/mukom.mondragon.edu\/mondragonfp\/es\/2020\/04\/22\/arranque-de-acciones-de-orientacion-para-el-programa-dual-empresa-con-fagor-ederlan-en-primero-ciclos-fp-de-mgep\/","title":{"rendered":"Arranque de acciones de orientaci\u00f3n para el Programa DUAL empresa con Fagor Ederlan en primero Ciclos FP de MGEP"},"content":{"rendered":"<p>El 10 de marzo,\u00a0\u00a0la\u00a0<a href=\"https:\/\/www.mondragon.edu\/es\/ciclos-formativos-grado-superior\/oferta-formacion-profesional\">Formaci\u00f3n Profesional de Ciclo Superior<\/a>\u00a0de\u00a0<a href=\"https:\/\/www.mondragon.edu\/es\/ciclos-formativos-grado-superior\/oferta-formacion-profesional\">MGEP<\/a>\u00a0arrancamos con el proceso de\u00a0comunicaci\u00f3n y orientaci\u00f3n del\u00a0<a href=\"https:\/\/www.mondragon.edu\/es\/formacion-profesional-automatizacion-robotica-industrial\/practicas-empresa\">Programa DUAL<\/a>.\u00a0 \u00a0Esta vez tuvimos como\u00a0representantes de empresa a Josemi Roman (responsable de Talento de Fagor Ederlan) y Rakel Belategi (responsable de Formaci\u00f3n, futuros profesionales de Fagor Ederlan Group), que aprovecharon la ocasi\u00f3n para trasladar a los alumnos y alumnas\u00a0\u00a0de 1. curso de\u00a0<a href=\"https:\/\/www.mondragon.edu\/es\/ciclos-formativos-grado-superior\/oferta-formacion-profesional\">Formaci\u00f3n Profesional de Ciclo Superior<\/a>\u00a0la oferta de Fagor Ederlan Group en torno a la <a href=\"https:\/\/www.mondragon.edu\/es\/formacion-profesional-automatizacion-robotica-industrial\/practicas-empresa\">DUAL<\/a>.<\/p>\n<p>Los alumnos y alumnas que han participado han sido, los grupos de 1\u00ba curso de estas especialidades:<\/p>\n<ul>\n<li><strong>ROB\u00d3TICA<\/strong>,\u00a0<a href=\"https:\/\/www.mondragon.edu\/es\/formacion-profesional-automatizacion-robotica-industrial\">Automatizaci\u00f3n y Rob\u00f3tica Industrial<\/a>.<\/li>\n<li><strong>MECATR\u00d3NICA<\/strong>,\u00a0<a href=\"https:\/\/www.mondragon.edu\/es\/formacion-profesional-mecatronica-industrial\">Mecatr\u00f3nica Industrial.<\/a><\/li>\n<li><strong>MECANIZADO<\/strong>,\u00a0<a href=\"https:\/\/www.mondragon.edu\/es\/formacion-profesional-programacion-produccion-fabricacion-mecanica\">Programaci\u00f3n de la Producci\u00f3n en Fabricaci\u00f3n Mec\u00e1nica<\/a>.<\/li>\n<\/ul>\n<p>Josemi Roman ha <strong>presentado los negocios de Fagor Ederlan,<\/strong>\u00a0las plantas que tienen alrededor del mundo, sus clientes, diferentes tipos (Oems o ensambladores y Tier 1), ha mostrado unos datos econ\u00f3micos\u00a0 y ha explicado las diferencias\u00a0 de ser una cooperativa.<\/p>\n<p>Despu\u00e9s han entrado directamente en temas vinculados a Talento, perfil de personas que buscan y la singularidad de\u00a0su gobernanza y valores de\u00a0 responsabilidad social que ofrecen, adem\u00e1s de su proyecto DUAL.<\/p>\n<p>&nbsp;<\/p>\n<div style=\"text-align: center\"><img loading=\"lazy\" class=\"alignnone size-medium\" src=\"https:\/\/live.staticflickr.com\/65535\/49642656848_828d00b5c5_b.jpg\" width=\"1024\" height=\"555\" \/><\/div>\n<div style=\"text-align: center\"><strong>Alumnos y alumnas de ROB\u00d3TICA de MGEP<\/strong>,\u00a0<a href=\"https:\/\/www.mondragon.edu\/es\/formacion-profesional-automatizacion-robotica-industrial\">Automatizaci\u00f3n y Rob\u00f3tica Industrial<\/a>.<\/div>\n<div style=\"text-align: center\"><img loading=\"lazy\" class=\"alignnone size-medium\" src=\"https:\/\/live.staticflickr.com\/65535\/49643180836_022e25546c_b.jpg\" width=\"1024\" height=\"628\" \/><\/div>\n<div style=\"text-align: center\"><strong>Alumnos y alumnas de\u00a0MECATR\u00d3NICA<\/strong>,\u00a0<a href=\"https:\/\/www.mondragon.edu\/es\/formacion-profesional-mecatronica-industrial\">Mecatr\u00f3nica Industrial.<\/a><\/div>\n<div>\n<div style=\"text-align: center\"><img loading=\"lazy\" class=\"alignnone size-medium\" src=\"https:\/\/live.staticflickr.com\/65535\/49642656808_170babcd5d_b.jpg\" width=\"1024\" height=\"630\" \/><\/div>\n<div>\n<div>\n<p style=\"text-align: center\"><strong>\u00a0Alumnos y alumnas de\u00a0MECANIZADO<\/strong>,\u00a0<a href=\"https:\/\/www.mondragon.edu\/es\/formacion-profesional-programacion-produccion-fabricacion-mecanica\">Programaci\u00f3n de la Producci\u00f3n en Fabricaci\u00f3n Mec\u00e1nica<\/a>.<\/p>\n<\/div>\n<\/div>\n<\/div>\n","protected":false},"excerpt":{"rendered":"<p>El 10 de marzo,\u00a0\u00a0la\u00a0Formaci\u00f3n Profesional de Ciclo Superior\u00a0de\u00a0MGEP\u00a0arrancamos con el proceso de\u00a0comunicaci\u00f3n y orientaci\u00f3n del\u00a0Programa DUAL.\u00a0 \u00a0Esta vez tuvimos como\u00a0representantes de empresa a Josemi Roman (responsable de Talento de Fagor Ederlan) y Rakel Belategi (responsable de Formaci\u00f3n, futuros profesionales de Fagor Ederlan Group), que aprovecharon la ocasi\u00f3n para trasladar a los alumnos y alumnas\u00a0\u00a0de 1. curso de\u00a0Formaci\u00f3n Profesional de Ciclo Superior\u00a0la oferta de Fagor Ederlan Group en torno a la DUAL. Los alumnos y alumnas que han participado han sido, los grupos de 1\u00ba curso de estas especialidades: ROB\u00d3TICA,\u00a0Automatizaci\u00f3n y Rob\u00f3tica Industrial. MECATR\u00d3NICA,\u00a0Mecatr\u00f3nica Industrial. MECANIZADO,\u00a0Programaci\u00f3n de la Producci\u00f3n en Fabricaci\u00f3n Mec\u00e1nica. Josemi Roman ha presentado los negocios de Fagor Ederlan,\u00a0las plantas que tienen alrededor del mundo, sus clientes, diferentes tipos (Oems o ensambladores y Tier 1), ha mostrado unos datos econ\u00f3micos\u00a0 y ha explicado las diferencias\u00a0 de ser una cooperativa&#8230;.<\/p>\n","protected":false},"author":141,"featured_media":-1,"comment_status":"open","ping_status":"open","sticky":false,"template":"","format":"standard","meta":[],"categories":[213,171,223,114,169],"tags":[],"amp_enabled":true,"_links":{"self":[{"href":"https:\/\/mukom.mondragon.edu\/mondragonfp\/wp-json\/wp\/v2\/posts\/3299"}],"collection":[{"href":"https:\/\/mukom.mondragon.edu\/mondragonfp\/wp-json\/wp\/v2\/posts"}],"about":[{"href":"https:\/\/mukom.mondragon.edu\/mondragonfp\/wp-json\/wp\/v2\/types\/post"}],"author":[{"embeddable":true,"href":"https:\/\/mukom.mondragon.edu\/mondragonfp\/wp-json\/wp\/v2\/users\/141"}],"replies":[{"embeddable":true,"href":"https:\/\/mukom.mondragon.edu\/mondragonfp\/wp-json\/wp\/v2\/comments?post=3299"}],"version-history":[{"count":12,"href":"https:\/\/mukom.mondragon.edu\/mondragonfp\/wp-json\/wp\/v2\/posts\/3299\/revisions"}],"predecessor-version":[{"id":6696,"href":"https:\/\/mukom.mondragon.edu\/mondragonfp\/wp-json\/wp\/v2\/posts\/3299\/revisions\/6696"}],"wp:featuredmedia":[{"embeddable":true,"href":"https:\/\/mukom.mondragon.edu\/mondragonfp\/wp-json\/"}],"wp:attachment":[{"href":"https:\/\/mukom.mondragon.edu\/mondragonfp\/wp-json\/wp\/v2\/media?parent=3299"}],"wp:term":[{"taxonomy":"category","embeddable":true,"href":"https:\/\/mukom.mondragon.edu\/mondragonfp\/wp-json\/wp\/v2\/categories?post=3299"},{"taxonomy":"post_tag","embeddable":true,"href":"https:\/\/mukom.mondragon.edu\/mondragonfp\/wp-json\/wp\/v2\/tags?post=3299"}],"curies":[{"name":"wp","href":"https:\/\/api.w.org\/{rel}","templated":true}]}}