{"id":3515,"date":"2020-04-08T13:27:17","date_gmt":"2020-04-08T11:27:17","guid":{"rendered":"http:\/\/mukom.mondragon.edu\/mondragonfp\/?p=3515"},"modified":"2023-03-08T10:56:24","modified_gmt":"2023-03-08T09:56:24","slug":"mgep-ciclos-fp-2020-practicas-en-el-extranjero-erasmus","status":"publish","type":"post","link":"https:\/\/mukom.mondragon.edu\/mondragonfp\/es\/2020\/04\/08\/mgep-ciclos-fp-2020-practicas-en-el-extranjero-erasmus\/","title":{"rendered":"MGEP Ciclos FP 2020:  pr\u00e1cticas\u00a0 en el extranjero (Erasmus+)"},"content":{"rendered":"<p>5 alumnos\u00a0de <a href=\"https:\/\/www.mondragon.edu\/es\/ciclos-formativos-grado-superior\/oferta-formacion-profesional\">ciclos formativos de grado superior<\/a> de <a href=\"https:\/\/www.mondragon.edu\/es\/escuela-politecnica-superior\">Mondragon Goi Eskola Politeknikoa<\/a>,\u00a0\u00a0fueron los candidatos elegidos para disfrutar de\u00a0la experiencia de movilidad durante 3 meses gracias al programa <a href=\"https:\/\/www.mondragon.edu\/es\/formacion-profesional-mecatronica-industrial\/practicas-extranjero\">Erasmus<\/a>\u00a0+, incluimos la imagen donde se materializ\u00f3 la entrega de la beca Erasmus+:.<\/p>\n<div style=\"text-align: center\"><img loading=\"lazy\" class=\"alignnone size-medium\" src=\"https:\/\/live.staticflickr.com\/65535\/49613109846_71b82b444c_c.jpg\" width=\"799\" height=\"368\" \/><\/div>\n<div style=\"text-align: center\"><em>Los 5 alumnos de <a href=\"https:\/\/www.mondragon.edu\/es\/ciclos-formativos-grado-superior\/oferta-formacion-profesional\">CFGS<\/a> de <a href=\"https:\/\/www.mondragon.edu\/es\/escuela-politecnica-superior\">MGEP<\/a> tuvieron la oportunidad de hacer pr\u00e1cticas en el extranjero<\/em><\/div>\n<div style=\"text-align: center\"><\/div>\n<div style=\"text-align: left\">Algunos de estos alumnos, obtuvieron la beca mediante el proceso est\u00e1ndar de programa <a href=\"https:\/\/www.mondragon.edu\/es\/formacion-profesional-mecatronica-industrial\/practicas-extranjero\">Erasmus<\/a>.\u00a0 \u00a0Adem\u00e1s, y por dos cursos\u00a0\u00a0consecutivos, se promueve esta experiencia de movilidad o <a href=\"https:\/\/www.mondragon.edu\/es\/formacion-profesional-mecatronica-industrial\/practicas-extranjero\">Erasmus<\/a> a alumnos que realizan el camino del DUAL en <a href=\"https:\/\/www.mondragon.edu\/es\/escuela-politecnica-superior\">Mondragon Goi Eskola Politeknikoa<\/a>. Es de mencionar que el a\u00f1o pasado fue <a href=\"https:\/\/www.mondragon.edu\/es\/escuela-politecnica-superior\">MGEP<\/a> la \u00fanica entidad a nivel Euskal Herria que ofreci\u00f3 esta oportunidad a alumnos de Ciclos Formativos.<\/div>\n<div style=\"text-align: left\"><\/div>\n<div style=\"text-align: left\">El programa <a href=\"https:\/\/www.mondragon.edu\/es\/formacion-profesional-mecatronica-industrial\/practicas-extranjero\">Erasmus +<\/a>\u00a0lleva a\u00f1os trabajando dando acceso a experiencias de movilidad a nivel Europeo a alumnos de 2. curso de <a href=\"https:\/\/www.mondragon.edu\/es\/ciclos-formativos-grado-superior\/oferta-formacion-profesional\">Ciclos Formativos<\/a>. Aun as\u00ed, los alumnos de la modalidad DUAL (alumnos que realizan alternancia estudio-trabajo durante el 2. curso) quedaban fuera del programa. Esto llev\u00f3 a <a href=\"https:\/\/www.mondragon.edu\/es\/escuela-politecnica-superior\">Mondragon Goi Eskola Politeknikoa<\/a> a abrir nuevos caminos con las empresas y dise\u00f1ar una nueva estrategia que beneficiara a todos.<\/div>\n<div style=\"text-align: left\"><\/div>\n<div style=\"text-align: left\">El programa <a href=\"https:\/\/www.mondragon.edu\/es\/formacion-profesional-mecatronica-industrial\/practicas-extranjero\">Erasmus +<\/a>\u00a0tiene cada vez m\u00e1s aceptaci\u00f3n en los ciclos formativos, y esto se confirma viendo a los alumnos que hacen la petici\u00f3n y el n\u00famero de becas que se ofrecen. <a href=\"https:\/\/www.mondragon.edu\/es\/escuela-politecnica-superior\">Mondragon Goi Eskola Politeknikoa<\/a> cree que este tipos de experiencias hay que impulsarlas y por ello, trabaja en nuevos caminos.<\/div>\n<div style=\"text-align: left\"><\/div>\n<div style=\"text-align: left\">Esta a\u00f1o,\u00a0\u00e9stas\u00a0 han sido nuestras ofertas para las pr\u00e1cticas en el extranjero o ofertas de <a href=\"https:\/\/www.mondragon.edu\/es\/formacion-profesional-mecatronica-industrial\/practicas-extranjero\">Erasmus+<\/a>: de los cinco alumnos que viajar\u00edan en marzo, alguno\u00a0iba a <strong>Mil\u00e1n (Italia)<\/strong>, <strong>Praga (Rep\u00fablica Checa)<\/strong>, <strong>Vlissingen (Holanda)<\/strong> y concretamente 2 alumnos a <strong>Cluj (Ruman\u00eda)<\/strong>, entre otros. Para algunos, ser\u00e1 la primera experiencia que tendr\u00e1n en la empresa, pero para los que han realizado el camino DUAL, Europa les han dirigido a otra filiales. \u00c9ste \u00faltimo, es la empresa\u00a0\u00a0<strong>Ulma Packaging,<\/strong> que ofrece la oportunidad a un alumno de <a href=\"https:\/\/www.mondragon.edu\/es\/formacion-profesional-mecatronica-industrial\">Mecatr\u00f3nica<\/a> y otro de <a href=\"https:\/\/www.mondragon.edu\/es\/formacion-profesional-automatizacion-robotica-industrial\">Automatizaci\u00f3n y Rob\u00f3tica<\/a>\u00a0para ir a la planta productiva que ellos tienen en Ruman\u00eda.<\/div>\n<div style=\"text-align: left\"><\/div>\n<div style=\"text-align: center\">\n<div><img loading=\"lazy\" class=\"alignnone size-medium\" src=\"https:\/\/live.staticflickr.com\/65535\/49666842787_f41fbf8723_b.jpg\" width=\"1024\" height=\"576\" \/><\/div>\n<div><em>\u00a0En esta foto los 2 alumnos de <a href=\"https:\/\/www.mondragon.edu\/es\/ciclos-formativos-grado-superior\/oferta-formacion-profesional\">CFGS<\/a> de <a href=\"https:\/\/www.mondragon.edu\/es\/escuela-politecnica-superior\">MGEP<\/a> (\u00a0<a href=\"https:\/\/www.mondragon.edu\/es\/formacion-profesional-mecatronica-industrial\">Mecatr\u00f3nica industrial<\/a>\u00a0 y <a href=\"https:\/\/www.mondragon.edu\/es\/formacion-profesional-automatizacion-robotica-industrial\">Automatizaci\u00f3n y Rob\u00f3tica Industrial<\/a>) en la planta de Ruman\u00eda de Ulma Packaging<\/em><\/div>\n<\/div>\n<div><\/div>\n<div style=\"text-align: center\"><\/div>\n<div style=\"text-align: center\"><\/div>\n<div>Aun as\u00ed,\u00a0y debido principalmente a la situaci\u00f3n que estamos viviendo con el\u00a0\u00a0COVID19 en nuestro territorio y fuera de \u00e9l , esto ha impactado de forma diferente en cada unos de nuestros 5 alumnos. Veamos a continuaci\u00f3n lo ocurrido en cada caso:<\/div>\n<div><\/div>\n<div>\n<ul>\n<li>El alumno que viajar\u00eda a Italia se qued\u00f3 en casa, ya que la situaci\u00f3n de Italia se\u00a0activ\u00f3 incluso antes que en Espa\u00f1a. Qued\u00f3 por tanto en tierra, con idea de iniciar la FCT en una empresa, que tambi\u00e9n tom\u00f3 la decisi\u00f3n de\u00a0enviar a lo\/as alumno\/as a\u00a0 casa.<\/li>\n<li>El alumno que viaj\u00f3 a Chequia sigue all\u00ed, pero tuvo que permanecer 2 semanas en aislamiento antes de empezar a trabajar (fue un protocolo activado para personas que viajaban desde Espa\u00f1a). Actualmente est\u00e1 realizando las pr\u00e1cticas con total normalidad.<\/li>\n<li>El alumno que est\u00e1 en Holanda se encuentra bien, trabajando, en una situaci\u00f3n perfectamente normal (<a href=\"https:\/\/www.mondragon.edu\/es\/formacion-profesional-mecatronica-industrial\">Mecatr\u00f3nica Industrial<\/a>).<\/li>\n<li>Y los dos alumnos que viajaron a Ruman\u00eda se encontraban all\u00ed hasta que\u00a0la empresa\u00a0decidiera por medidas de seguridad traerlos aqu\u00ed .<\/li>\n<\/ul>\n<p>Y en la siguiente foto tenemos a Iker Zubizarreta (<a href=\"https:\/\/www.mondragon.edu\/es\/formacion-profesional-mecatronica-industrial\">Mecatr\u00f3nica Industrial<\/a>) en el avi\u00f3n, de vuelta a casa. La fotograf\u00eda la hizo Be\u00f1at Mugica (alumno de <a href=\"https:\/\/www.mondragon.edu\/es\/formacion-profesional-automatizacion-robotica-industrial\">Automatizaci\u00f3n y Rob\u00f3tica<\/a>).<\/p>\n<div style=\"text-align: center\"><img loading=\"lazy\" class=\"alignnone size-medium\" src=\"https:\/\/live.staticflickr.com\/65535\/49665241156_f18da7fe78_h.jpg\" width=\"900\" height=\"1600\" \/><\/div>\n<\/div>\n<div>\n<div style=\"text-align: center\">\n<div><img loading=\"lazy\" class=\"alignnone size-medium\" src=\"https:\/\/live.staticflickr.com\/65535\/49749475857_f72971226f.jpg\" width=\"500\" height=\"269\" \/><\/div>\n<div><em>I\u00f1igo Regueiro, alumno de\u00a0<a href=\"https:\/\/www.mondragon.edu\/es\/ciclos-formativos-grado-superior\/oferta-formacion-profesional\">CFGS<\/a>\u00a0de\u00a0<a href=\"https:\/\/www.mondragon.edu\/es\/escuela-politecnica-superior\">MGEP\u00a0<\/a>de\u00a0<a href=\"https:\/\/www.mondragon.edu\/es\/formacion-profesional-mecatronica-industrial\">Mecatr\u00f3nica Industrial<\/a>\u00a0trabajando en Holanda<\/em><\/div>\n<\/div>\n<div><\/div>\n<div style=\"text-align: center\"><img loading=\"lazy\" class=\"alignnone size-medium\" src=\"https:\/\/live.staticflickr.com\/65535\/49715434338_4e96a5a1da.jpg\" width=\"281\" height=\"500\" \/><\/div>\n<div style=\"text-align: center\">Julen Zengotita<em>, alumno de\u00a0<a href=\"https:\/\/www.mondragon.edu\/es\/ciclos-formativos-grado-superior\/oferta-formacion-profesional\">CFGS<\/a>\u00a0de\u00a0<a href=\"https:\/\/www.mondragon.edu\/es\/escuela-politecnica-superior\">MGEP\u00a0<\/a>de\u00a0<a href=\"https:\/\/www.mondragon.edu\/es\/formacion-profesional-mecatronica-industrial\">Mecatr\u00f3nica Industrial<\/a>\u00a0\u00a0saludos desde Chequia<\/em><\/div>\n<\/div>\n<div>\u00a1Esperemos que las experiencias de Chequia y Holanda sean enriquecedoras!<\/div>\n<div><\/div>\n<div><\/div>\n<div><\/div>\n<div><\/div>\n<div style=\"text-align: left\"><\/div>\n<div style=\"text-align: left\"><\/div>\n<div style=\"text-align: left\"><\/div>\n<div style=\"text-align: left\"><\/div>\n<div style=\"text-align: left\"><\/div>\n<div style=\"text-align: left\"><\/div>\n<div style=\"text-align: center\"><\/div>\n","protected":false},"excerpt":{"rendered":"<p>5 alumnos\u00a0de ciclos formativos de grado superior de Mondragon Goi Eskola Politeknikoa,\u00a0\u00a0fueron los candidatos elegidos para disfrutar de\u00a0la experiencia de movilidad durante 3 meses gracias al programa Erasmus\u00a0+, incluimos la imagen donde se materializ\u00f3 la entrega de la beca Erasmus+:. Los 5 alumnos de CFGS de MGEP tuvieron la oportunidad de hacer pr\u00e1cticas en el extranjero Algunos de estos alumnos, obtuvieron la beca mediante el proceso est\u00e1ndar de programa Erasmus.\u00a0 \u00a0Adem\u00e1s, y por dos cursos\u00a0\u00a0consecutivos, se promueve esta experiencia de movilidad o Erasmus a alumnos que realizan el camino del DUAL en Mondragon Goi Eskola Politeknikoa. Es de mencionar que el a\u00f1o pasado fue MGEP la \u00fanica entidad a nivel Euskal Herria que ofreci\u00f3 esta oportunidad a alumnos de Ciclos Formativos. El programa Erasmus +\u00a0lleva a\u00f1os trabajando dando acceso a experiencias de movilidad a nivel Europeo a alumnos de 2&#8230;.<\/p>\n","protected":false},"author":289,"featured_media":-1,"comment_status":"open","ping_status":"open","sticky":false,"template":"","format":"standard","meta":[],"categories":[171,114,229],"tags":[],"amp_enabled":true,"_links":{"self":[{"href":"https:\/\/mukom.mondragon.edu\/mondragonfp\/wp-json\/wp\/v2\/posts\/3515"}],"collection":[{"href":"https:\/\/mukom.mondragon.edu\/mondragonfp\/wp-json\/wp\/v2\/posts"}],"about":[{"href":"https:\/\/mukom.mondragon.edu\/mondragonfp\/wp-json\/wp\/v2\/types\/post"}],"author":[{"embeddable":true,"href":"https:\/\/mukom.mondragon.edu\/mondragonfp\/wp-json\/wp\/v2\/users\/289"}],"replies":[{"embeddable":true,"href":"https:\/\/mukom.mondragon.edu\/mondragonfp\/wp-json\/wp\/v2\/comments?post=3515"}],"version-history":[{"count":24,"href":"https:\/\/mukom.mondragon.edu\/mondragonfp\/wp-json\/wp\/v2\/posts\/3515\/revisions"}],"predecessor-version":[{"id":6703,"href":"https:\/\/mukom.mondragon.edu\/mondragonfp\/wp-json\/wp\/v2\/posts\/3515\/revisions\/6703"}],"wp:featuredmedia":[{"embeddable":true,"href":"https:\/\/mukom.mondragon.edu\/mondragonfp\/wp-json\/"}],"wp:attachment":[{"href":"https:\/\/mukom.mondragon.edu\/mondragonfp\/wp-json\/wp\/v2\/media?parent=3515"}],"wp:term":[{"taxonomy":"category","embeddable":true,"href":"https:\/\/mukom.mondragon.edu\/mondragonfp\/wp-json\/wp\/v2\/categories?post=3515"},{"taxonomy":"post_tag","embeddable":true,"href":"https:\/\/mukom.mondragon.edu\/mondragonfp\/wp-json\/wp\/v2\/tags?post=3515"}],"curies":[{"name":"wp","href":"https:\/\/api.w.org\/{rel}","templated":true}]}}