{"id":3880,"date":"2020-06-01T18:17:00","date_gmt":"2020-06-01T16:17:00","guid":{"rendered":"http:\/\/mukom.mondragon.edu\/mondragonfp\/?p=3880"},"modified":"2023-03-08T10:17:24","modified_gmt":"2023-03-08T09:17:24","slug":"testimonio-de-asier-aldai-alumno-de-mecatronica-industrial-y-de-dual","status":"publish","type":"post","link":"https:\/\/mukom.mondragon.edu\/mondragonfp\/es\/2020\/06\/01\/testimonio-de-asier-aldai-alumno-de-mecatronica-industrial-y-de-dual\/","title":{"rendered":"Testimonio de Asier Aldai, alumno DUAL Mecatr\u00f3nica Industrial  MGEP"},"content":{"rendered":"<p>Asier Aldai es un alumno de <a href=\"https:\/\/www.mondragon.edu\/es\/escuela-politecnica-superior\">MGEP<\/a> que est\u00e1 haciendo el <a href=\"https:\/\/www.mondragon.edu\/es\/formacion-profesional-mecatronica-industrial\/formacion-dual-regimen-alternancia\">DUAL<\/a> en el <a href=\"https:\/\/www.mondragon.edu\/es\/formacion-profesional-mecatronica-industrial\">CFGS de Mecatr\u00f3nica Industrial<\/a> y nos ha dejado su testimonio:<\/p>\n<p><strong>1.- Dinos tu nombre y apellidos y que titulaci\u00f3n est\u00e1s cursando:<\/strong><\/p>\n<p>Soy Asier Aldai naiz y estoy estudiando <a href=\"https:\/\/www.mondragon.edu\/es\/formacion-profesional-mecatronica-industrial\">Mecatr\u00f3nica Industrial<\/a> en <a href=\"https:\/\/www.mondragon.edu\/es\/escuela-politecnica-superior\">MGEP<\/a>.<\/p>\n<p><strong>2.- \u00bfQue te llev\u00f3 a estudiar un ciclo?<\/strong><\/p>\n<p>Trabaj\u00e9 durante 2 a\u00f1os en una tienda de Inform\u00e1tica y mi horario y sueldo no eran buenos, y por ello decid\u00ed volver a estudiar. Siempre me han interesado los temas de mantenimiento y me pareci\u00f3 una buena idea para salir de esa tienda.<\/p>\n<div><strong>3.- \u00bfPor qu\u00e9\u00a0<a href=\"https:\/\/www.mondragon.edu\/es\/escuela-politecnica-superior\">MGEP<\/a>?<\/strong><\/div>\n<div>\n<p>Soy de Durango y conoc\u00eda un compa\u00f1ero de clase y los dos pod\u00edamos ir en coche. <a href=\"https:\/\/www.mondragon.edu\/es\/escuela-politecnica-superior\">MGEP<\/a> le da un empuj\u00f3n al tema DUAL y por eso lo eleg\u00ed, s\u00ed o s\u00ed quer\u00eda hacer <a href=\"https:\/\/www.mondragon.edu\/es\/formacion-profesional-mecatronica-industrial\/formacion-dual-regimen-alternancia\">DUAL<\/a>.<\/p>\n<p><strong>4.- En este ciclo formativo trabaj\u00e1is con la\u00a0<\/strong><strong><u><a href=\"https:\/\/www.mondragon.edu\/es\/formacion-profesional-mecatronica-industrial\/aprender-haciendo\">metodolog\u00eda activa ETHAZI<\/a>,<\/u><\/strong><strong>\u00a0es decir, trabajando las funciones profesionales haciendo retos en equipo. \u00bfQu\u00e9 tipo de retos hab\u00e9is realizado?<\/strong><\/p>\n<\/div>\n<p>Creo que es un m\u00e9todo mas efectivo que hacer ex\u00e1menes, est\u00e1 muy bien hacer pr\u00e1cticas en grupo y al hacer <a href=\"https:\/\/www.mondragon.edu\/es\/formacion-profesional-mecatronica-industrial\/aprender-haciendo\">retos<\/a> se consigue mas pr\u00e1ctica, tambi\u00e9n se le pone mas ganas que haciendo ex\u00e1menes y por lo tanto se aprende m\u00e1s.<\/p>\n<p><strong>5.- \u00bfCu\u00e1ndo has empezado en\u00a0<a href=\"https:\/\/www.mondragon.edu\/es\/formacion-profesional-mecatronica-industrial\/formacion-dual-regimen-alternancia\">DUAL<\/a>?<\/strong><\/p>\n<p>Al principio he estado en Fagor Ederlan como maquinista, para conocer los elementos b\u00e1sicos y adaptarme al ritmo de trabajo. Despu\u00e9s he empezado a hacer autocontroles y antes de empezar el tema del coronavirus arreglaba herramientas y aparatos. La relaci\u00f3n con el resto de trabajadores ha sido muy buena desde el principio.<\/p>\n<p><strong>6.- \u00bfQu\u00e9 se hace en \u00e9sta empresa? \u00bfQu\u00e9 importancia tiene tu trabajo?<\/strong><\/p>\n<p>Es una empresa dentro de la corporaci\u00f3n Mondragon, es un mundo muy amplio y su sede central est\u00e1 en Eskoriatza.<\/p>\n<p>Ederlan automoci\u00f3n es uno de los proveedores mas importantes a nivel mundial. Por ejemplo es proveedor de marcas como por ejemplo: Ford, Renault, BMW&#8230; Por ejemplo en componentes como chassis y powertrain son los mas importantes a nivel mundial.<\/p>\n<p>A la hora de hacer las piezas ten\u00eda que trabajar con mucho cuidado. Por ejemplo, poros, tolerancias ect. Es muy importante mirar bien las piezas, ya que si \u00e1stas llegan con fallos al cliente, la empresa Ederlan recibe una reclamaci\u00f3n. Si se montar una pieza mala y el coche tiene alg\u00fan problema por ello, Ederlan debe pagar una multa al cliente. Esto se tiene muy interiorizado desde el principio.<\/p>\n<p>Lo mejor es trabajar despacio y bien, ya que si se hacen las cosas mal, hay peligro de tener que parar la m\u00e1quina y eso hace que la empresa pierda dinero.<\/p>\n<div style=\"text-align: center\"><img loading=\"lazy\" class=\"alignnone size-medium\" src=\"https:\/\/live.staticflickr.com\/65535\/49798199788_72ebdf956a.jpg\" width=\"427\" height=\"500\" \/><\/div>\n<p><strong>8.- \u00bfHas utilizado en la empresa cosas aprendidas en clase<\/strong><strong>?<\/strong><\/p>\n<p>Al principio necesit\u00e9 tiempo hasta conocer bien el entorno de trabajo, pero poco a poco y sobre todo al hacer arreglos en herramientas, he utilizado los conocimientos adquiridos en clase.<\/p>\n<p>Adem\u00e1s, hemos tenido varias sesiones de formaci\u00f3n en la empresa. Por ejemplo, formaci\u00f3n PRL, puente gr\u00faa, formaci\u00f3n de calidad, casi todos los mi\u00e9rcoles ten\u00edamos formaciones de 3 horas y creo que es una idea estupenda. Se aprende mucho sobre el mundo laboral y mas en concreto sobre la empresa Ederlan.<\/p>\n<p><b>9.- Con la perspectiva\u00a0que tienes ahora, \u00bfqu\u00e9 intenci\u00f3n tienes para el curso que viene?<\/b><\/p>\n<p>El a\u00f1o que viene me gustar\u00eda trabajar. \u00a1Veamos si lo consigo!<\/p>\n<p>&nbsp;<\/p>\n","protected":false},"excerpt":{"rendered":"<p>Asier Aldai es un alumno de MGEP que est\u00e1 haciendo el DUAL en el CFGS de Mecatr\u00f3nica Industrial y nos ha dejado su testimonio: 1.- Dinos tu nombre y apellidos y que titulaci\u00f3n est\u00e1s cursando: Soy Asier Aldai naiz y estoy estudiando Mecatr\u00f3nica Industrial en MGEP. 2.- \u00bfQue te llev\u00f3 a estudiar un ciclo? Trabaj\u00e9 durante 2 a\u00f1os en una tienda de Inform\u00e1tica y mi horario y sueldo no eran buenos, y por ello decid\u00ed volver a estudiar. Siempre me han interesado los temas de mantenimiento y me pareci\u00f3 una buena idea para salir de esa tienda. 3.- \u00bfPor qu\u00e9\u00a0MGEP? Soy de Durango y conoc\u00eda un compa\u00f1ero de clase y los dos pod\u00edamos ir en coche. MGEP le da un empuj\u00f3n al tema DUAL y por eso lo eleg\u00ed, s\u00ed o s\u00ed quer\u00eda hacer DUAL. 4.- En este ciclo formativo&#8230;<\/p>\n","protected":false},"author":289,"featured_media":-1,"comment_status":"open","ping_status":"open","sticky":false,"template":"","format":"standard","meta":[],"categories":[237,171,144,223,114],"tags":[],"amp_enabled":true,"_links":{"self":[{"href":"https:\/\/mukom.mondragon.edu\/mondragonfp\/wp-json\/wp\/v2\/posts\/3880"}],"collection":[{"href":"https:\/\/mukom.mondragon.edu\/mondragonfp\/wp-json\/wp\/v2\/posts"}],"about":[{"href":"https:\/\/mukom.mondragon.edu\/mondragonfp\/wp-json\/wp\/v2\/types\/post"}],"author":[{"embeddable":true,"href":"https:\/\/mukom.mondragon.edu\/mondragonfp\/wp-json\/wp\/v2\/users\/289"}],"replies":[{"embeddable":true,"href":"https:\/\/mukom.mondragon.edu\/mondragonfp\/wp-json\/wp\/v2\/comments?post=3880"}],"version-history":[{"count":15,"href":"https:\/\/mukom.mondragon.edu\/mondragonfp\/wp-json\/wp\/v2\/posts\/3880\/revisions"}],"predecessor-version":[{"id":6681,"href":"https:\/\/mukom.mondragon.edu\/mondragonfp\/wp-json\/wp\/v2\/posts\/3880\/revisions\/6681"}],"wp:featuredmedia":[{"embeddable":true,"href":"https:\/\/mukom.mondragon.edu\/mondragonfp\/wp-json\/"}],"wp:attachment":[{"href":"https:\/\/mukom.mondragon.edu\/mondragonfp\/wp-json\/wp\/v2\/media?parent=3880"}],"wp:term":[{"taxonomy":"category","embeddable":true,"href":"https:\/\/mukom.mondragon.edu\/mondragonfp\/wp-json\/wp\/v2\/categories?post=3880"},{"taxonomy":"post_tag","embeddable":true,"href":"https:\/\/mukom.mondragon.edu\/mondragonfp\/wp-json\/wp\/v2\/tags?post=3880"}],"curies":[{"name":"wp","href":"https:\/\/api.w.org\/{rel}","templated":true}]}}