{"id":3975,"date":"2020-07-24T09:08:10","date_gmt":"2020-07-24T07:08:10","guid":{"rendered":"http:\/\/mukom.mondragon.edu\/mondragonfp\/?p=3975"},"modified":"2023-03-08T10:11:01","modified_gmt":"2023-03-08T09:11:01","slug":"engel-diaz-alumno-de-ciclo-formativo-grado-superior-fp-en-programacion-de-la-produccion-en-fabricacion-mecanica-dual-en-copreci","status":"publish","type":"post","link":"https:\/\/mukom.mondragon.edu\/mondragonfp\/es\/2020\/07\/24\/engel-diaz-alumno-de-ciclo-formativo-grado-superior-fp-en-programacion-de-la-produccion-en-fabricacion-mecanica-dual-en-copreci\/","title":{"rendered":"Engel Diaz, alumno de ciclo formativo  grado superior FP en Programaci\u00f3n de la producci\u00f3n en fabricaci\u00f3n mec\u00e1nica DUAL en Copreci"},"content":{"rendered":"<p>Engel Diaz, es alumno del <a href=\"https:\/\/www.mondragon.edu\/es\/formacion-profesional-programacion-produccion-fabricacion-mecanica\">ciclo formativo de grado superior en Programaci\u00f3n de la Producci\u00f3n en Fabricaci\u00f3n Mec\u00e1nica<\/a> y nos ha dejado su testimonio:<\/p>\n<p><strong>1.- Dinos tu nombre y qu\u00e9 ciclo formativo de grado superior est\u00e1s cursando.<\/strong><\/p>\n<p>Soy Engel Diaz y estoy cursando el <a href=\"https:\/\/www.mondragon.edu\/es\/formacion-profesional-programacion-produccion-fabricacion-mecanica\">Ciclo Superior de Formaci\u00f3n Profesional Programaci\u00f3n de la Producci\u00f3n en fabricaci\u00f3n mec\u00e1nica<\/a> en <a href=\"https:\/\/www.mondragon.edu\/es\/escuela-politecnica-superior\">Mondragon Goi Eskola P<\/a><a href=\"https:\/\/www.mondragon.edu\/es\/escuela-politecnica-superior\">oliteknikoa<\/a>.<\/p>\n<div style=\"text-align: center\"><img loading=\"lazy\" class=\"alignnone size-medium\" src=\"https:\/\/live.staticflickr.com\/65535\/50068976692_f7c8472455_w.jpg\" width=\"400\" height=\"300\" \/><\/div>\n<div>\n<p><strong>2.- \u00bfPor qu\u00e9 elegiste este ciclo?\u00a0<\/strong><\/p>\n<p>Por la amplia relaci\u00f3n con el mundo de M\u00e1quina-herramienta, y la curiosidad proporcionada por una pregunta: \u00bfC\u00f3mo y por que se hizo esa pieza?<\/p>\n<p><strong>3.-Y, \u00bfpor qu\u00e9 <\/strong><a href=\"https:\/\/www.mondragon.edu\/eu\/goi-mailako-heziketa-zikloak\/heziketa-zikloetako-eskaintza\"><strong>Mondragon Goi Eskola Politeknikoan<\/strong><\/a><strong> (MGEP)?<\/strong><\/p>\n<p>Particip\u00e9 en la jornada a puertas abiertas que organiza <a href=\"https:\/\/www.mondragon.edu\/eu\/goi-mailako-heziketa-zikloak\/heziketa-zikloetako-eskaintza\">MGEP <\/a>y me gust\u00f3 la presentaci\u00f3n donde se mostraban las instalaciones, los trabajos de investigaci\u00f3n que se realizan en <a href=\"https:\/\/www.mondragon.edu\/eu\/goi-mailako-heziketa-zikloak\/heziketa-zikloetako-eskaintza\">MGEP<\/a> Tambi\u00e9n todas las personas a quienes les preguntaba acerca de su experiencia durante sus estudios, me dec\u00edan que no lo pensara, que me inscribiera, y luego ver\u00eda el porqu\u00e9. Ten\u00edan raz\u00f3n.<\/p>\n<p><strong>4.-En este ciclo formativo, trabaj\u00e1is con la metodolog\u00eda activa <\/strong><a href=\"https:\/\/www.mondragon.edu\/eu\/heziketa-zikloa-mekatronika-industriala\/eginez-ikasi\"><strong>ETHAZI<\/strong><\/a><strong>, trabajar en funciones profesionales mediante grupos de trabajo. \u00bfQu\u00e9 nos puedes decir a cerca de esto?<\/strong><\/p>\n<p>Es un m\u00e9todo de aprendizaje muy enriquecedor, porque se comparten los conocimientos de los miembros del equipo para llevar a cabo distintas tareas para realizar un proyecto o reto.<\/p>\n<p><strong>5.- \u00bfHas vivido una experiencia <a href=\"https:\/\/www.mondragon.edu\/es\/formacion-profesional-programacion-produccion-fabricacion-mecanica\/formacion-dual-regimen-alternancia\">DUAL<\/a>? \u00bfCu\u00e1ndo empezaste?<\/strong><\/p>\n<p>Si, empec\u00e9 la formaci\u00f3n <a href=\"https:\/\/www.mondragon.edu\/es\/formacion-profesional-programacion-produccion-fabricacion-mecanica\/formacion-dual-regimen-alternancia\">DUAL<\/a> el 30 de septiembre de 2019 en Copreci, una cooperativa de Aretxabaleta, y el contrato terminar\u00e1 el 19 de junio de 2020.<\/p>\n<p><strong>6.- \u00bfCu\u00e1l es el \u00e1mbito laboral de la empresa? \u00bfY qu\u00e9 tipos de trabajos has realizado durante esta \u00e9poca?<\/strong><\/p>\n<p>Copreci es una sociedad corporativa que pertenece al Grupo Mondrag\u00f3n. Lleva m\u00e1s de medio siglo desarrollando componentes electrom\u00e9tricos, desde 1963. La gestaci\u00f3n de Copreci, \u201cCooperativa de Precisi\u00f3n\u201d, empez\u00f3 con un grupo de 40 personas en la fabricaci\u00f3n de grifos de gas y v\u00e1lvulas de seguridad para cocinas, estufas y calentadores.<\/p>\n<p>Durante la formaci\u00f3n, he realizado puestas a punto de herramientas, verificaciones de medidas, entre otras cosas. Las tareas realizadas ped\u00edan ser organizado, detallista y aplicar muchos conocimientos adquiridos durante el ciclo formativo.<\/p>\n<p><strong>7.- \u00bfQu\u00e9 te ha aportado hacer las pr\u00e1cticas en la empresa, tanto en lo personal c\u00f3mo alumno?<\/strong><\/p>\n<p>Para m\u00ed, lo principal ha sido la oportunidad de conocer el funcionamiento de una empresa y al mismo tiempo estar estudiando, lo que lleva a la complementaci\u00f3n de lo aprendido dentro del aula y el taller. Poniendo en practica en una empresa el aprender del aula.<\/p>\n<p><strong>8.- Mirando hacia el futuro, \u00bfcu\u00e1l es tu intenci\u00f3n para el curso que viene?<\/strong><\/p>\n<p>Por el momento, quisiera poner en pr\u00e1ctica lo aprendido para ver c\u00f3mo y en donde me desempe\u00f1o bien y no descarto seguir estudiando algo relacionado con el mundo del mecanizado.<\/p>\n<p><strong>9 &#8211; Por \u00faltimo, \u00bfqu\u00e9 consejos dar\u00edas a alguien que est\u00e1 valorando estudiar un ciclo?<\/strong><\/p>\n<p>Que es una buena opci\u00f3n para el desarrollo personal, pero siempre eligiendo algo que te llame la atenci\u00f3n y del cual quieras aprender.<\/p>\n<\/div>\n","protected":false},"excerpt":{"rendered":"<p>Engel Diaz, es alumno del ciclo formativo de grado superior en Programaci\u00f3n de la Producci\u00f3n en Fabricaci\u00f3n Mec\u00e1nica y nos ha dejado su testimonio: 1.- Dinos tu nombre y qu\u00e9 ciclo formativo de grado superior est\u00e1s cursando. Soy Engel Diaz y estoy cursando el Ciclo Superior de Formaci\u00f3n Profesional Programaci\u00f3n de la Producci\u00f3n en fabricaci\u00f3n mec\u00e1nica en Mondragon Goi Eskola Politeknikoa. 2.- \u00bfPor qu\u00e9 elegiste este ciclo?\u00a0 Por la amplia relaci\u00f3n con el mundo de M\u00e1quina-herramienta, y la curiosidad proporcionada por una pregunta: \u00bfC\u00f3mo y por que se hizo esa pieza? 3.-Y, \u00bfpor qu\u00e9 Mondragon Goi Eskola Politeknikoan (MGEP)? Particip\u00e9 en la jornada a puertas abiertas que organiza MGEP y me gust\u00f3 la presentaci\u00f3n donde se mostraban las instalaciones, los trabajos de investigaci\u00f3n que se realizan en MGEP Tambi\u00e9n todas las personas a quienes les preguntaba acerca de su experiencia&#8230;<\/p>\n","protected":false},"author":289,"featured_media":-1,"comment_status":"open","ping_status":"open","sticky":false,"template":"","format":"standard","meta":[],"categories":[171,114,169,225],"tags":[],"amp_enabled":true,"_links":{"self":[{"href":"https:\/\/mukom.mondragon.edu\/mondragonfp\/wp-json\/wp\/v2\/posts\/3975"}],"collection":[{"href":"https:\/\/mukom.mondragon.edu\/mondragonfp\/wp-json\/wp\/v2\/posts"}],"about":[{"href":"https:\/\/mukom.mondragon.edu\/mondragonfp\/wp-json\/wp\/v2\/types\/post"}],"author":[{"embeddable":true,"href":"https:\/\/mukom.mondragon.edu\/mondragonfp\/wp-json\/wp\/v2\/users\/289"}],"replies":[{"embeddable":true,"href":"https:\/\/mukom.mondragon.edu\/mondragonfp\/wp-json\/wp\/v2\/comments?post=3975"}],"version-history":[{"count":10,"href":"https:\/\/mukom.mondragon.edu\/mondragonfp\/wp-json\/wp\/v2\/posts\/3975\/revisions"}],"predecessor-version":[{"id":6678,"href":"https:\/\/mukom.mondragon.edu\/mondragonfp\/wp-json\/wp\/v2\/posts\/3975\/revisions\/6678"}],"wp:featuredmedia":[{"embeddable":true,"href":"https:\/\/mukom.mondragon.edu\/mondragonfp\/wp-json\/"}],"wp:attachment":[{"href":"https:\/\/mukom.mondragon.edu\/mondragonfp\/wp-json\/wp\/v2\/media?parent=3975"}],"wp:term":[{"taxonomy":"category","embeddable":true,"href":"https:\/\/mukom.mondragon.edu\/mondragonfp\/wp-json\/wp\/v2\/categories?post=3975"},{"taxonomy":"post_tag","embeddable":true,"href":"https:\/\/mukom.mondragon.edu\/mondragonfp\/wp-json\/wp\/v2\/tags?post=3975"}],"curies":[{"name":"wp","href":"https:\/\/api.w.org\/{rel}","templated":true}]}}