{"id":4286,"date":"2020-12-18T12:06:03","date_gmt":"2020-12-18T11:06:03","guid":{"rendered":"http:\/\/mukom.mondragon.edu\/mondragonfp\/?p=4286"},"modified":"2023-03-06T10:12:40","modified_gmt":"2023-03-06T09:12:40","slug":"mgep-ciclos-fp-19-20-resultados-inmejorables-del-programa-dual-video","status":"publish","type":"post","link":"https:\/\/mukom.mondragon.edu\/mondragonfp\/es\/2020\/12\/18\/mgep-ciclos-fp-19-20-resultados-inmejorables-del-programa-dual-video\/","title":{"rendered":"MGEP Ciclos FP 19-20 resultados inmejorables del programa DUAL (v\u00eddeo)"},"content":{"rendered":"<p>Los resultados de los indicadores de <a href=\"https:\/\/www.mondragon.edu\/es\/ciclos-formativos-grado-superior\/oferta-formacion-profesional\">DUAL han sido inmejorables este curso 19-20 en los ciclos formativos de grado superior de MGEP<\/a>, pod\u00e9is verlos en el v\u00eddeo que se muestra a continuaci\u00f3n.<\/p>\n<p>&nbsp;<\/p>\n<div style=\"text-align: center\"><a class=\"embedly-card\" href=\"https:\/\/www.youtube.com\/watch?v=zFb0I_uj-3k&amp;feature=youtu.be\">Goi Mailako Heziketa Zikloetako DUAL programa<\/a><\/div>\n<p>Estos son los indicadores\u00a0 los que formamos el grupo de <strong>empresa de MGEP\u00a0 <\/strong><\/p>\n<ul>\n<li>Be\u00f1at Azketa y Osane Lizarralde, coordinadores de Ciclos Formativos de Grado Superior (CFGS) de MGEP.<\/li>\n<li>Ainhoa Orobengoa y Jaione Urbieta, responsables de las pr\u00e1cticas de Servicios Acad\u00e9micos de MGEP, y<\/li>\n<li>Itsaso Buruaga,\u00a0responsable de gestionar los contratos y acuerdos en el departamento de Administraci\u00f3n y Finanzas de MGEP.<\/li>\n<\/ul>\n<p>queremos presentar:<\/p>\n<div style=\"text-align: center\"><img loading=\"lazy\" class=\"alignnone size-medium\" src=\"https:\/\/live.staticflickr.com\/65535\/50705724012_308cf261ee_b.jpg\" width=\"1024\" height=\"576\" \/><\/div>\n<p>Los indicadores m\u00e1s\u00a0significativos son los siguientes: <strong>la cantidad de alumno\/as que han participado en el programa DUAL en base al % total<\/strong>, notas de <strong>satisfacci\u00f3n del Gobierno Vasco<\/strong> y, por \u00faltimo, <strong>datos de empleo<\/strong>.<\/p>\n<div style=\"text-align: center\"><img loading=\"lazy\" class=\"alignnone size-medium\" src=\"https:\/\/live.staticflickr.com\/65535\/50705724122_2f3df95205_b.jpg\" width=\"1024\" height=\"576\" \/><\/div>\n<div>\n<div style=\"text-align: center\"><img loading=\"lazy\" class=\"alignnone size-medium\" src=\"https:\/\/live.staticflickr.com\/65535\/50704901768_384d767225_b.jpg\" width=\"1024\" height=\"576\" \/><\/div>\n<div>\n<div style=\"text-align: center\"><img loading=\"lazy\" class=\"alignnone size-medium\" src=\"https:\/\/live.staticflickr.com\/65535\/50705640341_a9808816bf_b.jpg\" width=\"1024\" height=\"576\" \/><\/div>\n<\/div>\n<\/div>\n<p>Por otro lado, hemos intentado explicar los puntos <strong>clave de nuestro programa formativo DUAL de MGEP<\/strong>:<\/p>\n<p>1)\u00a0 \u00a0Ventajas de la formaci\u00f3n del programa DUAL:<\/p>\n<div style=\"text-align: center\"><img loading=\"lazy\" class=\"alignnone size-medium\" src=\"https:\/\/live.staticflickr.com\/65535\/50705640381_e49b19cba5_b.jpg\" width=\"1024\" height=\"576\" \/><\/div>\n<p>2)\u00a0\u00a0 Actores principales de la formaci\u00f3n del programa DUAL:<\/p>\n<div style=\"text-align: center\"><img loading=\"lazy\" class=\"alignnone size-medium\" src=\"https:\/\/live.staticflickr.com\/65535\/50704901738_f89f49a6e5_b.jpg\" width=\"1024\" height=\"576\" \/><\/div>\n<p>3)\u00a0 Responsabilidades del proceso y cada etapa de la formaci\u00f3n del programa DUAL:<\/p>\n<div style=\"text-align: center\"><img loading=\"lazy\" class=\"alignnone size-medium\" src=\"https:\/\/live.staticflickr.com\/65535\/50705724067_aa429e5c8f_b.jpg\" width=\"1024\" height=\"576\" \/><\/div>\n<p>El curso 19-20\u00a0finaliz\u00f3 en un contexto de confinamiento debido a\u00a0la pandemia generada por el COVID19 y este a\u00f1o, en el curso 20-21, todav\u00eda nos encontramos afectamos par la misma, en un contexto similar. Sin embargo, el curso avanza y ya estamos\u00a0 gestionando las pr\u00e1cticas FCT , Formaci\u00f3n en Centros de Trabajo\u00a0 y esperamos que para el a\u00f1o 2021 podamos tener ofertas atractivas para los alumnos y alumnas de este curso.<\/p>\n","protected":false},"excerpt":{"rendered":"<p>Los resultados de los indicadores de DUAL han sido inmejorables este curso 19-20 en los ciclos formativos de grado superior de MGEP, pod\u00e9is verlos en el v\u00eddeo que se muestra a continuaci\u00f3n. &nbsp; Goi Mailako Heziketa Zikloetako DUAL programa Estos son los indicadores\u00a0 los que formamos el grupo de empresa de MGEP\u00a0 Be\u00f1at Azketa y Osane Lizarralde, coordinadores de Ciclos Formativos de Grado Superior (CFGS) de MGEP. Ainhoa Orobengoa y Jaione Urbieta, responsables de las pr\u00e1cticas de Servicios Acad\u00e9micos de MGEP, y Itsaso Buruaga,\u00a0responsable de gestionar los contratos y acuerdos en el departamento de Administraci\u00f3n y Finanzas de MGEP. queremos presentar: Los indicadores m\u00e1s\u00a0significativos son los siguientes: la cantidad de alumno\/as que han participado en el programa DUAL en base al % total, notas de satisfacci\u00f3n del Gobierno Vasco y, por \u00faltimo, datos de empleo. Por otro lado, hemos intentado&#8230;<\/p>\n","protected":false},"author":289,"featured_media":-1,"comment_status":"open","ping_status":"open","sticky":false,"template":"","format":"standard","meta":[],"categories":[171,144,114],"tags":[],"amp_enabled":true,"_links":{"self":[{"href":"https:\/\/mukom.mondragon.edu\/mondragonfp\/wp-json\/wp\/v2\/posts\/4286"}],"collection":[{"href":"https:\/\/mukom.mondragon.edu\/mondragonfp\/wp-json\/wp\/v2\/posts"}],"about":[{"href":"https:\/\/mukom.mondragon.edu\/mondragonfp\/wp-json\/wp\/v2\/types\/post"}],"author":[{"embeddable":true,"href":"https:\/\/mukom.mondragon.edu\/mondragonfp\/wp-json\/wp\/v2\/users\/289"}],"replies":[{"embeddable":true,"href":"https:\/\/mukom.mondragon.edu\/mondragonfp\/wp-json\/wp\/v2\/comments?post=4286"}],"version-history":[{"count":16,"href":"https:\/\/mukom.mondragon.edu\/mondragonfp\/wp-json\/wp\/v2\/posts\/4286\/revisions"}],"predecessor-version":[{"id":6663,"href":"https:\/\/mukom.mondragon.edu\/mondragonfp\/wp-json\/wp\/v2\/posts\/4286\/revisions\/6663"}],"wp:featuredmedia":[{"embeddable":true,"href":"https:\/\/mukom.mondragon.edu\/mondragonfp\/wp-json\/"}],"wp:attachment":[{"href":"https:\/\/mukom.mondragon.edu\/mondragonfp\/wp-json\/wp\/v2\/media?parent=4286"}],"wp:term":[{"taxonomy":"category","embeddable":true,"href":"https:\/\/mukom.mondragon.edu\/mondragonfp\/wp-json\/wp\/v2\/categories?post=4286"},{"taxonomy":"post_tag","embeddable":true,"href":"https:\/\/mukom.mondragon.edu\/mondragonfp\/wp-json\/wp\/v2\/tags?post=4286"}],"curies":[{"name":"wp","href":"https:\/\/api.w.org\/{rel}","templated":true}]}}