{"id":4407,"date":"2021-03-17T15:43:22","date_gmt":"2021-03-17T14:43:22","guid":{"rendered":"http:\/\/mukom.mondragon.edu\/mondragonfp\/?p=4407"},"modified":"2023-02-27T12:43:33","modified_gmt":"2023-02-27T11:43:33","slug":"dual-de-ciclos-fp-grado-superior-mgep-en-la-conferencia-dirigida-por-el-consorci-deducacio-de-barcelona","status":"publish","type":"post","link":"https:\/\/mukom.mondragon.edu\/mondragonfp\/es\/2021\/03\/17\/dual-de-ciclos-fp-grado-superior-mgep-en-la-conferencia-dirigida-por-el-consorci-deducacio-de-barcelona\/","title":{"rendered":"DUAL de Ciclos FP grado superior  MGEP en la conferencia dirigida por el Consorci d&#8217;Educaci\u00f3 de Barcelona"},"content":{"rendered":"<p>El equipo de la organizaci\u00f3n del Consorci d&#8217;Educaci\u00f3 de Barcelona, Gemma Vend\u00e9s (directora de \u00c0rea d\u2019Ensenyaments Postobligatoris de Barcelona), invit\u00f3 a\u00a0<a href=\"https:\/\/www.mondragon.edu\/es\/inicio\">Mondragon Unibertsitatea (MU)<\/a>\u00a0a dar una <strong>conferencia sobre el programa DUAL.<\/strong><\/p>\n<p>La conferencia se celebr\u00f3 el d\u00eda 4 de febrero de forma virtual, y formaron parte 30 organizaciones del \u00e1mbito educativo de Barcelona.<\/p>\n<p><strong>Jon Altuna<\/strong>, rector acad\u00e9mico de Mondragon Unibertsitatea y<strong> Osane Lizarralde<\/strong>, como respresentante de coordinadora <a href=\"https:\/\/www.mondragon.edu\/es\/ciclos-formativos-grado-superior\/oferta-formacion-profesional\">DUAL de Mondragon Goi Eskola Politeknikoa<\/a> fueron los que dieron la conferencia.<\/p>\n<p>Jon Altuna present\u00f3 Mondragon Unibertsitatea, dando un peque\u00f1o repaso a la historia, y sobre todo, mencion\u00f3 los factores importantes de la combinaci\u00f3n de los estudios y trabajo en <a href=\"https:\/\/www.mondragon.edu\/es\/inicio\">MU<\/a>.<\/p>\n<div style=\"text-align: center\"><img loading=\"lazy\" class=\"alignnone size-medium\" src=\"https:\/\/live.staticflickr.com\/65535\/50915851041_e10ba48637_b.jpg\" width=\"1024\" height=\"576\" \/><\/div>\n<div><\/div>\n<div>A continuaci\u00f3n, Osane Lizarralde, present\u00f3 \u00a0<a href=\"https:\/\/www.mondragon.edu\/es\/ciclos-formativos-grado-superior\/oferta-formacion-profesional\">las caracteristicas clave de los Ciclos de Grado Superior de MGEP<\/a>:<\/div>\n<div><\/div>\n<ul>\n<li><a href=\"https:\/\/www.mondragon.edu\/es\/formacion-profesional-administracion-sistemas-informaticos-red\"><strong>Modelo educativo<\/strong><\/a><\/li>\n<li><strong>Talleres, laboratorios e infraestructuras<\/strong><\/li>\n<li><strong>Relaci\u00f3n con las empresas<\/strong><\/li>\n<li><strong>Pr\u00e1cticas y <a href=\"https:\/\/www.mondragon.edu\/es\/formacion-profesional-administracion-sistemas-informaticos-red\/formacion-dual-regimen-alternancia\">programa DUAL<\/a><\/strong><\/li>\n<li><strong>Trayectorias formativas<\/strong><\/li>\n<\/ul>\n<p>Se presentaron algunos datos, sobre todo la formaci\u00f3n\u00a0 <a href=\"https:\/\/www.mondragon.edu\/es\/formacion-profesional-administracion-sistemas-informaticos-red\/formacion-dual-regimen-alternancia\">DUAL<\/a> de los \u00faltimos 4 a\u00f1os para ponerlos en contexto.<\/p>\n<div style=\"text-align: center\"><img loading=\"lazy\" class=\"alignnone size-medium\" src=\"https:\/\/live.staticflickr.com\/65535\/50915851036_dde66483ec_b.jpg\" width=\"1024\" height=\"576\" \/><\/div>\n<p>La cantidad de DUAL se ha incrementado\u00a0\u00a0cada a\u00f1o en MGEP. Ahora bien, tras\u00a0la situaci\u00f3n generada por\u00a0la pandemia derivada de la enfermedad COVID19, este curso (20-21) se han visto dos consecuencias importantes: 1) decremento de DUAL 2) incremento significativo del % alumnos que\u00a0continuan estudiando.<\/p>\n<div style=\"text-align: center\"><img loading=\"lazy\" class=\"alignnone size-medium\" src=\"https:\/\/live.staticflickr.com\/65535\/50915979347_bdbaa07db4_b.jpg\" width=\"1024\" height=\"576\" \/><\/div>\n<div style=\"text-align: left\"><\/div>\n<div style=\"text-align: left\">Tambi\u00e9n se ha mostrado la trayectoria formativa que eligen los alumnos que estudian <a href=\"https:\/\/www.mondragon.edu\/es\/inicio\">CFGS en MGE<\/a><a href=\"https:\/\/www.mondragon.edu\/es\/inicio\">P<\/a>. Se muestra en la siguiente imagen:<\/div>\n<div style=\"text-align: left\"><\/div>\n<div style=\"text-align: left\">\n<div style=\"text-align: center\"><img loading=\"lazy\" class=\"alignnone size-medium\" src=\"https:\/\/live.staticflickr.com\/65535\/50915979317_fd23849ecb_b.jpg\" width=\"1024\" height=\"576\" \/><\/div>\n<\/div>\n<div><\/div>\n<div>Para dar fin a la conferencia, Jon Altuna, explic\u00f3 el recorrido que tiene <a href=\"https:\/\/www.mondragon.edu\/es\/grados-universitarios\">MU en Grado<\/a> y <strong><a href=\"https:\/\/www.mondragon.edu\/es\/grados-universitarios\">M\u00e1ster<\/a><\/strong> con <strong>la DUAL<\/strong> y la evoluci\u00f3n del <strong><a href=\"https:\/\/www.mondragon.edu\/es\/formacion-profesional-administracion-sistemas-informaticos-red\/formacion-dual-regimen-alternancia\">t\u00edtulo DUAL<\/a><\/strong>.<\/div>\n<div><\/div>\n<div style=\"text-align: center\"><img loading=\"lazy\" class=\"alignnone size-medium\" src=\"https:\/\/live.staticflickr.com\/65535\/50915979312_687b738a13_b.jpg\" width=\"1024\" height=\"709\" \/><\/div>\n<div style=\"text-align: left\"><\/div>\n<div>\u00a0Al final, hubo un intervalo de tiempo para ruegos y preguntas.<\/div>\n","protected":false},"excerpt":{"rendered":"<p>El equipo de la organizaci\u00f3n del Consorci d&#8217;Educaci\u00f3 de Barcelona, Gemma Vend\u00e9s (directora de \u00c0rea d\u2019Ensenyaments Postobligatoris de Barcelona), invit\u00f3 a\u00a0Mondragon Unibertsitatea (MU)\u00a0a dar una conferencia sobre el programa DUAL. La conferencia se celebr\u00f3 el d\u00eda 4 de febrero de forma virtual, y formaron parte 30 organizaciones del \u00e1mbito educativo de Barcelona. Jon Altuna, rector acad\u00e9mico de Mondragon Unibertsitatea y Osane Lizarralde, como respresentante de coordinadora DUAL de Mondragon Goi Eskola Politeknikoa fueron los que dieron la conferencia. Jon Altuna present\u00f3 Mondragon Unibertsitatea, dando un peque\u00f1o repaso a la historia, y sobre todo, mencion\u00f3 los factores importantes de la combinaci\u00f3n de los estudios y trabajo en MU. A continuaci\u00f3n, Osane Lizarralde, present\u00f3 \u00a0las caracteristicas clave de los Ciclos de Grado Superior de MGEP: Modelo educativo Talleres, laboratorios e infraestructuras Relaci\u00f3n con las empresas Pr\u00e1cticas y programa DUAL Trayectorias formativas Se&#8230;<\/p>\n","protected":false},"author":289,"featured_media":-1,"comment_status":"open","ping_status":"open","sticky":false,"template":"","format":"standard","meta":[],"categories":[97],"tags":[],"amp_enabled":true,"_links":{"self":[{"href":"https:\/\/mukom.mondragon.edu\/mondragonfp\/wp-json\/wp\/v2\/posts\/4407"}],"collection":[{"href":"https:\/\/mukom.mondragon.edu\/mondragonfp\/wp-json\/wp\/v2\/posts"}],"about":[{"href":"https:\/\/mukom.mondragon.edu\/mondragonfp\/wp-json\/wp\/v2\/types\/post"}],"author":[{"embeddable":true,"href":"https:\/\/mukom.mondragon.edu\/mondragonfp\/wp-json\/wp\/v2\/users\/289"}],"replies":[{"embeddable":true,"href":"https:\/\/mukom.mondragon.edu\/mondragonfp\/wp-json\/wp\/v2\/comments?post=4407"}],"version-history":[{"count":14,"href":"https:\/\/mukom.mondragon.edu\/mondragonfp\/wp-json\/wp\/v2\/posts\/4407\/revisions"}],"predecessor-version":[{"id":6645,"href":"https:\/\/mukom.mondragon.edu\/mondragonfp\/wp-json\/wp\/v2\/posts\/4407\/revisions\/6645"}],"wp:featuredmedia":[{"embeddable":true,"href":"https:\/\/mukom.mondragon.edu\/mondragonfp\/wp-json\/"}],"wp:attachment":[{"href":"https:\/\/mukom.mondragon.edu\/mondragonfp\/wp-json\/wp\/v2\/media?parent=4407"}],"wp:term":[{"taxonomy":"category","embeddable":true,"href":"https:\/\/mukom.mondragon.edu\/mondragonfp\/wp-json\/wp\/v2\/categories?post=4407"},{"taxonomy":"post_tag","embeddable":true,"href":"https:\/\/mukom.mondragon.edu\/mondragonfp\/wp-json\/wp\/v2\/tags?post=4407"}],"curies":[{"name":"wp","href":"https:\/\/api.w.org\/{rel}","templated":true}]}}