{"id":4578,"date":"2021-04-06T11:41:22","date_gmt":"2021-04-06T09:41:22","guid":{"rendered":"http:\/\/mukom.mondragon.edu\/mondragonfp\/?p=4578"},"modified":"2021-04-06T13:22:26","modified_gmt":"2021-04-06T11:22:26","slug":"mgep-ciclos-fp-de-grado-superior-participa-en-formacion-a-instructoreas-dual-en-adegi","status":"publish","type":"post","link":"https:\/\/mukom.mondragon.edu\/mondragonfp\/es\/2021\/04\/06\/mgep-ciclos-fp-de-grado-superior-participa-en-formacion-a-instructoreas-dual-en-adegi\/","title":{"rendered":"MGEP Ciclos FP de grado superior participa en Formaci\u00f3n a Instructore\/as DUAL en ADEGI"},"content":{"rendered":"<p><strong>Gorka Aretxaga,<\/strong> Coordinador de\u00a0 \u00a0<a href=\"https:\/\/www.mondragon.edu\/\">Ciclos de Formaci\u00f3n de grado superior<\/a> de<a href=\"https:\/\/www.mondragon.edu\/es\/inicio\"> Mondragon Goi Eskola Politeknikoa<\/a>, <a href=\"https:\/\/www.mondragon.edu\/es\/ciclos-formativos-grado-superior\/oferta-formacion-profesional\">MGEP,<\/a>\u00a0y <strong>Osane Lizarralde<\/strong>, coordinadora de pr\u00e1cticas y formaci\u00f3n DUAL han participado en marzo en las sesiones de<a href=\"https:\/\/www.adegi.es\/adegi\/formacion-instructoresas-empresa-23-marzo\/?nav=es\"> formaci\u00f3n a Instructores DUAL organizada por ADEGI.<\/a><\/p>\n<p>Se trata de una colaboraci\u00f3n entre ADEGI, el Gobierno Vasco y los centros de Formaci\u00f3n Profesional de HETEL e IKASLAN.<\/p>\n<p>Las sesiones responden a la apuesta estrat\u00e9gica por<strong> el modelo DUAL de Formaci\u00f3n con un doble objetivo: de empleabilidad\u00a0y competitividad para\u00a0nuestras\u00a0empresas y personas.\u00a0<\/strong><\/p>\n<p>Por otra parte, un factor de \u00e9xito\u00a0clave en este modelo de formaci\u00f3n y proceso de aprendizaje del alumnado es sin duda el Instructor o la Instructora ,\u00a0 la persona que la\u00a0 guiar\u00e1 y tutorizar\u00e1\u00a0durante este periodo en la\u00a0empresa. De ah\u00ed que a lo largo de toda la sesi\u00f3n se ha podido conocer a\u00a0 trav\u00e9s de todos los puntos de vista: el Gobierno Vasco y su Viceconsejer\u00eda FP del departamento de Educaci\u00f3n, Adegi, Confebask, los Centros de FP, las empresas que acogen al alumnado\u00a0 y la experiencia de alumno\/as que han participado en una formaci\u00f3n DUAL lo que es hoy d\u00eda\u00a0 este modelo de formaci\u00f3n y las caracter\u00edsticas que le\u00a0 imprimen la\u00a0m\u00e1xima calidad.<\/p>\n<p>El programa completo de\u00a0 las sesiones de formaci\u00f3n ha sido\u00a0 el siguiente:<\/p>\n<p style=\"padding-left: 30px\">9:00h &#8211;\u00a0 Introducci\u00f3n: La importancia del \/la \u00a0Instructor\/a de Empresa.<br \/>\n<strong>Aitziber Alkorta<\/strong>\u00a0\u2013<strong>\u00a0ADEGI<\/strong><\/p>\n<p style=\"padding-left: 30px\">9:10h &#8211; Sistema Educativo Actual y Estructura de la FP.<br \/>\n<strong>Ainhoa Rotaetxe<\/strong>\u00a0\u2013\u00a0<strong>Confebask<\/strong><\/p>\n<div style=\"text-align: center\"><a class=\"embedly-card\" href=\"https:\/\/www.flickr.com\/photos\/89015316@N02\/51099137420\/in\/dateposted-public\/\">IMG_Ainhoa_Confebask2<\/a><\/div>\n<p style=\"padding-left: 30px\">9:30h &#8211; Formaci\u00f3n Profesional Dual de Euskadi: Caracter\u00edsticas y Modalidades.<br \/>\n<strong>Jon Azkuna<\/strong>\u00a0&#8211;\u00a0<strong>Viceconsejer\u00eda FP del Dpto. de Educaci\u00f3n de Gobierno Vasco<\/strong><\/p>\n<div style=\"text-align: center\"><a class=\"embedly-card\" href=\"https:\/\/www.flickr.com\/photos\/89015316@N02\/51098427757\/in\/dateposted-public\/\">IMG_azkuna2<\/a><\/div>\n<p style=\"padding-left: 30px\">9:50h &#8211; Gesti\u00f3n de la DUAL desde los centros de FP.<br \/>\n<strong>Alberto Arranz<\/strong>\u00a0&#8211;\u00a0<strong>Director CIFP Bidasoa LHII<br \/>\nOsane Lizarralde<\/strong>\u00a0&#8211;\u00a0<strong>Responsable de <a href=\"https:\/\/www.mondragon.edu\/es\/formacion-profesional-mecatronica-industrial\/formacion-dual-regimen-alternancia\">Dual en\u00a0Mondragon Goi Eskola Politeknikoa\u00a0J.M.A<\/a><\/strong><\/p>\n<div style=\"text-align: center\"><a class=\"embedly-card\" href=\"https:\/\/www.flickr.com\/photos\/89015316@N02\/51098412519\/in\/dateposted-public\/\">IMG-Osane-MGEP2<\/a><\/div>\n<p style=\"padding-left: 30px\">10:30h &#8211; El Instructor, papel fundamental. Competencias Clave del Instructor.<br \/>\n<strong>Ainhoa Rotaetxe<\/strong>\u00a0\u2013\u00a0<strong>Confebask<\/strong><\/p>\n<p style=\"padding-left: 30px\">11:00h &#8211; Descanso (caf\u00e9)<\/p>\n<p style=\"padding-left: 30px\">11:30h &#8211; Organizaci\u00f3n y desarrollo de la FP Dual en la empresa.\u00a0Desde el inicio de la colaboraci\u00f3n centro-empresa hasta la evaluaci\u00f3n de la actividad.<br \/>\n<strong>Ainhoa Rotaetxe\u00a0<\/strong>&#8211;\u00a0<strong>Confebask<\/strong><\/p>\n<p style=\"padding-left: 30px\">12:00h &#8211;\u00a0Caso pr\u00e1ctico de Empresa.\u00a0 BIDEGAIN. Koldo Moreno, gerente de la empresa Bidegain<\/p>\n<div style=\"text-align: center\"><a class=\"embedly-card\" href=\"https:\/\/www.flickr.com\/photos\/89015316@N02\/51098874843\/in\/dateposted-public\/\">IMG_KoldoMoreno_Bidegain<\/a><\/div>\n<p style=\"padding-left: 30px\">12:30h\u00a0&#8211; Din\u00e1mica de grupo.<br \/>\n13:00h &#8211; Conclusiones y Debate.<br \/>\n14:00h &#8211;\u00a0Entrega Certificados. Fin de la Jornada.<\/p>\n","protected":false},"excerpt":{"rendered":"<p>Gorka Aretxaga, Coordinador de\u00a0 \u00a0Ciclos de Formaci\u00f3n de grado superior de Mondragon Goi Eskola Politeknikoa, MGEP,\u00a0y Osane Lizarralde, coordinadora de pr\u00e1cticas y formaci\u00f3n DUAL han participado en marzo en las sesiones de formaci\u00f3n a Instructores DUAL organizada por ADEGI. Se trata de una colaboraci\u00f3n entre ADEGI, el Gobierno Vasco y los centros de Formaci\u00f3n Profesional de HETEL e IKASLAN. Las sesiones responden a la apuesta estrat\u00e9gica por el modelo DUAL de Formaci\u00f3n con un doble objetivo: de empleabilidad\u00a0y competitividad para\u00a0nuestras\u00a0empresas y personas.\u00a0 Por otra parte, un factor de \u00e9xito\u00a0clave en este modelo de formaci\u00f3n y proceso de aprendizaje del alumnado es sin duda el Instructor o la Instructora ,\u00a0 la persona que la\u00a0 guiar\u00e1 y tutorizar\u00e1\u00a0durante este periodo en la\u00a0empresa. De ah\u00ed que a lo largo de toda la sesi\u00f3n se ha podido conocer a\u00a0 trav\u00e9s de todos los puntos&#8230;<\/p>\n","protected":false},"author":141,"featured_media":-1,"comment_status":"closed","ping_status":"closed","sticky":false,"template":"","format":"standard","meta":[],"categories":[171,144,114],"tags":[],"amp_enabled":true,"_links":{"self":[{"href":"https:\/\/mukom.mondragon.edu\/mondragonfp\/wp-json\/wp\/v2\/posts\/4578"}],"collection":[{"href":"https:\/\/mukom.mondragon.edu\/mondragonfp\/wp-json\/wp\/v2\/posts"}],"about":[{"href":"https:\/\/mukom.mondragon.edu\/mondragonfp\/wp-json\/wp\/v2\/types\/post"}],"author":[{"embeddable":true,"href":"https:\/\/mukom.mondragon.edu\/mondragonfp\/wp-json\/wp\/v2\/users\/141"}],"replies":[{"embeddable":true,"href":"https:\/\/mukom.mondragon.edu\/mondragonfp\/wp-json\/wp\/v2\/comments?post=4578"}],"version-history":[{"count":10,"href":"https:\/\/mukom.mondragon.edu\/mondragonfp\/wp-json\/wp\/v2\/posts\/4578\/revisions"}],"predecessor-version":[{"id":4589,"href":"https:\/\/mukom.mondragon.edu\/mondragonfp\/wp-json\/wp\/v2\/posts\/4578\/revisions\/4589"}],"wp:featuredmedia":[{"embeddable":true,"href":"https:\/\/mukom.mondragon.edu\/mondragonfp\/wp-json\/"}],"wp:attachment":[{"href":"https:\/\/mukom.mondragon.edu\/mondragonfp\/wp-json\/wp\/v2\/media?parent=4578"}],"wp:term":[{"taxonomy":"category","embeddable":true,"href":"https:\/\/mukom.mondragon.edu\/mondragonfp\/wp-json\/wp\/v2\/categories?post=4578"},{"taxonomy":"post_tag","embeddable":true,"href":"https:\/\/mukom.mondragon.edu\/mondragonfp\/wp-json\/wp\/v2\/tags?post=4578"}],"curies":[{"name":"wp","href":"https:\/\/api.w.org\/{rel}","templated":true}]}}