{"id":4615,"date":"2021-04-20T13:01:55","date_gmt":"2021-04-20T11:01:55","guid":{"rendered":"http:\/\/mukom.mondragon.edu\/mondragonfp\/?p=4615"},"modified":"2023-02-27T12:33:56","modified_gmt":"2023-02-27T11:33:56","slug":"mgep-se-suma-a-la-campana-en-favor-de-la-fp-de-euskadi-confebask-y-educacion-gv","status":"publish","type":"post","link":"https:\/\/mukom.mondragon.edu\/mondragonfp\/es\/2021\/04\/20\/mgep-se-suma-a-la-campana-en-favor-de-la-fp-de-euskadi-confebask-y-educacion-gv\/","title":{"rendered":"MGEP se suma a la campa\u00f1a en favor de la FP de Euskadi (Confebask y Educaci\u00f3n GV)"},"content":{"rendered":"<p><strong><a href=\"https:\/\/www.mondragon.edu\/eu\/goi-mailako-heziketa-zikloak\/heziketa-zikloetako-eskaintza\">MGEP<\/a>\u00a0 <\/strong>\u00a0se suma a la campa\u00f1a\u00a0 iniciada por<strong>\u00a0<a href=\"https:\/\/www.confebask.es\/saladeprensa\/noticias\/campa%C3%B1a-promocion-fpeuskadi-empresas-vascas.html\">Confebask<\/a>, <a href=\"https:\/\/www.adegi.es\/adegi\/noticia-kaixo-empresa-soy-fp-euskadi-202104\/\">Adegi<\/a>, Cebek, Sea\u00a0<\/strong>y la\u00a0<a href=\"https:\/\/www.euskadi.eus\/gobierno-vasco\/fp-educacion\/\"><strong>Viceconsejer\u00eda de FP\u00a0<\/strong>del Departamento de Educaci\u00f3n del\u00a0<\/a><strong><a href=\"https:\/\/www.euskadi.eus\/gobierno-vasco\/fp-educacion\/\">Gobierno Vasco,<\/a>\u00a0<\/strong>una\u00a0campa\u00f1a conjunta desarrollada con la intenci\u00f3n de que todas las empresas de Euskadi,<strong>\u00a0independientemente de su tama\u00f1o y del sector\u00a0<\/strong>al que pertenezcan, sepan de las\u00a0<strong>ventajas<\/strong>\u00a0que les ofrece el\u00a0<strong>modelo vasco de FP<\/strong>. En los\u00a0<strong>treinta a\u00f1os de colaboraci\u00f3n e<\/strong>ntre las organizaciones empresariales vascas y el Gobierno vasco,\u00a0<strong>una media de 15.000 empresas al a\u00f1o ha podido comprobar sus ventajas<\/strong>\u00a0a la hora de mejorar la competitividad y la empleabilidad de los j\u00f3venes. Toda la informaci\u00f3n de la campa\u00f1a en\u00a0<strong><a href=\"https:\/\/empresafpeuskadi.eus\/es\/inicio\/\">www.empresafpeuskadi.eus.<\/a><\/strong><\/p>\n<p>La campa\u00f1a\u00a0\u00a0se activar\u00e1 entre el 15 y 30 de abril y se compone de un spot publicitario dirigido a redes sociales, una cu\u00f1a de radio que se va a difundir tanto en radio Euskadi como en Euskadi irratia; as\u00ed como una imagen-cartel .<\/p>\n<p>La campa\u00f1a presenta a las empresas,<strong> cinco &#8220;cuestiones claves&#8221; en las que la FP de Euskadi:<\/strong><\/p>\n<p>1.\u00a0 TALENTO<br \/>\n2.\u00a0 FP DUAL<br \/>\n3.\u00a0 FORMACI\u00d3N &#8221; A MEDIDA&#8221; de las personas trabajadoras de la empresa<br \/>\n4.\u00a0 apoyo en INNOVACI\u00d3N<br \/>\n5.\u00a0 apoyo a la INTERNACIONALIZACI\u00d3N<\/p>\n<p>Desde Confebask\u00a0entienden que es una campa\u00f1a de inter\u00e9s para las empresas y para los centros,\u00a0de ah\u00ed nuestra participaci\u00f3n en su difusi\u00f3n.<\/p>\n<p>A continuaci\u00f3n, se presenta el SPOT:<\/p>\n<div><a class=\"embedly-card\" href=\"https:\/\/youtu.be\/EWyw_dMUxnA\">Kaixo Enpresa! ?<\/a><\/div>\n<div><\/div>\n<div>y el cartel anunciador:<\/div>\n<div>\n<div style=\"text-align: center\"><img loading=\"lazy\" class=\"alignnone size-medium\" src=\"https:\/\/live.staticflickr.com\/65535\/51123471709_1f2d7d3f32_b.jpg\" width=\"1024\" height=\"576\" \/><\/div>\n<\/div>\n","protected":false},"excerpt":{"rendered":"<p>MGEP\u00a0 \u00a0se suma a la campa\u00f1a\u00a0 iniciada por\u00a0Confebask, Adegi, Cebek, Sea\u00a0y la\u00a0Viceconsejer\u00eda de FP\u00a0del Departamento de Educaci\u00f3n del\u00a0Gobierno Vasco,\u00a0una\u00a0campa\u00f1a conjunta desarrollada con la intenci\u00f3n de que todas las empresas de Euskadi,\u00a0independientemente de su tama\u00f1o y del sector\u00a0al que pertenezcan, sepan de las\u00a0ventajas\u00a0que les ofrece el\u00a0modelo vasco de FP. En los\u00a0treinta a\u00f1os de colaboraci\u00f3n entre las organizaciones empresariales vascas y el Gobierno vasco,\u00a0una media de 15.000 empresas al a\u00f1o ha podido comprobar sus ventajas\u00a0a la hora de mejorar la competitividad y la empleabilidad de los j\u00f3venes. Toda la informaci\u00f3n de la campa\u00f1a en\u00a0www.empresafpeuskadi.eus. La campa\u00f1a\u00a0\u00a0se activar\u00e1 entre el 15 y 30 de abril y se compone de un spot publicitario dirigido a redes sociales, una cu\u00f1a de radio que se va a difundir tanto en radio Euskadi como en Euskadi irratia; as\u00ed como una imagen-cartel . La campa\u00f1a presenta a las&#8230;<\/p>\n","protected":false},"author":141,"featured_media":-1,"comment_status":"open","ping_status":"open","sticky":false,"template":"","format":"standard","meta":[],"categories":[171,114,97],"tags":[],"amp_enabled":true,"_links":{"self":[{"href":"https:\/\/mukom.mondragon.edu\/mondragonfp\/wp-json\/wp\/v2\/posts\/4615"}],"collection":[{"href":"https:\/\/mukom.mondragon.edu\/mondragonfp\/wp-json\/wp\/v2\/posts"}],"about":[{"href":"https:\/\/mukom.mondragon.edu\/mondragonfp\/wp-json\/wp\/v2\/types\/post"}],"author":[{"embeddable":true,"href":"https:\/\/mukom.mondragon.edu\/mondragonfp\/wp-json\/wp\/v2\/users\/141"}],"replies":[{"embeddable":true,"href":"https:\/\/mukom.mondragon.edu\/mondragonfp\/wp-json\/wp\/v2\/comments?post=4615"}],"version-history":[{"count":8,"href":"https:\/\/mukom.mondragon.edu\/mondragonfp\/wp-json\/wp\/v2\/posts\/4615\/revisions"}],"predecessor-version":[{"id":6642,"href":"https:\/\/mukom.mondragon.edu\/mondragonfp\/wp-json\/wp\/v2\/posts\/4615\/revisions\/6642"}],"wp:featuredmedia":[{"embeddable":true,"href":"https:\/\/mukom.mondragon.edu\/mondragonfp\/wp-json\/"}],"wp:attachment":[{"href":"https:\/\/mukom.mondragon.edu\/mondragonfp\/wp-json\/wp\/v2\/media?parent=4615"}],"wp:term":[{"taxonomy":"category","embeddable":true,"href":"https:\/\/mukom.mondragon.edu\/mondragonfp\/wp-json\/wp\/v2\/categories?post=4615"},{"taxonomy":"post_tag","embeddable":true,"href":"https:\/\/mukom.mondragon.edu\/mondragonfp\/wp-json\/wp\/v2\/tags?post=4615"}],"curies":[{"name":"wp","href":"https:\/\/api.w.org\/{rel}","templated":true}]}}