{"id":4645,"date":"2021-05-13T11:18:17","date_gmt":"2021-05-13T09:18:17","guid":{"rendered":"http:\/\/mukom.mondragon.edu\/mondragonfp\/?p=4645"},"modified":"2023-02-27T12:23:42","modified_gmt":"2023-02-27T11:23:42","slug":"testimonio-de-roman-ferrer-alumno-dual-de-programacion-de-la-produccion-fabricacion-mecanica-de-mgep","status":"publish","type":"post","link":"https:\/\/mukom.mondragon.edu\/mondragonfp\/es\/2021\/05\/13\/testimonio-de-roman-ferrer-alumno-dual-de-programacion-de-la-produccion-fabricacion-mecanica-de-mgep\/","title":{"rendered":"Testimonio de Rom\u00e1n Ferrer, alumno DUAL de Programaci\u00f3n de la Producci\u00f3n Fabricaci\u00f3n Mec\u00e1nica de MGEP"},"content":{"rendered":"<p>Rom\u00e1n Ferrer Garc\u00eda es alumno del ciclo formativo de grado superior en <a href=\"https:\/\/www.mondragon.edu\/es\/formacion-profesional-programacion-produccion-fabricacion-mecanica\">Programaci\u00f3n de la Producci\u00f3n en Fabricaci\u00f3n Mec\u00e1nica<\/a> de <a href=\"https:\/\/www.mondragon.edu\/eu\/goi-eskola-politeknikoa\">MGEP<\/a>. Le hemos hecho la siguiente entrevista:<\/p>\n<p><strong>\u00bfPor qu\u00e9 elegiste esta titulaci\u00f3n?<\/strong><\/p>\n<p>Principalmente por la salida profesional que tiene.\u00a0 Adem\u00e1s en Euskadi existen muchas empresas dedicadas a la fabricaci\u00f3n mec\u00e1nica y particularmente en la comarca del Alto Deba.<\/p>\n<p><strong>\u00bfPor qu\u00e9 elegiste <a href=\"https:\/\/www.mondragon.edu\/eu\/goi-eskola-politeknikoa\">MGEP<\/a>?<\/strong><\/p>\n<p>Eleg\u00ed cursar mis estudios en <a href=\"https:\/\/www.mondragon.edu\/eu\/goi-eskola-politeknikoa\">MGEP<\/a> tras acudir a unas<a href=\"https:\/\/www.mondragon.edu\/es\/ciclos-formativos-grado-superior\/puertas-abiertas\"> jornadas de puertas abiertas.<\/a> Me convenci\u00f3 el programa y las instalaciones. Adem\u00e1s ten\u00eda muy buenas referencias de familiares que habian cursado sus estudios all\u00ed, as\u00ed que lo tuve claro.<\/p>\n<p><strong>\u00bfD\u00f3nde est\u00e1s haciendo DUAL, en que sector est\u00e1, qu\u00e9 te ha aportado, como te han recibido en la empresa?<\/strong><\/p>\n<p>Estoy haciendo mi formaci\u00f3n <a href=\"https:\/\/www.mondragon.edu\/es\/formacion-profesional-programacion-produccion-fabricacion-mecanica\/formacion-dual-regimen-alternancia\">DUAL<\/a> en ULMA Packaging.\u00a0 ULMA Packaging apuesta por el talento, la calidad y la mejora continua, as\u00ed que cuando me ofrecieron la posiblidad de hacer aqu\u00ed mis pr\u00e1cticas, me alegr\u00e9 mucho. La experiencia diaria es altamente positiva,el personal es muy cualificado y aprendo cada d\u00eda de ellos en un ambiente colaborativo.<\/p>\n<p><strong>\u00bfQu\u00e9 es lo que has aprendido en la empresa?<\/strong><\/p>\n<p>Desde el punto de vista industrial conceptos claves como la importancia de la calidad, la mejora de los procesos productivos y la apuesta por la innovaci\u00f3n. Y desde el punto de vista personal, la importancia del trabajo en equipo que incide muy directamente en\u00a0 la mejora de producci\u00f3n.<\/p>\n<div style=\"text-align: center\"><img loading=\"lazy\" class=\"alignnone size-medium\" src=\"https:\/\/live.staticflickr.com\/65535\/51172864010_f80468f182_o.jpg\" width=\"2248\" height=\"2664\" \/><\/div>\n<p><strong>\u00bfHa cubierto el ciclo que has estudiado (Actividades de Eskola + Pr\u00e1cticas) lo que esperabas inicialmente?<\/strong><\/p>\n<p>S\u00ed. De <a href=\"https:\/\/www.mondragon.edu\/eu\/goi-eskola-politeknikoa\">MGEP<\/a> destaco muy positivamente el conjunto de competencias transversales que he adquirido, destacando con especial cari\u00f1o los v\u00ednculos personales y profesionales creados all\u00ed. En cuanto a las pr\u00e1cticas en empresa est\u00e1n superando con creces mis expectativas, ya que el aprendizaje en ULMA Packaging es continuo, lo cual me permite crecer profesionalmente a diario, complementando los conocimientos adquiridos inicialmente en MGEP.<\/p>\n<p>&nbsp;<\/p>\n","protected":false},"excerpt":{"rendered":"<p>Rom\u00e1n Ferrer Garc\u00eda es alumno del ciclo formativo de grado superior en Programaci\u00f3n de la Producci\u00f3n en Fabricaci\u00f3n Mec\u00e1nica de MGEP. Le hemos hecho la siguiente entrevista: \u00bfPor qu\u00e9 elegiste esta titulaci\u00f3n? Principalmente por la salida profesional que tiene.\u00a0 Adem\u00e1s en Euskadi existen muchas empresas dedicadas a la fabricaci\u00f3n mec\u00e1nica y particularmente en la comarca del Alto Deba. \u00bfPor qu\u00e9 elegiste MGEP? Eleg\u00ed cursar mis estudios en MGEP tras acudir a unas jornadas de puertas abiertas. Me convenci\u00f3 el programa y las instalaciones. Adem\u00e1s ten\u00eda muy buenas referencias de familiares que habian cursado sus estudios all\u00ed, as\u00ed que lo tuve claro. \u00bfD\u00f3nde est\u00e1s haciendo DUAL, en que sector est\u00e1, qu\u00e9 te ha aportado, como te han recibido en la empresa? Estoy haciendo mi formaci\u00f3n DUAL en ULMA Packaging.\u00a0 ULMA Packaging apuesta por el talento, la calidad y la mejora continua,&#8230;<\/p>\n","protected":false},"author":289,"featured_media":-1,"comment_status":"open","ping_status":"open","sticky":false,"template":"","format":"standard","meta":[],"categories":[237,171,114,169],"tags":[],"amp_enabled":true,"_links":{"self":[{"href":"https:\/\/mukom.mondragon.edu\/mondragonfp\/wp-json\/wp\/v2\/posts\/4645"}],"collection":[{"href":"https:\/\/mukom.mondragon.edu\/mondragonfp\/wp-json\/wp\/v2\/posts"}],"about":[{"href":"https:\/\/mukom.mondragon.edu\/mondragonfp\/wp-json\/wp\/v2\/types\/post"}],"author":[{"embeddable":true,"href":"https:\/\/mukom.mondragon.edu\/mondragonfp\/wp-json\/wp\/v2\/users\/289"}],"replies":[{"embeddable":true,"href":"https:\/\/mukom.mondragon.edu\/mondragonfp\/wp-json\/wp\/v2\/comments?post=4645"}],"version-history":[{"count":12,"href":"https:\/\/mukom.mondragon.edu\/mondragonfp\/wp-json\/wp\/v2\/posts\/4645\/revisions"}],"predecessor-version":[{"id":6637,"href":"https:\/\/mukom.mondragon.edu\/mondragonfp\/wp-json\/wp\/v2\/posts\/4645\/revisions\/6637"}],"wp:featuredmedia":[{"embeddable":true,"href":"https:\/\/mukom.mondragon.edu\/mondragonfp\/wp-json\/"}],"wp:attachment":[{"href":"https:\/\/mukom.mondragon.edu\/mondragonfp\/wp-json\/wp\/v2\/media?parent=4645"}],"wp:term":[{"taxonomy":"category","embeddable":true,"href":"https:\/\/mukom.mondragon.edu\/mondragonfp\/wp-json\/wp\/v2\/categories?post=4645"},{"taxonomy":"post_tag","embeddable":true,"href":"https:\/\/mukom.mondragon.edu\/mondragonfp\/wp-json\/wp\/v2\/tags?post=4645"}],"curies":[{"name":"wp","href":"https:\/\/api.w.org\/{rel}","templated":true}]}}