{"id":4736,"date":"2021-06-02T09:00:09","date_gmt":"2021-06-02T07:00:09","guid":{"rendered":"http:\/\/mukom.mondragon.edu\/mondragonfp\/?p=4736"},"modified":"2023-02-27T12:10:29","modified_gmt":"2023-02-27T11:10:29","slug":"testimonio-de-cristian-valenti-alumno-dual-de-programacion-de-la-produccion-en-fabricacion-mecanica","status":"publish","type":"post","link":"https:\/\/mukom.mondragon.edu\/mondragonfp\/es\/2021\/06\/02\/testimonio-de-cristian-valenti-alumno-dual-de-programacion-de-la-produccion-en-fabricacion-mecanica\/","title":{"rendered":"Testimonio de Cristian Valenti, alumno DUAL de Programaci\u00f3n de la Producci\u00f3n en Fabricaci\u00f3n Mec\u00e1nica"},"content":{"rendered":"<p>Cristian Valenti Santos, est\u00e1 cursando en formato <a href=\"https:\/\/www.mondragon.edu\/es\/formacion-profesional-programacion-produccion-fabricacion-mecanica\/formacion-dual-regimen-alternancia\">DUAL<\/a> el segundo curso de <a href=\"https:\/\/www.mondragon.edu\/es\/formacion-profesional-programacion-produccion-fabricacion-mecanica\">Programaci\u00f3n de la Producci\u00f3n en Fabricaci\u00f3n Mec\u00e1nica<\/a> de <a href=\"https:\/\/www.mondragon.edu\/es\/escuela-politecnica-superior\">Mondragon Goi Eskola Politeknikoa<\/a>. Aqu\u00ed su testimonio:<\/p>\n<p><strong>\u00bfPor qu\u00e9 elegiste esta titulaci\u00f3n?<\/strong><\/p>\n<p>Estudi\u00e9 Bachillerato y vine a Mondrag\u00f3n a realizar <a href=\"https:\/\/www.mondragon.edu\/es\/formacion-profesional-programacion-produccion-fabricacion-mecanica\">la titulaci\u00f3n<\/a> porque consider\u00e9\u00a0sobre todo la\u00a0salida laboral. Adem\u00e1s un familiar curs\u00f3 la misma titulaci\u00f3n y me la hab\u00eda recomendado.\u00a0Eleg\u00ed <a href=\"https:\/\/www.mondragon.edu\/es\/escuela-politecnica-superior\">MGEP<\/a> porque considero\u00a0 que es un un centro\u00a0de prestigio, mucha experiencia en este tipo de estudios industriales y con una buena relaci\u00f3n\u00a0 con muchas empresas, lo que aporta buena salida al mundo laboral. Ten\u00eda muy buenas referencias.<\/p>\n<p><strong>\u00bfHas optado tambi\u00e9n por la <a href=\"https:\/\/www.mondragon.edu\/es\/formacion-profesional-programacion-produccion-fabricacion-mecanica\/formacion-dual-regimen-alternancia\">DUAL<\/a>? \u00bfD\u00f3nde la est\u00e1s llevando a cabo?, \u00bfqu\u00e9 te ha aportado, c\u00f3mo te han\u00a0acogido en la empresa?<\/strong><\/p>\n<p>La formaci\u00f3n <a href=\"https:\/\/www.mondragon.edu\/es\/formacion-profesional-programacion-produccion-fabricacion-mecanica\/formacion-dual-regimen-alternancia\">DUAL <\/a>la he realizado\u00a0en Mondragon Unibertsitatea, en un grupo de I+D, y m\u00e1s concretamente, en el laboratorio de compuestos y pol\u00edmeros. El estar en este laboratorio me ha aportado el aprendizaje de nuevas tecnolog\u00edas de fabricaci\u00f3n, nuevos conocimientos de procesos que desconoc\u00eda. En el grupo de I+D me han acogido fenomenal, considero que me han\u00a0 ayudado\u00a0siempre que lo he necesitado.<\/p>\n<div style=\"text-align: center\"><img loading=\"lazy\" class=\"alignnone size-medium\" src=\"https:\/\/live.staticflickr.com\/65535\/51191100933_c0f29c339f_o.jpg\" width=\"4624\" height=\"3472\" \/><\/div>\n<div><\/div>\n<div><strong>\u00bfQu\u00e9\u00a0de lo que has aprendido en MGEP en tu formaci\u00f3n <a href=\"https:\/\/www.mondragon.edu\/es\/formacion-profesional-programacion-produccion-fabricacion-mecanica\/formacion-dual-regimen-alternancia\">DUAL<\/a>\u00a0destacar\u00edas?<\/strong><\/div>\n<div><\/div>\n<div>En <a href=\"https:\/\/www.mondragon.edu\/es\/escuela-politecnica-superior\">MGEP<\/a> he aprendido a estar en un equipo de trabajo, su importancia para sacar las cosas adelante y adoptar distintas metodolog\u00edas, adem\u00e1s de adquirir el conocimiento de los m\u00e9todos de fabricaci\u00f3n del laboratorio de composites.<\/div>\n<div><\/div>\n<div><strong>\u00bfHa cubierto el ciclo que has estudiado (actividades de\u00a0MGEP + pr\u00e1cticas) lo que esperabas inicialmente?<\/strong><\/div>\n<div><\/div>\n<div>El ciclo que he estudiado es muy general, no s\u00f3lo se centra en el mecanizado por lo que las actividades realizadas en <a href=\"https:\/\/www.mondragon.edu\/es\/escuela-politecnica-superior\">MGEP<\/a> han cubierto totalmente lo que esperaba y la experiencia DUAL ha completado mucho mi formaci\u00f3n. El haber hecho la formaci\u00f3n <a href=\"https:\/\/www.mondragon.edu\/es\/formacion-profesional-programacion-produccion-fabricacion-mecanica\/formacion-dual-regimen-alternancia\">DUAL<\/a> con\u00a0 tecnolog\u00edas que no conoc\u00eda tanto, me da m\u00e1s confianza para cuando tenga que empezar en nuevas secciones.<\/div>\n<div><\/div>\n<div><strong>\u00bfRecomiendas la formaci\u00f3n <a href=\"https:\/\/www.mondragon.edu\/es\/formacion-profesional-programacion-produccion-fabricacion-mecanica\/formacion-dual-regimen-alternancia\">DUAL<\/a>?<\/strong><\/div>\n<div><\/div>\n<div>La formaci\u00f3n Dual te quita tiempo libre pero es una muy buena oportunidad para darte cuenta de c\u00f3mo se trabaja en el mundo laboral, permiti\u00e9ndote adaptarte como proyecto de formaci\u00f3n para un futuro laboral.<\/div>\n<div><\/div>\n","protected":false},"excerpt":{"rendered":"<p>Cristian Valenti Santos, est\u00e1 cursando en formato DUAL el segundo curso de Programaci\u00f3n de la Producci\u00f3n en Fabricaci\u00f3n Mec\u00e1nica de Mondragon Goi Eskola Politeknikoa. Aqu\u00ed su testimonio: \u00bfPor qu\u00e9 elegiste esta titulaci\u00f3n? Estudi\u00e9 Bachillerato y vine a Mondrag\u00f3n a realizar la titulaci\u00f3n porque consider\u00e9\u00a0sobre todo la\u00a0salida laboral. Adem\u00e1s un familiar curs\u00f3 la misma titulaci\u00f3n y me la hab\u00eda recomendado.\u00a0Eleg\u00ed MGEP porque considero\u00a0 que es un un centro\u00a0de prestigio, mucha experiencia en este tipo de estudios industriales y con una buena relaci\u00f3n\u00a0 con muchas empresas, lo que aporta buena salida al mundo laboral. Ten\u00eda muy buenas referencias. \u00bfHas optado tambi\u00e9n por la DUAL? \u00bfD\u00f3nde la est\u00e1s llevando a cabo?, \u00bfqu\u00e9 te ha aportado, c\u00f3mo te han\u00a0acogido en la empresa? La formaci\u00f3n DUAL la he realizado\u00a0en Mondragon Unibertsitatea, en un grupo de I+D, y m\u00e1s concretamente, en el laboratorio de compuestos y&#8230;<\/p>\n","protected":false},"author":289,"featured_media":-1,"comment_status":"open","ping_status":"open","sticky":false,"template":"","format":"standard","meta":[],"categories":[171,144,114,169],"tags":[],"amp_enabled":true,"_links":{"self":[{"href":"https:\/\/mukom.mondragon.edu\/mondragonfp\/wp-json\/wp\/v2\/posts\/4736"}],"collection":[{"href":"https:\/\/mukom.mondragon.edu\/mondragonfp\/wp-json\/wp\/v2\/posts"}],"about":[{"href":"https:\/\/mukom.mondragon.edu\/mondragonfp\/wp-json\/wp\/v2\/types\/post"}],"author":[{"embeddable":true,"href":"https:\/\/mukom.mondragon.edu\/mondragonfp\/wp-json\/wp\/v2\/users\/289"}],"replies":[{"embeddable":true,"href":"https:\/\/mukom.mondragon.edu\/mondragonfp\/wp-json\/wp\/v2\/comments?post=4736"}],"version-history":[{"count":8,"href":"https:\/\/mukom.mondragon.edu\/mondragonfp\/wp-json\/wp\/v2\/posts\/4736\/revisions"}],"predecessor-version":[{"id":6635,"href":"https:\/\/mukom.mondragon.edu\/mondragonfp\/wp-json\/wp\/v2\/posts\/4736\/revisions\/6635"}],"wp:featuredmedia":[{"embeddable":true,"href":"https:\/\/mukom.mondragon.edu\/mondragonfp\/wp-json\/"}],"wp:attachment":[{"href":"https:\/\/mukom.mondragon.edu\/mondragonfp\/wp-json\/wp\/v2\/media?parent=4736"}],"wp:term":[{"taxonomy":"category","embeddable":true,"href":"https:\/\/mukom.mondragon.edu\/mondragonfp\/wp-json\/wp\/v2\/categories?post=4736"},{"taxonomy":"post_tag","embeddable":true,"href":"https:\/\/mukom.mondragon.edu\/mondragonfp\/wp-json\/wp\/v2\/tags?post=4736"}],"curies":[{"name":"wp","href":"https:\/\/api.w.org\/{rel}","templated":true}]}}