{"id":4860,"date":"2021-07-20T12:05:04","date_gmt":"2021-07-20T10:05:04","guid":{"rendered":"http:\/\/mukom.mondragon.edu\/mondragonfp\/?p=4860"},"modified":"2023-02-27T11:27:48","modified_gmt":"2023-02-27T10:27:48","slug":"testimonio-de-iker-macias-alumno-dual-de-administracion-de-sistemas-informaticos-en-red-asir","status":"publish","type":"post","link":"https:\/\/mukom.mondragon.edu\/mondragonfp\/es\/2021\/07\/20\/testimonio-de-iker-macias-alumno-dual-de-administracion-de-sistemas-informaticos-en-red-asir\/","title":{"rendered":"Testimonio de Iker Macias, alumno DUAL de Administraci\u00f3n de Sistemas Inform\u00e1ticos en Red (ASIR)"},"content":{"rendered":"<p>Iker Mac\u00edas es alumno del 2\u00ba curso de <a href=\"https:\/\/www.mondragon.edu\/eu\/heziketa-zikloa-sareko-informatika-sistemen-administrazioa\/sareko-informatika-sistemen-administrazioa\">Administraci\u00f3n de Sistemas Inform\u00e1ticos en Red<\/a> en <a href=\"https:\/\/www.mondragon.edu\/eu\/goi-eskola-politeknikoa\">MGEP<\/a> y nos ha dejado su testimonio:<\/p>\n<p><strong>\u00bfPor qu\u00e9 decidiste estudiar el ciclo formativo de grado superior<a href=\"https:\/\/www.mondragon.edu\/eu\/heziketa-zikloa-sareko-informatika-sistemen-administrazioa\/sareko-informatika-sistemen-administrazioa\"> ASIR<\/a>?<\/strong><\/p>\n<p>Al terminar el bachiller, no ten\u00eda muy claro lo que quer\u00eda estudiar, pero como la inform\u00e1tica me gustaba, decid\u00ed estudiar el ciclo de ASIR.<\/p>\n<p><strong>\u00bfPor qu\u00e9 <a href=\"https:\/\/www.mondragon.edu\/eu\/goi-eskola-politeknikoa\">MGEP<\/a>?<\/strong><\/p>\n<p>Me decid\u00ed por <a href=\"https:\/\/www.mondragon.edu\/eu\/goi-eskola-politeknikoa\">MGEP<\/a> porqu\u00e9 en las puertas abiertas pude ver las instalaciones eran muy buenas y que el ciclo estaba muy bien estructurado. Soy de Durango y me he organizado bien con los horarios durante los 2 cursos. Aun as\u00ed, tener carne de conducir\u00a0ha sido una ventaja a diferencia de venir en autob\u00fas. Hemos tenido buena relaci\u00f3n entre los alumnos en estos dos a\u00f1os, ya que a todos nos gusta la inform\u00e1tica y por lo tanto, lo hemos compartido. El ambiente en el trabajo tambi\u00e9n ha sido muy bueno, siempre hemos estado para ayudarnos entre nosotros.<\/p>\n<p><strong>En este ciclo formativo trabaj\u00e1is con la\u00a0<a href=\"https:\/\/www.mondragon.edu\/es\/formacion-profesional-mecatronica-industrial\/aprender-haciendo\">metodolog\u00eda activa ETHAZI<\/a>, es decir, trabajando las funciones profesionales a trav\u00e9s de retos\u00a0realizados\u00a0en equipo. \u00bfC\u00f3mo ha sido para ti esta experiencia?<\/strong><\/p>\n<p>Los retos que hemos hecho en clase han sido muy pr\u00e1cticos e interesantes. Estas pr\u00e1cticas durante el trimestre me ha ayudado para ser mas competente. Valoro esta experiencia de forma muy positiva, creo que es muy \u00fatil lo que sacas individualmente mediante estos proyectos.<\/p>\n<p><strong>\u00bfD\u00f3nde est\u00e1s haciendo <a href=\"https:\/\/www.mondragon.edu\/eu\/heziketa-zikloa-sareko-informatika-sistemen-administrazioa\/formakuntza-duala-erregimen-partekatuan\">DUAL,<\/a> c\u00f3mo ha sido la experiencia?<\/strong><\/p>\n<p>Desde el principio mi objetivo fue la formaci\u00f3n <a href=\"https:\/\/www.mondragon.edu\/eu\/heziketa-zikloa-sareko-informatika-sistemen-administrazioa\/formakuntza-duala-erregimen-partekatuan\">DUAL<\/a>, y as\u00ed ha sido en la empresa INYCOM. Mediante INYCOM ahora estoy trabajando en el departamento de Sistemas de Informaci\u00f3n de <a href=\"https:\/\/www.mondragon.edu\/eu\/goi-eskola-politeknikoa\">Mondragon Goi Eskola Politeknikoa<\/a>.<\/p>\n<p>En un principio para conocer la funcionalidad de la empresa y las infraestructuras TIC los trabajos que hac\u00eda eran bastante mec\u00e1nicos. Hac\u00eda varias reparaciones en los TIC que llegaban, intentaba entenderlo, y dar una soluci\u00f3n t\u00e9cnica. Mi preocupaci\u00f3n principal era conseguir ponerlos en marcha. Tambi\u00e9n estuve haciendo el inventario de los puntos de red, a consecuencia del Covid, muchos profesores ten\u00edan que conectarse de forma virtual y necesitaban una buena conexi\u00f3n a internet. Gracias a ello aprend\u00ed sobre el funcionamiento en las infraestructuras de redes. Adem\u00e1s aprend\u00ed como dar de alta los puntos de red, como inventariarlos y configurarlos. Mas adelante, cuando obtuve mas conocimiento, comenc\u00e9 con trabajos en el desarrollo web. Uno de los trabajos que he hecho ha sido configurar una aplicaci\u00f3n web para el comedor, para gestionar las reservas. Junto con esto he aprendido el proceso de colocar la aplicaci\u00f3n Intranet. Desde el principio me he sentido muy c\u00f3modo en la empresa. Me han esplicado todo muy al detalle, me han ofrecido ayuda y siempre han estado para ayudarme cuando he tenido alguna duda. De la misma forma, me han dado independencia a la hora de realizar algunas tareas, para poder aprender mas por mi cuenta. No he tenido un planing espec\u00edfico de tareas. Todas las semanas ten\u00eda cosas diferentes que hacer y yo mismo he gestionado el tiempo para\u00a0solventar el problema.<\/p>\n<p>\u00a1No he tenido tiempo para aburrirme ya que no es un trabajo mon\u00f3tono!<\/p>\n<div><img loading=\"lazy\" class=\"alignnone size-medium\" src=\"https:\/\/live.staticflickr.com\/65535\/51198678532_b874c0ebd7_o.jpg\" width=\"5792\" height=\"4344\" \/><\/div>\n<p style=\"text-align: left\"><strong>\u00a0\u00bfQu\u00e9 has aprendido en la empresa?<\/strong><\/p>\n<p style=\"text-align: left\">He aprendido a autogestionar mis tareas. Tambi\u00e9n el funcionamiento de aplicaciones web y su mantenimiento, por lo tanto he comprendido la importancia de la calidad en los productos y en el servicio que ofrecemos desde el departamento de Sistemas de Informaci\u00f3n en la empresa.<\/p>\n<p style=\"text-align: left\"><strong>\u00a0\u00bfHas utilizado en la empresa lo aprendido en el ciclo?<\/strong><\/p>\n<p style=\"text-align: left\">Si, he utilizado muchas de las cosas que he aprendido en el ciclo. Tambi\u00e9n, gracias al DUAL he podido mejorar lo aprendido. He configurado servidores, he actualizado bases de datos y he configurado los puntos de red.<\/p>\n<p style=\"text-align: left\"><strong>\u00bfMirando atr\u00e1s, se han cumplido tus expectativas?<\/strong><\/p>\n<p style=\"text-align: left\">Si, estoy muy contento. Al principio estaba nervioso ya que no sab\u00eda si se cumplir\u00edan mis expectativas. Ahora que he aprendido mucho, me he dado cuenta de que me gusta la inform\u00e1tica, y me ha ayudado a verlo.<\/p>\n<p style=\"text-align: left\"><strong>\u00bfCon la perspectiva que tienes ahora, que intenci\u00f3n tienes para el a\u00f1o que viene?<\/strong><\/p>\n<p style=\"text-align: left\">El a\u00f1o que viene me gustar\u00eda estudiar el grado en ingenier\u00eda inform\u00e1tica. Creo que me ayudar\u00e1 a mejorar mis conocimientos con la inform\u00e1tica.<\/p>\n<p style=\"text-align: left\"><strong>\u00a0\u00bfQu\u00e9 tal la experiencia <a href=\"https:\/\/www.mondragon.edu\/eu\/heziketa-zikloa-sareko-informatika-sistemen-administrazioa\/formakuntza-duala-erregimen-partekatuan\">DUAL<\/a>, estudiando y trabajando?<\/strong><\/p>\n<p style=\"text-align: left\">Mi experiencia <a href=\"https:\/\/www.mondragon.edu\/eu\/heziketa-zikloa-sareko-informatika-sistemen-administrazioa\/formakuntza-duala-erregimen-partekatuan\">DUAL<\/a> ha sido muy buena. Si que es exigente pero haciendo un poco de esfuerzo se puede hacer. En casa hay que trabajar mas pero lo merece. Lo recomiendo totalemente.<\/p>\n<div><img loading=\"lazy\" class=\"alignnone size-medium\" src=\"https:\/\/live.staticflickr.com\/65535\/51198888112_842f0eedb1_b.jpg\" width=\"1024\" height=\"671\" \/><\/div>\n","protected":false},"excerpt":{"rendered":"<p>Iker Mac\u00edas es alumno del 2\u00ba curso de Administraci\u00f3n de Sistemas Inform\u00e1ticos en Red en MGEP y nos ha dejado su testimonio: \u00bfPor qu\u00e9 decidiste estudiar el ciclo formativo de grado superior ASIR? Al terminar el bachiller, no ten\u00eda muy claro lo que quer\u00eda estudiar, pero como la inform\u00e1tica me gustaba, decid\u00ed estudiar el ciclo de ASIR. \u00bfPor qu\u00e9 MGEP? Me decid\u00ed por MGEP porqu\u00e9 en las puertas abiertas pude ver las instalaciones eran muy buenas y que el ciclo estaba muy bien estructurado. Soy de Durango y me he organizado bien con los horarios durante los 2 cursos. Aun as\u00ed, tener carne de conducir\u00a0ha sido una ventaja a diferencia de venir en autob\u00fas. Hemos tenido buena relaci\u00f3n entre los alumnos en estos dos a\u00f1os, ya que a todos nos gusta la inform\u00e1tica y por lo tanto, lo hemos compartido&#8230;.<\/p>\n","protected":false},"author":289,"featured_media":-1,"comment_status":"open","ping_status":"open","sticky":false,"template":"","format":"standard","meta":[],"categories":[142,237,144,114],"tags":[],"amp_enabled":true,"_links":{"self":[{"href":"https:\/\/mukom.mondragon.edu\/mondragonfp\/wp-json\/wp\/v2\/posts\/4860"}],"collection":[{"href":"https:\/\/mukom.mondragon.edu\/mondragonfp\/wp-json\/wp\/v2\/posts"}],"about":[{"href":"https:\/\/mukom.mondragon.edu\/mondragonfp\/wp-json\/wp\/v2\/types\/post"}],"author":[{"embeddable":true,"href":"https:\/\/mukom.mondragon.edu\/mondragonfp\/wp-json\/wp\/v2\/users\/289"}],"replies":[{"embeddable":true,"href":"https:\/\/mukom.mondragon.edu\/mondragonfp\/wp-json\/wp\/v2\/comments?post=4860"}],"version-history":[{"count":23,"href":"https:\/\/mukom.mondragon.edu\/mondragonfp\/wp-json\/wp\/v2\/posts\/4860\/revisions"}],"predecessor-version":[{"id":6626,"href":"https:\/\/mukom.mondragon.edu\/mondragonfp\/wp-json\/wp\/v2\/posts\/4860\/revisions\/6626"}],"wp:featuredmedia":[{"embeddable":true,"href":"https:\/\/mukom.mondragon.edu\/mondragonfp\/wp-json\/"}],"wp:attachment":[{"href":"https:\/\/mukom.mondragon.edu\/mondragonfp\/wp-json\/wp\/v2\/media?parent=4860"}],"wp:term":[{"taxonomy":"category","embeddable":true,"href":"https:\/\/mukom.mondragon.edu\/mondragonfp\/wp-json\/wp\/v2\/categories?post=4860"},{"taxonomy":"post_tag","embeddable":true,"href":"https:\/\/mukom.mondragon.edu\/mondragonfp\/wp-json\/wp\/v2\/tags?post=4860"}],"curies":[{"name":"wp","href":"https:\/\/api.w.org\/{rel}","templated":true}]}}