{"id":4916,"date":"2021-07-20T12:10:57","date_gmt":"2021-07-20T10:10:57","guid":{"rendered":"http:\/\/mukom.mondragon.edu\/mondragonfp\/?p=4916"},"modified":"2022-10-19T16:52:23","modified_gmt":"2022-10-19T14:52:23","slug":"testimonio-de-joselyn-ganchozo-alumna-dual-de-diseno-en-fabricacion-mecanica-en-mgep","status":"publish","type":"post","link":"https:\/\/mukom.mondragon.edu\/mondragonfp\/es\/2021\/07\/20\/testimonio-de-joselyn-ganchozo-alumna-dual-de-diseno-en-fabricacion-mecanica-en-mgep\/","title":{"rendered":"Testimonio de Joselyn Ganchozo, alumna DUAL de Dise\u00f1o en Fabricaci\u00f3n Mec\u00e1nica en MGEP"},"content":{"rendered":"\n<p><strong>Joselyn Ganchozo<\/strong> es de Aretxabaleta y es alumna de 2. curso de<a href=\"https:\/\/www.mondragon.edu\/es\/ciclos-formativos-grado-superior\/oferta-formacion-profesional\"> CFGS<\/a> de <a href=\"https:\/\/www.mondragon.edu\/es\/formacion-profesional-diseno-fabricacion-mecanica\">Dise\u00f1o en Fabricaci\u00f3n Mec\u00e1nica<\/a> de <a href=\"https:\/\/www.mondragon.edu\/es\/escuela-politecnica-superior\">MGEP<\/a>. Aqu\u00ed su testimonio:<\/p>\n\n\n<div class=\"wp-block-image\">\n<figure class=\"aligncenter size-large is-resized\"><img loading=\"lazy\" src=\"https:\/\/live.staticflickr.com\/65535\/51172856975_bc787740ae_o.jpg\" alt=\"\" width=\"479\" height=\"638\"\/><\/figure><\/div>\n\n\n<p><strong>\u00bfPor qu\u00e9 elegiste este ciclo formativo?<\/strong><\/p>\n\n\n\n<p>Termin\u00e9 el Bachiller y estaba perdida. La inform\u00e1tica me llamaba la atenci\u00f3n y empec\u00e9 con el Grado en Ingenier\u00eda Inform\u00e1tica en MU, pero me di cuenta de que no era lo m\u00edo y decid\u00ed hacer un ciclo. No quer\u00eda seguir la rama de la Inform\u00e1tica y como el bachiller que hice fue tecnol\u00f3gico, decid\u00ed hacer el ciclo formativo de grado superior en Dise\u00f1o. No pude acudir a la jornada de puertas abiertas, pero pude estar con Gorka Aretxaga, coordinador de ciclos formativos de grado superior y el me ayudo a decidirme por el Dise\u00f1o.<\/p>\n\n\n\n<p><strong>\u00bfPor qu\u00e9 <a href=\"https:\/\/www.mondragon.edu\/es\/escuela-politecnica-superior\">MGEP<\/a>?<\/strong><\/p>\n\n\n\n<p>Sobre todo por la cercan\u00eda, ya que Aretxabaleta est\u00e1 cerca. Tambi\u00e9n por la buena fama que tiene. Al hacer el Grado en Ingenier\u00eda Inform\u00e1tica me llev\u00e9 muy bien con los compa\u00f1eros de clase, pero no me sent\u00eda totalmente integrada, ya que la Inform\u00e1tica no me terminaba de gustar. Ahora en cambio, en el ciclo, hemos tenido gente de fuera, pero est\u00e1n mas cerca de mi perfil o estilo. Me he sentido mas c\u00f3moda y como \u00e9ramos pocos alumnos, hab\u00eda buen ambiente entre nosotros.<\/p>\n\n\n\n<p><strong>En este ciclo formativo trabaj\u00e1is con la&nbsp;<a href=\"https:\/\/www.mondragon.edu\/es\/formacion-profesional-mecatronica-industrial\/aprender-haciendo\">metodolog\u00eda activa ETHAZI<\/a>, es decir, trabajando las funciones profesionales a trav\u00e9s de retos&nbsp;realizados&nbsp;en equipo. \u00bfC\u00f3mo ha sido para ti esta experiencia?<\/strong><\/p>\n\n\n\n<p>En el 1\u00ba curso hicimos un reto sobre Cilindros Neum\u00e1ticos y al final del curos el <a href=\"https:\/\/www.mondragon.edu\/es\/formacion-profesional-diseno-fabricacion-mecanica\/aprender-haciendo\">reto<\/a> de una destructora de pl\u00e1stico, pero a consecuencia del COVID19, este \u00faltimo reto quedo en papel y no lo pudimos llevar a pr\u00e1ctica.<\/p>\n\n\n\n<p>En el 2\u00ba curso, hicimos el dise\u00f1o de una inyectora de pl\u00e1stico mediante CATIA, utilizando el entorno colaborativo 3DExperience de Dassault. Dise\u00f1amos el molde y producimos e hicimos pruebas. En el \u00faltimo reto hemos hecho el dise\u00f1o y la producci\u00f3n de una Skateboard.<\/p>\n\n\n\n<p><strong>\u00bfC\u00f3mo valorar\u00edas esta experiencia?<\/strong><\/p>\n\n\n\n<p>Esta experiencia ha sido buena. Me he visto muy bien y me gustar\u00eda especializarme mas en el dise\u00f1o.<\/p>\n\n\n\n<p><strong>Has estado en la formaci\u00f3n&nbsp;<a href=\"https:\/\/www.mondragon.edu\/eu\/heziketa-zikloa-sareko-informatika-sistemen-administrazioa\/formakuntza-duala-erregimen-partekatuan\">DUAL<\/a>, \u00bfQu\u00e9 nos puedes contar?<\/strong><\/p>\n\n\n\n<p>He hecho <a href=\"https:\/\/www.mondragon.edu\/es\/formacion-profesional-diseno-fabricacion-mecanica\/formacion-dual-regimen-alternancia\">DUAL<\/a> en EKIDE GROUP S.L. y estoy desde septiembre del 2020 en el negocio de Ingenier\u00eda y Fabricaci\u00f3n.<\/p>\n\n\n\n<p>Sobre todo he trabajado con el programa NX como t\u00e9cnico de dise\u00f1o: dise\u00f1ar piezas en 3D, correcciones, cambios, lista de piezas y planos en 2D para llevarlos despu\u00e9s a la fabricaci\u00f3n. El ambiente en la oficina ha sido muy buena, cualquier duda que he tenido, he podido preguntar y siempre han estado dispuestos a ayudarme.<\/p>\n\n\n\n<p>En el negocio de Ingenier\u00eda y Fabricaci\u00f3n de EKIDE, los clientes nos dan los dise\u00f1os 3D y nosotros lo mejoramos cara a la fabricaci\u00f3n, para que la pieza sea mas barata y f\u00e1cil de hacer. Por \u00faltimo enviamos el listado del material a los proveedores y el dise\u00f1o de prototipos para hacer la serie del principio.<\/p>\n\n\n\n<p>Puedo decir que he trabajado como T\u00e9cnico de Dise\u00f1o.<\/p>\n\n\n\n<p><strong>\u00bfQu\u00e9 has aprendido en la empresa?<\/strong><\/p>\n\n\n\n<p>He aprendido que si uno no hace bien su trabajo, el producto no sale adelante. Mi trabajo afecta en el trabajo de los dem\u00e1s y ese grupo de trabajo hay que mantenerlo y adaptarlo.<\/p>\n\n\n\n<p><strong>\u00bfLos trabajos que realizas en la empresa, los has utilizado en el ciclo?<\/strong><\/p>\n\n\n\n<p>Sobre todo he trabajado con el dise\u00f1o de piezas de Pl\u00e1stico y Chapa, y esto tiene que ver sobre todo con lo aprendido en el 2\u00ba curso. Aunque en clase hayamos trabajado algo el NX (sobre todo SolidWorks), en EKIDE he tenido la oportunidad de practicarlo mucho m\u00e1s.<\/p>\n\n\n\n<p><strong>Tus impresiones despu\u00e9s de tu primer puesto de trabajo: \u00bfQu\u00e9 esperabas y como ha sido?<\/strong><\/p>\n\n\n\n<p>Est\u00e1 siendo mi primera experiencia laboral. Al principio ten\u00eda miedo de no encajar bien en la empresa o sentirme perdida, pero en la realidad ha sido justo lo contrario. Hay buena comunicaci\u00f3n entre los trabajadores y me he sentido muy c\u00f3moda trabajando.<\/p>\n\n\n\n<p><strong>\u00bfHa cubierto el ciclo que has estudiado (Actividades de Eskola + Pr\u00e1cticas) lo que esperabas inicialmente?<\/strong><\/p>\n\n\n\n<p>Si, ha cumplido totalmente las expectativas que ten\u00eda la principio. Adem\u00e1s me gustar\u00eda continuar mis estudios y por ello quiero hacer el grado en Ingenier\u00eda de desarrollo del producto, para formarme m\u00e1s en el mundo del dise\u00f1o.<\/p>\n\n\n\n<p><strong>\u00bfQu\u00e9 tal la experiencia&nbsp;<a href=\"https:\/\/www.mondragon.edu\/es\/formacion-profesional-mecatronica-industrial\/formacion-dual-regimen-alternancia\">DUAL<\/a>, trabajar&nbsp;y estudiar?<\/strong><\/p>\n\n\n\n<p>Mientras he&nbsp;estudiado y trabajado no he sentido demasiada presi\u00f3n, pero en un futuro, si estudio un Grado y estoy trabajando, si creo que tendr\u00e9 que esforzarme bastante. Aun as\u00ed tengo muchas ganas y me gustar\u00eda seguir en la formaci\u00f3n <a href=\"https:\/\/www.mondragon.edu\/es\/formacion-profesional-diseno-fabricacion-mecanica\/formacion-dual-regimen-alternancia\">DUAL<\/a> en esta modalidad. Creo que es una muy buena opci\u00f3n.<\/p>\n\n\n\n<figure class=\"wp-block-image size-large\"><img src=\"https:\/\/live.staticflickr.com\/65535\/51202817675_9f88c2cc3c_o.jpg\" alt=\"\"\/><\/figure>\n","protected":false},"excerpt":{"rendered":"<p>Joselyn Ganchozo es de Aretxabaleta y es alumna de 2. curso de CFGS de Dise\u00f1o en Fabricaci\u00f3n Mec\u00e1nica de MGEP. Aqu\u00ed su testimonio: \u00bfPor qu\u00e9 elegiste este ciclo formativo? Termin\u00e9 el Bachiller y estaba perdida. La inform\u00e1tica me llamaba la atenci\u00f3n y empec\u00e9 con el Grado en Ingenier\u00eda Inform\u00e1tica en MU, pero me di cuenta de que no era lo m\u00edo y decid\u00ed hacer un ciclo. No quer\u00eda seguir la rama de la Inform\u00e1tica y como el bachiller que hice fue tecnol\u00f3gico, decid\u00ed hacer el ciclo formativo de grado superior en Dise\u00f1o. No pude acudir a la jornada de puertas abiertas, pero pude estar con Gorka Aretxaga, coordinador de ciclos formativos de grado superior y el me ayudo a decidirme por el Dise\u00f1o. \u00bfPor qu\u00e9 MGEP? Sobre todo por la cercan\u00eda, ya que Aretxabaleta est\u00e1 cerca. Tambi\u00e9n por la buena&#8230;<\/p>\n","protected":false},"author":289,"featured_media":-1,"comment_status":"open","ping_status":"open","sticky":false,"template":"","format":"standard","meta":[],"categories":[171,219,144,114],"tags":[],"amp_enabled":true,"_links":{"self":[{"href":"https:\/\/mukom.mondragon.edu\/mondragonfp\/wp-json\/wp\/v2\/posts\/4916"}],"collection":[{"href":"https:\/\/mukom.mondragon.edu\/mondragonfp\/wp-json\/wp\/v2\/posts"}],"about":[{"href":"https:\/\/mukom.mondragon.edu\/mondragonfp\/wp-json\/wp\/v2\/types\/post"}],"author":[{"embeddable":true,"href":"https:\/\/mukom.mondragon.edu\/mondragonfp\/wp-json\/wp\/v2\/users\/289"}],"replies":[{"embeddable":true,"href":"https:\/\/mukom.mondragon.edu\/mondragonfp\/wp-json\/wp\/v2\/comments?post=4916"}],"version-history":[{"count":17,"href":"https:\/\/mukom.mondragon.edu\/mondragonfp\/wp-json\/wp\/v2\/posts\/4916\/revisions"}],"predecessor-version":[{"id":6410,"href":"https:\/\/mukom.mondragon.edu\/mondragonfp\/wp-json\/wp\/v2\/posts\/4916\/revisions\/6410"}],"wp:featuredmedia":[{"embeddable":true,"href":"https:\/\/mukom.mondragon.edu\/mondragonfp\/wp-json\/"}],"wp:attachment":[{"href":"https:\/\/mukom.mondragon.edu\/mondragonfp\/wp-json\/wp\/v2\/media?parent=4916"}],"wp:term":[{"taxonomy":"category","embeddable":true,"href":"https:\/\/mukom.mondragon.edu\/mondragonfp\/wp-json\/wp\/v2\/categories?post=4916"},{"taxonomy":"post_tag","embeddable":true,"href":"https:\/\/mukom.mondragon.edu\/mondragonfp\/wp-json\/wp\/v2\/tags?post=4916"}],"curies":[{"name":"wp","href":"https:\/\/api.w.org\/{rel}","templated":true}]}}