{"id":5190,"date":"2021-10-08T16:39:09","date_gmt":"2021-10-08T14:39:09","guid":{"rendered":"http:\/\/mukom.mondragon.edu\/mondragonfp\/?p=5190"},"modified":"2023-02-27T09:58:21","modified_gmt":"2023-02-27T08:58:21","slug":"puesta-en-marcha-del-proceso-de-seleccion-de-becas-erasmus-para-alumns-de-ciclos-de-mgep","status":"publish","type":"post","link":"https:\/\/mukom.mondragon.edu\/mondragonfp\/es\/2021\/10\/08\/puesta-en-marcha-del-proceso-de-seleccion-de-becas-erasmus-para-alumns-de-ciclos-de-mgep\/","title":{"rendered":"Puesta en marcha del proceso de selecci\u00f3n de becas Erasmus+ para alumn@s de Ciclos de MGEP"},"content":{"rendered":"<p>El jueves, 7 de octubre, Manex Arrieta, Coordinador de Movilidad para <a href=\"https:\/\/www.mondragon.edu\/es\/ciclos-formativos-grado-superior\/oferta-formacion-profesional\">Ciclos de Grados Superior de Formaci\u00f3n Profesional<\/a> de <a href=\"https:\/\/www.mondragon.edu\/es\/ciclos-formativos-grado-superior\/oferta-formacion-profesional\">MGEP<\/a>, present\u00f3 online las posibilidades de obtener una de las becas de movilidad Erasmus+ para el curso 2021-2022.<\/p>\n<p>En la misma, se dieron a conocer las caracter\u00edsticas y condiciones del programa, as\u00ed como la manera en la que se desarrollar\u00e1 el proceso de selecci\u00f3n. Igualmente, los asistentes pudieron hacer preguntas en directo a Jorge Aznar, CEO de \u201cVen a Malta\u201d, la agencia colaboradora de <a href=\"https:\/\/www.mondragon.edu\/es\/ciclos-formativos-grado-superior\/oferta-formacion-profesional\">MGEP<\/a> en este pa\u00eds. Cuestiones planteadas por l@s alumn@s referentes a alojamiento, transporte, tipo de pr\u00e1cticas a realizar en destino, entre otras, fueron aclaradas por Jorge en directo.<\/p>\n<div><img loading=\"lazy\" class=\"alignnone size-medium\" src=\"https:\/\/live.staticflickr.com\/65535\/51564031277_811348df47_o.jpg\" width=\"1280\" height=\"720\" \/><\/div>\n<p>En virtud de esta posibilidad dirigida a l@s alumn@s de segundo curso, las 360 horas del m\u00f3dulo \u201cFormaci\u00f3n en Centros de Trabajo (FCT)\u201d se realizan en una empresa europea. Para ello, el\/la alumno\/a recibe a trav\u00e9s de esta beca una ayuda directa de alrededor de 1.000\u20ac.<\/p>\n<p>Esta beca supone una gran oportunidad para viajar a otro pa\u00eds europeo por 13 semanas, y las pr\u00e1cticas realizadas de esta manera conllevan la convalidaci\u00f3n del m\u00f3dulo \u201cFormaci\u00f3n en Centros de Trabajo (FCT)\u201d, y aprobar el curso.<br \/>\nSi a\u00fan han quedado dudas o preguntas, se puede escribir un mensaje a la direcci\u00f3n de correo electr\u00f3nico\u00a0\u00a0<a href=\"mailto:lh.erasmus@mondragon.edu\" target=\"_blank\" rel=\"noopener\">lh.erasmus@mondragon.edu<\/a>.<\/p>\n<p>En el blog y en la web de MGEP ten\u00e9is testimonios de experiencias Erasmus+ en a\u00f1os anteriores (ver pr\u00e1cticas en el extranjero en <a href=\"https:\/\/www.mondragon.edu\/es\/formacion-profesional-administracion-sistemas-informaticos-red\/practicas-extranjero\">ASIR<\/a>, <a href=\"https:\/\/www.mondragon.edu\/es\/formacion-profesional-automatizacion-robotica-industrial\/practicas-extranjero\">ARI-Automatizaci\u00f3n y Rob\u00f3tica<\/a>, <a href=\"https:\/\/www.mondragon.edu\/es\/formacion-profesional-diseno-fabricacion-mecanica\/practicas-extranjero\">Dise\u00f1o<\/a>, <a href=\"https:\/\/www.mondragon.edu\/es\/formacion-profesional-mecatronica-industrial\/practicas-extranjero\">Mecatr\u00f3nica<\/a>, y <a href=\"https:\/\/www.mondragon.edu\/es\/formacion-profesional-programacion-produccion-fabricacion-mecanica\/practicas-extranjero\">Programaci\u00f3n de la producci\u00f3n en fabricaci\u00f3n mec\u00e1nica<\/a>) , en todas las especialidades de los \u00a0<a href=\"https:\/\/www.mondragon.edu\/es\/ciclos-formativos-grado-superior\/oferta-formacion-profesional\">Ciclos de Grados Superior de Formaci\u00f3n Profesional<\/a>\u00a0de\u00a0<a href=\"https:\/\/www.mondragon.edu\/es\/ciclos-formativos-grado-superior\/oferta-formacion-profesional\">MGEP<\/a>.<\/p>\n","protected":false},"excerpt":{"rendered":"<p>El jueves, 7 de octubre, Manex Arrieta, Coordinador de Movilidad para Ciclos de Grados Superior de Formaci\u00f3n Profesional de MGEP, present\u00f3 online las posibilidades de obtener una de las becas de movilidad Erasmus+ para el curso 2021-2022. En la misma, se dieron a conocer las caracter\u00edsticas y condiciones del programa, as\u00ed como la manera en la que se desarrollar\u00e1 el proceso de selecci\u00f3n. Igualmente, los asistentes pudieron hacer preguntas en directo a Jorge Aznar, CEO de \u201cVen a Malta\u201d, la agencia colaboradora de MGEP en este pa\u00eds. Cuestiones planteadas por l@s alumn@s referentes a alojamiento, transporte, tipo de pr\u00e1cticas a realizar en destino, entre otras, fueron aclaradas por Jorge en directo. En virtud de esta posibilidad dirigida a l@s alumn@s de segundo curso, las 360 horas del m\u00f3dulo \u201cFormaci\u00f3n en Centros de Trabajo (FCT)\u201d se realizan en una empresa europea&#8230;.<\/p>\n","protected":false},"author":289,"featured_media":-1,"comment_status":"open","ping_status":"open","sticky":false,"template":"","format":"standard","meta":[],"categories":[142,171,219,223,114,169,205],"tags":[],"amp_enabled":true,"_links":{"self":[{"href":"https:\/\/mukom.mondragon.edu\/mondragonfp\/wp-json\/wp\/v2\/posts\/5190"}],"collection":[{"href":"https:\/\/mukom.mondragon.edu\/mondragonfp\/wp-json\/wp\/v2\/posts"}],"about":[{"href":"https:\/\/mukom.mondragon.edu\/mondragonfp\/wp-json\/wp\/v2\/types\/post"}],"author":[{"embeddable":true,"href":"https:\/\/mukom.mondragon.edu\/mondragonfp\/wp-json\/wp\/v2\/users\/289"}],"replies":[{"embeddable":true,"href":"https:\/\/mukom.mondragon.edu\/mondragonfp\/wp-json\/wp\/v2\/comments?post=5190"}],"version-history":[{"count":9,"href":"https:\/\/mukom.mondragon.edu\/mondragonfp\/wp-json\/wp\/v2\/posts\/5190\/revisions"}],"predecessor-version":[{"id":6616,"href":"https:\/\/mukom.mondragon.edu\/mondragonfp\/wp-json\/wp\/v2\/posts\/5190\/revisions\/6616"}],"wp:featuredmedia":[{"embeddable":true,"href":"https:\/\/mukom.mondragon.edu\/mondragonfp\/wp-json\/"}],"wp:attachment":[{"href":"https:\/\/mukom.mondragon.edu\/mondragonfp\/wp-json\/wp\/v2\/media?parent=5190"}],"wp:term":[{"taxonomy":"category","embeddable":true,"href":"https:\/\/mukom.mondragon.edu\/mondragonfp\/wp-json\/wp\/v2\/categories?post=5190"},{"taxonomy":"post_tag","embeddable":true,"href":"https:\/\/mukom.mondragon.edu\/mondragonfp\/wp-json\/wp\/v2\/tags?post=5190"}],"curies":[{"name":"wp","href":"https:\/\/api.w.org\/{rel}","templated":true}]}}