{"id":5256,"date":"2021-12-10T15:35:58","date_gmt":"2021-12-10T14:35:58","guid":{"rendered":"http:\/\/mukom.mondragon.edu\/mondragonfp\/?p=5256"},"modified":"2023-03-06T10:18:43","modified_gmt":"2023-03-06T09:18:43","slug":"mgep-fp-participara-en-la-experiencia-piloto-2021-22-en-formacion-dual-de-la-formacion-profesional","status":"publish","type":"post","link":"https:\/\/mukom.mondragon.edu\/mondragonfp\/es\/2021\/12\/10\/mgep-fp-participara-en-la-experiencia-piloto-2021-22-en-formacion-dual-de-la-formacion-profesional\/","title":{"rendered":"MGEP FP participar\u00e1 en la experiencia piloto 2021-22 en formaci\u00f3n DUAL de la Formaci\u00f3n Profesional"},"content":{"rendered":"<p>Nicol\u00e1s Sagarzazu, director de Planificaci\u00f3n y organizaci\u00f3n en Educaci\u00f3n, Gobierno Vasco, present\u00f3 el 5 de noviembre de 2021, el arranque de la <strong>experiencia piloto para el curso 2021-22 en formaci\u00f3n DUAL de la Formaci\u00f3n Profesional<\/strong>.<\/p>\n<div><img loading=\"lazy\" class=\"alignnone size-medium\" src=\"https:\/\/live.staticflickr.com\/65535\/51679598386_40f36747ec_b.jpg\" width=\"1024\" height=\"586\" \/><\/div>\n<p>Varios centros integrado de FP del Gobierno Vasco (p\u00fablicos y concertados) se sumar\u00e1n a la iniciativa. Entre ellos, <a href=\"https:\/\/www.mondragon.edu\/es\/ciclos-formativos-grado-superior\/oferta-formacion-profesional\">Mondragon Goi eskola Politeknikoa,<\/a> que lo har\u00e1 con toda la <a href=\"https:\/\/www.mondragon.edu\/es\/ciclos-formativos-grado-superior\/oferta-formacion-profesional\">oferta de t\u00edtulos de Formaci\u00f3n Profesional de grado superior<\/a>., es decir, los t\u00edtulos de <a href=\"https:\/\/www.mondragon.edu\/es\/formacion-profesional-automatizacion-robotica-industrial\">Automatizaci\u00f3n y rob\u00f3tica industrial<\/a>, <a href=\"https:\/\/www.mondragon.edu\/es\/formacion-profesional-administracion-sistemas-informaticos-red\">ASIR<\/a> o <a href=\"https:\/\/www.mondragon.edu\/es\/formacion-profesional-administracion-sistemas-informaticos-red\">Administraci\u00f3n de sistemas inform\u00e1ticos en red<\/a>, <a href=\"https:\/\/www.mondragon.edu\/es\/formacion-profesional-diseno-fabricacion-mecanica\">Dise\u00f1o en fabricaci\u00f3n mec\u00e1nica<\/a>,\u00a0 <a href=\"https:\/\/www.mondragon.edu\/es\/formacion-profesional-programacion-produccion-fabricacion-mecanica\">Programaci\u00f3n de la producci\u00f3n en fabricaci\u00f3n mec\u00e1nica <\/a>y <a href=\"https:\/\/www.mondragon.edu\/es\/formacion-profesional-mecatronica-industrial\">Mecatr\u00f3nica industrial.<\/a><\/p>\n<p>Adem\u00e1s de las pr\u00e1cticas de Formaci\u00f3n en Centro de Trabajo (<strong>FCT<\/strong>)<strong> 2022<\/strong> [entre el 10 de marzo\u00a0 y 31 de mayo de 2022 a 35 horas\/semana]\u00a0 para los alumnos de 2\u00ba curso que no cursan la <strong>DUAL 2021-2022<\/strong> y no han optado a <strong>ERASMUS+ 2022\u00a0<\/strong> este curso se ofertar\u00e1n Las pr\u00e1cticas <strong>DUAL General 2022<\/strong> para todos los alumnos de 1\u00ba [2 d\u00edas\/semana entre el 1 de abril\u00a0 y 31 de mayo de 2022] con opci\u00f3n a continuar en <strong>DUAL Avanzada 2022-2023.<\/strong> tal y como se indica en la siguiente figura.<\/p>\n<div><img loading=\"lazy\" class=\"alignnone size-medium\" src=\"https:\/\/live.staticflickr.com\/65535\/51681299178_4fed5e8658_b.jpg\" width=\"1024\" height=\"709\" \/><\/div>\n<div><\/div>\n<div>Nicol\u00e1s Sagarzazu, director\u00a0\u00a0de Planificaci\u00f3n y organizaci\u00f3n en el Gobierno Vasco, que\u00a0 le corresponde dirigir la educaci\u00f3n, tanto no universitaria como universitaria,\u00a0 la regulaci\u00f3n de la ense\u00f1anza p\u00fablica y privada, adem\u00e1s de la concertaci\u00f3n con los centros privado, se encarga de la planificaci\u00f3n estrat\u00e9gica, el dise\u00f1o y las directrices de toda la formaci\u00f3n profesional en su conjunto.\u00a0 \u00a0En la presentaci\u00f3n ha subrayado la firme apuesta del Gobierno Vasco por las pr\u00e1cticas DUALes y ha enumerado las razones que les ha impulsado a poner en marcha esta iniciativa piloto:\u00a0 no s\u00f3lo la previsible aparici\u00f3n de un nuevo decreto que regule las pr\u00e1cticas de FP, las DUALes, sino que adem\u00e1s, los resultados de diferentes investigaciones en torno a los mejores resultados de inserci\u00f3n en el mercado laboral de las y los alumnos DUALes, mejor alineamiento para con la titulaci\u00f3n cursada, adem\u00e1s de mejores salarios\u00a0y otras caracter\u00edsticas analizadas.<\/div>\n<div><\/div>\n<div><img loading=\"lazy\" class=\"alignnone size-medium\" src=\"https:\/\/live.staticflickr.com\/65535\/51680272069_e39dccba47_b.jpg\" width=\"1024\" height=\"526\" \/><\/div>\n<p>Las empresas interesadas \u00a0pueden consultar\u00a0 a trav\u00e9s de este punto de contacto:\u00a0 Tel.+(34) 600043208 \/ +(34) 943794700 + Ext. 6189<br \/>\n<a href=\"http:\/\/www.mondragon.edu\/\">www.mondragon.edu<\/a>\u00a0\/\u00a0<a href=\"mailto:glarranaga@mondragon.edu\">glarranaga@mondragon.edu<\/a>,\u00a0 \u00a0o directamente hacer las solicitudes a trav\u00e9s de estos formularios:<\/p>\n<table style=\"font-weight: 400;height: 154px\" width=\"672\">\n<tbody>\n<tr>\n<td width=\"285\"><strong>Formaci\u00f3n en Centro de Trabajo (FCT) &#8211; 2\u00bacurso<\/strong><\/td>\n<td width=\"285\"><strong>DUAL General\u00a0 -1\u00ba curso<\/strong><\/td>\n<\/tr>\n<tr>\n<td width=\"285\"><a href=\"https:\/\/forms.gle\/375yEcka94SRGBAC7\">Formulario de Solicitud<\/a><\/td>\n<td width=\"285\"><a href=\"https:\/\/forms.gle\/So9RrPUBZCop4j6o9\">Formulario de Solicitud<\/a><\/td>\n<\/tr>\n<\/tbody>\n<\/table>\n<p style=\"font-weight: 400\">\n","protected":false},"excerpt":{"rendered":"<p>Nicol\u00e1s Sagarzazu, director de Planificaci\u00f3n y organizaci\u00f3n en Educaci\u00f3n, Gobierno Vasco, present\u00f3 el 5 de noviembre de 2021, el arranque de la experiencia piloto para el curso 2021-22 en formaci\u00f3n DUAL de la Formaci\u00f3n Profesional. Varios centros integrado de FP del Gobierno Vasco (p\u00fablicos y concertados) se sumar\u00e1n a la iniciativa. Entre ellos, Mondragon Goi eskola Politeknikoa, que lo har\u00e1 con toda la oferta de t\u00edtulos de Formaci\u00f3n Profesional de grado superior., es decir, los t\u00edtulos de Automatizaci\u00f3n y rob\u00f3tica industrial, ASIR o Administraci\u00f3n de sistemas inform\u00e1ticos en red, Dise\u00f1o en fabricaci\u00f3n mec\u00e1nica,\u00a0 Programaci\u00f3n de la producci\u00f3n en fabricaci\u00f3n mec\u00e1nica y Mecatr\u00f3nica industrial. Adem\u00e1s de las pr\u00e1cticas de Formaci\u00f3n en Centro de Trabajo (FCT) 2022 [entre el 10 de marzo\u00a0 y 31 de mayo de 2022 a 35 horas\/semana]\u00a0 para los alumnos de 2\u00ba curso que no cursan la DUAL&#8230;<\/p>\n","protected":false},"author":141,"featured_media":-1,"comment_status":"open","ping_status":"open","sticky":false,"template":"","format":"standard","meta":[],"categories":[171,144],"tags":[],"amp_enabled":true,"_links":{"self":[{"href":"https:\/\/mukom.mondragon.edu\/mondragonfp\/wp-json\/wp\/v2\/posts\/5256"}],"collection":[{"href":"https:\/\/mukom.mondragon.edu\/mondragonfp\/wp-json\/wp\/v2\/posts"}],"about":[{"href":"https:\/\/mukom.mondragon.edu\/mondragonfp\/wp-json\/wp\/v2\/types\/post"}],"author":[{"embeddable":true,"href":"https:\/\/mukom.mondragon.edu\/mondragonfp\/wp-json\/wp\/v2\/users\/141"}],"replies":[{"embeddable":true,"href":"https:\/\/mukom.mondragon.edu\/mondragonfp\/wp-json\/wp\/v2\/comments?post=5256"}],"version-history":[{"count":9,"href":"https:\/\/mukom.mondragon.edu\/mondragonfp\/wp-json\/wp\/v2\/posts\/5256\/revisions"}],"predecessor-version":[{"id":6665,"href":"https:\/\/mukom.mondragon.edu\/mondragonfp\/wp-json\/wp\/v2\/posts\/5256\/revisions\/6665"}],"wp:featuredmedia":[{"embeddable":true,"href":"https:\/\/mukom.mondragon.edu\/mondragonfp\/wp-json\/"}],"wp:attachment":[{"href":"https:\/\/mukom.mondragon.edu\/mondragonfp\/wp-json\/wp\/v2\/media?parent=5256"}],"wp:term":[{"taxonomy":"category","embeddable":true,"href":"https:\/\/mukom.mondragon.edu\/mondragonfp\/wp-json\/wp\/v2\/categories?post=5256"},{"taxonomy":"post_tag","embeddable":true,"href":"https:\/\/mukom.mondragon.edu\/mondragonfp\/wp-json\/wp\/v2\/tags?post=5256"}],"curies":[{"name":"wp","href":"https:\/\/api.w.org\/{rel}","templated":true}]}}