{"id":5354,"date":"2022-02-01T16:35:03","date_gmt":"2022-02-01T15:35:03","guid":{"rendered":"http:\/\/mukom.mondragon.edu\/mondragonfp\/?p=5354"},"modified":"2022-02-10T16:15:22","modified_gmt":"2022-02-10T15:15:22","slug":"hetel-empleabilidad-de-los-ciclos-de-grado-superior-de-fp-del-757-6-meses-tras-graduacion","status":"publish","type":"post","link":"https:\/\/mukom.mondragon.edu\/mondragonfp\/es\/2022\/02\/01\/hetel-empleabilidad-de-los-ciclos-de-grado-superior-de-fp-del-757-6-meses-tras-graduacion\/","title":{"rendered":"HETEL: empleabilidad de los Ciclos de grado superior de FP del 75,7%  6 meses tras graduaci\u00f3n"},"content":{"rendered":"<p>HETEL presenta en una rueda de prensa los resultados del informe\u00a0<strong>&#8220;Situaci\u00f3n laboral en los ciclos formativos de los centros HETEL 2020-2021&#8221;<\/strong>, estudio realizado por la asociaci\u00f3n con informaci\u00f3n de 25 de sus centros de Euskadi (9 de Gipuzkoa , entre ellos <strong><a href=\"https:\/\/www.mondragon.edu\/es\/ciclos-formativos-grado-superior\/oferta-formacion-profesional\">Mondragon Goi Eskola Politeknikoa<\/a><\/strong>,\u00a01 de \u00c1lava y\u00a0\u00a015\u00a0 de Bizkaia) que abarcan 19 familias profesionales.<\/p>\n<h2>Empleabilidad<\/h2>\n<p>La inserci\u00f3n laboral del alumnado que ha cursado FP en la modalidad Dual, alcanza el 75,5% de empleo al cabo de 6 meses, es decir, se produce un incremento general de un 3% respecto de la inserci\u00f3n laboral del alumnado de Formaci\u00f3n Profesional desarrollado mediante el sistema tradicional.<\/p>\n<p>Hace un a\u00f1o, en plena pandemia, HETEL (la Asociaci\u00f3n de Centros Abantean de Formaci\u00f3n Profesional de Euskadi) presentaba su Informe Anual de Empleabilidad, que arrojaba un dato muy positivo para la Formaci\u00f3n Profesional Vasca dada la situaci\u00f3n pand\u00e9mica el <strong>66% de su alumnado consegu\u00eda empleo seis meses despu\u00e9s de concluir sus estudios.<\/strong> El nuevo Informe Anual de HETEL arroja unas cifras a\u00fan mejores, ya que el porcentaje de empleabilidad, a pesar de la incertidumbre actual, <strong>alcanza el 72,5%,<\/strong> seis puntos por encima del arrojado el curso anterior, y <strong>75,7%, <\/strong>m\u00e1s a\u00fan cuando se trata del Grado Superior, nivel que ofrece MGEP.<\/p>\n<h2>Modalidad Dual y empleo encajado<\/h2>\n<p>Adem\u00e1s de la alta empleabilidad de los Grados Superiores de Formaci\u00f3n Profesional, el valor medio entre los estudios realizados y el trabajo desempe\u00f1ado, es decir, el empleo encajado- es del <strong>77%<\/strong><\/p>\n<p>El informe ha tenido mucho eco.\u00a0 Esta es una muestra de\u00a0 las noticias publicadas en los diferentes medios:<\/p>\n<p style=\"font-weight: 400\">El Correo:\u00a0<a href=\"https:\/\/www.elcorreo.com\/sociedad\/educacion\/alumnos-encuentran-trabajo-20220131123144-nt.html\">El 72,5% de los alumnos vascos de FP tienen trabajo al de seis meses de finalizar los estudios | El Correo<\/a><\/p>\n<p style=\"font-weight: 400\">Diario Vasco:\u00a0<a href=\"https:\/\/www.diariovasco.com\/sociedad\/educacion\/siete-diez-estudiantes-20220131125456-nt.html\">Siete de cada diez estudiantes vascos de FP consiguen trabajo a los seis meses de terminar sus estudios | El Diario Vasco<\/a><\/p>\n<p style=\"font-weight: 400\">OndaVasca:\u00a0<a href=\"https:\/\/www.ondavasca.com\/siete-de-cada-diez-estudiantes-vascos-de-fp-encuentran-trabajo-en-menos-de-seis-meses\/\">Siete de cada diez estudiantes vascos de FP encuentran trabajo en menos de seis meses &#8211; Onda Vasca<\/a><\/p>\n<p style=\"font-weight: 400\">Deia:\u00a0<a href=\"https:\/\/www.deia.eus\/actualidad\/sociedad\/2022\/02\/01\/siete-diez-estudiantes-vascos-fp\/1187369.html\">Siete de cada diez estudiantes vascos de FP encuentran trabajo en menos de seis meses &#8211; Deia<\/a><\/p>\n<p style=\"font-weight: 400\">Eitb:\u00a0<a href=\"https:\/\/www.eitb.eus\/es\/noticias\/economia\/videos\/detalle\/8620231\/video-el-72-5-de-alumnos-de-fp-encontraron-trabajo-pasado-ano\/\">V\u00eddeo: El 72,5 % de los alumnos de FP encontraron trabajo el pasado a\u00f1o (eitb.eus)<\/a><\/p>\n<p style=\"font-weight: 400\">Onda Cero:\u00a0<a href=\"https:\/\/www.ondacero.es\/emisoras\/pais-vasco\/audios-podcast\/bizkaia-mas-de-uno\/julen-elgueta-insercion-laboral-alumnos-situa-725_2022013161f7ec24f6a5490001d631d2.html\">Julen Elgueta: &#8220;la inserci\u00f3n laboral de los alumnos se sit\u00faa en el 72,5%&#8221; | Onda Cero Radio<\/a><\/p>\n<p style=\"font-weight: 400\">Magisnet:\u00a0<a href=\"https:\/\/www.magisnet.com\/2022\/01\/suben-hasta-el-72-los-alumnos-de-fp-vascos-con-empleo-seis-meses-despues-de-graduarse\/\">Suben hasta el 72% los alumnos de FP vascos con empleo seis meses despu\u00e9s de graduarse &#8211; Magisnet<\/a><\/p>\n<p style=\"font-weight: 400\">Europa Press:\u00a0<a href=\"https:\/\/www.europapress.es\/euskadi\/noticia-empleabilidad-titulados-hetel-curso-2020-21-eleva-725-seis-meses-despues-acabar-estudios-20220131133221.html\">La empleabilidad de titulados de Hetel en el curso 2020\/21 se eleva al 72,5% seis meses despu\u00e9s de acabar los estudios (europapress.es)<\/a><\/p>\n<p style=\"font-weight: 400\">Noticias de Gipuzkoa:\u00a0<a href=\"https:\/\/www.noticiasdegipuzkoa.eus\/actualidad\/sociedad\/2022\/02\/01\/siete-diez-estudiantes-vascos-fp\/1180163.html\">Siete de cada diez estudiantes vascos de FP encuentran trabajo en menos de seis meses &#8211; Noticias de Gipuzkoa<\/a><\/p>\n<p style=\"font-weight: 400\">El Economista:\u00a0<a href=\"https:\/\/www.eleconomista.es\/ecoaula\/noticias\/11592882\/01\/22\/HETEL-publica-su-Informe-Anual-sobre-la-Empleabilidad-de-los-titulados-as-del-curso-2020-2021-con-una-insercion-del-725.html\">HETEL publica su Informe Anual sobre la Empleabilidad de los titulados\/as del curso 2020\/2021, con una inserci\u00f3n del 72,5% (eleconomista.es)<\/a><\/p>\n<p style=\"font-weight: 400\">Radio Nervi\u00f3n:\u00a0<a href=\"https:\/\/www.radionervion.com\/2022\/01\/31\/3-da-cada-4-alumnos-vascos-de-fp-encuentran-trabajo\/\">3 da cada 4 alumnos vascos de FP encuentran trabajo &#8211; Radio Nervi\u00f3n (radionervion.com)<\/a><\/p>\n","protected":false},"excerpt":{"rendered":"<p>HETEL presenta en una rueda de prensa los resultados del informe\u00a0&#8220;Situaci\u00f3n laboral en los ciclos formativos de los centros HETEL 2020-2021&#8221;, estudio realizado por la asociaci\u00f3n con informaci\u00f3n de 25 de sus centros de Euskadi (9 de Gipuzkoa , entre ellos Mondragon Goi Eskola Politeknikoa,\u00a01 de \u00c1lava y\u00a0\u00a015\u00a0 de Bizkaia) que abarcan 19 familias profesionales. Empleabilidad La inserci\u00f3n laboral del alumnado que ha cursado FP en la modalidad Dual, alcanza el 75,5% de empleo al cabo de 6 meses, es decir, se produce un incremento general de un 3% respecto de la inserci\u00f3n laboral del alumnado de Formaci\u00f3n Profesional desarrollado mediante el sistema tradicional. Hace un a\u00f1o, en plena pandemia, HETEL (la Asociaci\u00f3n de Centros Abantean de Formaci\u00f3n Profesional de Euskadi) presentaba su Informe Anual de Empleabilidad, que arrojaba un dato muy positivo para la Formaci\u00f3n Profesional Vasca dada la&#8230;<\/p>\n","protected":false},"author":141,"featured_media":-1,"comment_status":"open","ping_status":"open","sticky":false,"template":"","format":"standard","meta":[],"categories":[177,144,114],"tags":[],"amp_enabled":true,"_links":{"self":[{"href":"https:\/\/mukom.mondragon.edu\/mondragonfp\/wp-json\/wp\/v2\/posts\/5354"}],"collection":[{"href":"https:\/\/mukom.mondragon.edu\/mondragonfp\/wp-json\/wp\/v2\/posts"}],"about":[{"href":"https:\/\/mukom.mondragon.edu\/mondragonfp\/wp-json\/wp\/v2\/types\/post"}],"author":[{"embeddable":true,"href":"https:\/\/mukom.mondragon.edu\/mondragonfp\/wp-json\/wp\/v2\/users\/141"}],"replies":[{"embeddable":true,"href":"https:\/\/mukom.mondragon.edu\/mondragonfp\/wp-json\/wp\/v2\/comments?post=5354"}],"version-history":[{"count":6,"href":"https:\/\/mukom.mondragon.edu\/mondragonfp\/wp-json\/wp\/v2\/posts\/5354\/revisions"}],"predecessor-version":[{"id":5388,"href":"https:\/\/mukom.mondragon.edu\/mondragonfp\/wp-json\/wp\/v2\/posts\/5354\/revisions\/5388"}],"wp:featuredmedia":[{"embeddable":true,"href":"https:\/\/mukom.mondragon.edu\/mondragonfp\/wp-json\/"}],"wp:attachment":[{"href":"https:\/\/mukom.mondragon.edu\/mondragonfp\/wp-json\/wp\/v2\/media?parent=5354"}],"wp:term":[{"taxonomy":"category","embeddable":true,"href":"https:\/\/mukom.mondragon.edu\/mondragonfp\/wp-json\/wp\/v2\/categories?post=5354"},{"taxonomy":"post_tag","embeddable":true,"href":"https:\/\/mukom.mondragon.edu\/mondragonfp\/wp-json\/wp\/v2\/tags?post=5354"}],"curies":[{"name":"wp","href":"https:\/\/api.w.org\/{rel}","templated":true}]}}