{"id":595,"date":"2018-03-14T12:25:51","date_gmt":"2018-03-14T11:25:51","guid":{"rendered":"http:\/\/mukom.mondragon.edu\/mondragonfp\/?p=595"},"modified":"2023-03-14T14:10:35","modified_gmt":"2023-03-14T13:10:35","slug":"testimonio-de-un-alumno-de-ciclo-formativo-dual-de-informatica","status":"publish","type":"post","link":"https:\/\/mukom.mondragon.edu\/mondragonfp\/es\/2018\/03\/14\/testimonio-de-un-alumno-de-ciclo-formativo-dual-de-informatica\/","title":{"rendered":"Testimonio de un alumno de Ciclo formativo DUAL de Inform\u00e1tica"},"content":{"rendered":"<p style=\"text-align: justify\">Christian Hern\u00e1ndez\u00a0 es un alumno de 2. Curso de la <a href=\"https:\/\/www.mondragon.edu\/es\/escuela-politecnica-superior\">Escuela Polit\u00e9cnica Superior de Mondragon .<\/a> Ha estudiado el ciclo formativo de <a href=\"https:\/\/www.mondragon.edu\/es\/formacion-profesional-administracion-sistemas-informaticos-red\">Administraci\u00f3n de Sistemas Inform\u00e1ticos en Red<\/a> en MGEP.\u00a0 Hemos querido que comparta con nosotros su experiencia:<\/p>\n<div style=\"text-align: center\"><img loading=\"lazy\" class=\"alignnone size-medium\" src=\"http:\/\/live.staticflickr.com\/4771\/38992827390_c6fe56f746_b.jpg\" width=\"1024\" height=\"681\" \/><\/div>\n<p style=\"text-align: justify\"><strong>1.\u00a0 \u00a0 \u00a0 \u00a0 \u00bfPor qu\u00e9 elegiste el ciclo formativo de <a href=\"https:\/\/www.mondragon.edu\/es\/formacion-profesional-administracion-sistemas-informaticos-red\">Administraci\u00f3n de Sistemas Inform\u00e1ticos en Red<\/a>? \u00bfY por qu\u00e9 en la <a href=\"https:\/\/www.mondragon.edu\/es\/escuela-politecnica-superior\">Escuela Polit\u00e9cnica Superior de Mondragon<\/a>?<\/strong><\/p>\n<p style=\"text-align: justify\">Despu\u00e9s de haber estudiado en Ermua durante 3 a\u00f1os decid\u00ed buscar un <a href=\"https:\/\/www.mondragon.edu\/es\/ciclos-formativos-grado-superior\/oferta-formacion-profesional\">grado superior<\/a> que me quedara m\u00e1s cerca de casa que estuviera relacionado con la <a href=\"https:\/\/www.mondragon.edu\/es\/formacion-profesional-administracion-sistemas-informaticos-red\">Inform\u00e1tica<\/a>. Adem\u00e1s, alumnos que hab\u00edan estudiado aqu\u00ed anteriormente, me lo hab\u00edan recomendado. En mi caso como soy de Arrasate, me vino como anillo al dedo.<\/p>\n<p style=\"text-align: justify\"><strong>2.\u00a0 \u00a0 \u00a0 \u00a0 En este ciclo formativo, hab\u00e9is trabajado con la metodolog\u00eda <a href=\"https:\/\/ethazi.tknika.eus\/es\/\">ETHAZI<\/a>, trabajar en funciones profesionales realizando desaf\u00edos en equipo. \u00bfQu\u00e9 tipo de desaf\u00edos hab\u00e9is realizado?<\/strong><\/p>\n<p style=\"text-align: justify\">Aplicando &#8220;<a href=\"https:\/\/www.mondragon.edu\/es\/formacion-profesional-administracion-sistemas-informaticos-red\/aprender-haciendo\">Aprender haciendo<\/a>&#8221; \u00a0realizamos retos de cara a simular situaciones o problemas en un entorno de trabajo profesional, por ejemplo en el \u00faltimo reto hemos implementado una soluci\u00f3n que requer\u00eda trabajar con redes inform\u00e1ticas, bases de datos y seguridad inform\u00e1tica, interrelacionando los conocimientos adquiridos en varias de las asignaturas. En concreto, se nos presentaba una situaci\u00f3n de un cliente, el cual quer\u00eda implementar un sistema inform\u00e1tico partiendo de cero para dar soporte tanto a sus propios usuarios desarrollando una aplicaci\u00f3n propia para gestionar las incidencias \u00a0como a usuarios externos accediendo al servidor web de la empresa el cual ten\u00eda que estar en una zona segura ( DMZ). Adem\u00e1s, ten\u00edamos que instalar y configurar una VPN para el acceso \u00a0de los usuarios internos a recursos internos cuando no se encuentran en la empresa. Todo ello con servidores virtualizados. Una situaci\u00f3n muy real que podemos encontrar en cualquier empresa.En bases de datos por ejemplo hemos trabajado con postgreSQL y mySQL, realizando la migraci\u00f3n de datos de uno a otra.<\/p>\n<p style=\"text-align: justify\"><strong>3.\u00a0 \u00a0 \u00a0 \u00a0 \u00bfC\u00f3mo valorar\u00edas esta experiencia?<\/strong><\/p>\n<p style=\"text-align: justify\">Personalmente valoro la forma en que se imparten las clases, pr\u00e1cticas y cercanas a lo que haremos en la empresa, para nada te\u00f3ricas\u00a0 y mon\u00f3tonas, que era lo que yo asociaba a &#8220;ir a clase&#8221;. Y tambi\u00e9n me ha gustado mucho la oportunidad de la\u00a0 formaci\u00f3n <a href=\"https:\/\/www.mondragon.edu\/es\/formacion-profesional-administracion-sistemas-informaticos-red\/formacion-dual-regimen-alternancia\">DUAL<\/a>, en mi caso, en la empresa <a href=\"http:\/\/www.athlon.eus\/es\/\">ATHLON<\/a>. Me est\u00e1 tocando poner en pr\u00e1ctica mucho de lo trabajado en clase. Por ejemplo he hecho algunas intervenciones en el dise\u00f1o y desarrollo de la p\u00e1gina web (html, css, js, php y bootstrap), he trabajado en el mantenimiento y mejora de rendimiento de varios equipos inform\u00e1ticos, en la gesti\u00f3n de archivos y usuarios del servidor y he hecho tareas de mantenimiento de una aplicaci\u00f3n interna desarrollada en el Sistema gestor de bases de datos (SGBD) Access.<\/p>\n<p>&nbsp;<\/p>\n","protected":false},"excerpt":{"rendered":"<p>Christian Hern\u00e1ndez\u00a0 es un alumno de 2. Curso de la Escuela Polit\u00e9cnica Superior de Mondragon . Ha estudiado el ciclo formativo de Administraci\u00f3n de Sistemas Inform\u00e1ticos en Red en MGEP.\u00a0 Hemos querido que comparta con nosotros su experiencia: 1.\u00a0 \u00a0 \u00a0 \u00a0 \u00bfPor qu\u00e9 elegiste el ciclo formativo de Administraci\u00f3n de Sistemas Inform\u00e1ticos en Red? \u00bfY por qu\u00e9 en la Escuela Polit\u00e9cnica Superior de Mondragon? Despu\u00e9s de haber estudiado en Ermua durante 3 a\u00f1os decid\u00ed buscar un grado superior que me quedara m\u00e1s cerca de casa que estuviera relacionado con la Inform\u00e1tica. Adem\u00e1s, alumnos que hab\u00edan estudiado aqu\u00ed anteriormente, me lo hab\u00edan recomendado. En mi caso como soy de Arrasate, me vino como anillo al dedo. 2.\u00a0 \u00a0 \u00a0 \u00a0 En este ciclo formativo, hab\u00e9is trabajado con la metodolog\u00eda ETHAZI, trabajar en funciones profesionales realizando desaf\u00edos en equipo. \u00bfQu\u00e9 tipo&#8230;<\/p>\n","protected":false},"author":289,"featured_media":-1,"comment_status":"open","ping_status":"open","sticky":false,"template":"","format":"standard","meta":[],"categories":[142,144,114],"tags":[162],"amp_enabled":true,"_links":{"self":[{"href":"https:\/\/mukom.mondragon.edu\/mondragonfp\/wp-json\/wp\/v2\/posts\/595"}],"collection":[{"href":"https:\/\/mukom.mondragon.edu\/mondragonfp\/wp-json\/wp\/v2\/posts"}],"about":[{"href":"https:\/\/mukom.mondragon.edu\/mondragonfp\/wp-json\/wp\/v2\/types\/post"}],"author":[{"embeddable":true,"href":"https:\/\/mukom.mondragon.edu\/mondragonfp\/wp-json\/wp\/v2\/users\/289"}],"replies":[{"embeddable":true,"href":"https:\/\/mukom.mondragon.edu\/mondragonfp\/wp-json\/wp\/v2\/comments?post=595"}],"version-history":[{"count":20,"href":"https:\/\/mukom.mondragon.edu\/mondragonfp\/wp-json\/wp\/v2\/posts\/595\/revisions"}],"predecessor-version":[{"id":6789,"href":"https:\/\/mukom.mondragon.edu\/mondragonfp\/wp-json\/wp\/v2\/posts\/595\/revisions\/6789"}],"wp:featuredmedia":[{"embeddable":true,"href":"https:\/\/mukom.mondragon.edu\/mondragonfp\/wp-json\/"}],"wp:attachment":[{"href":"https:\/\/mukom.mondragon.edu\/mondragonfp\/wp-json\/wp\/v2\/media?parent=595"}],"wp:term":[{"taxonomy":"category","embeddable":true,"href":"https:\/\/mukom.mondragon.edu\/mondragonfp\/wp-json\/wp\/v2\/categories?post=595"},{"taxonomy":"post_tag","embeddable":true,"href":"https:\/\/mukom.mondragon.edu\/mondragonfp\/wp-json\/wp\/v2\/tags?post=595"}],"curies":[{"name":"wp","href":"https:\/\/api.w.org\/{rel}","templated":true}]}}